{"id":8509,"date":"2020-11-04T18:28:59","date_gmt":"2020-11-04T15:28:59","guid":{"rendered":"http:\/\/mersinekonomipolitikagazetesi.com\/?p=8509"},"modified":"2020-11-04T18:28:59","modified_gmt":"2020-11-04T15:28:59","slug":"once-cukurova-havalimani-bitseydi","status":"publish","type":"post","link":"https:\/\/akdenizolaygazetesi.com\/?p=8509","title":{"rendered":"\u00d6NCE \u00c7UKUROVA HAVAL\u0130MANI B\u0130TSEYD\u0130!"},"content":{"rendered":"<p>Mersinliler, yeni m\u00fcjdelerden \u00e7ok daha \u00f6nce vadedilen \u00c7ukurova Havaliman\u0131\u2019n\u0131n bitirilmesini istedi.<\/p>\n<p>TBMM Plan ve B\u00fct\u00e7e Komisyonu Ba\u015fkan\u0131 ve Mersin Milletvekili L\u00fctfi Elvan, sosyal medya hesaplar\u0131ndan Mersin\u2019in ula\u015ft\u0131rma yat\u0131r\u0131mlar\u0131na ili\u015fkin yeni m\u00fcjdeleri payla\u015ft\u0131. Ak\u0131llara bir t\u00fcrl\u00fc bitmeyen y\u0131lan hikayesine d\u00f6nen \u00c7ukurova Havaliman\u0131 geldi! Vatanda\u015f, yap\u0131m\u0131 y\u0131lan hikayesine d\u00f6nen \u00c7ukurova Havaliman\u0131\u2019nin \u00f6ncelikle bitirilmesini istedi.<\/p>\n<p>Ula\u015ft\u0131rma ve Altyap\u0131 Bakan\u0131 Adil Karaismailo\u011flu ile Mersin\u2019in ula\u015f\u0131m yat\u0131r\u0131mlar\u0131n\u0131 masaya yat\u0131rd\u0131klar\u0131n\u0131 belirten Elvan, \u201cUla\u015ft\u0131rma ve Altyap\u0131 Bakan\u0131m\u0131z Adil Karaismailo\u011flu ile Mersin yat\u0131r\u0131mlar\u0131n\u0131 ele ald\u0131\u011f\u0131m\u0131z verimli bir toplant\u0131 ger\u00e7ekle\u015ftirdik. Toplant\u0131da ilimizdeki t\u00fcm ula\u015ft\u0131rma yat\u0131r\u0131mlar\u0131n\u0131n daha da h\u0131zland\u0131r\u0131lmas\u0131 ve bir an \u00f6nce milletimizin hizmetine sunulmas\u0131 y\u00f6n\u00fcnde irade ortaya \u00e7\u0131kt\u0131. Bakan\u0131m\u0131za destekleri i\u00e7in te\u015fekk\u00fcr ediyorum. Mersin i\u00e7in yorulmadan \u00e7al\u0131\u015fmaya devam edece\u011fiz.\u201d a\u00e7\u0131klamas\u0131nda bulundu.\u00a0<\/p>\n<p>Elvan, Mersin\u2019in G\u00fcneydo\u011fu Anadolu ile ba\u011flant\u0131s\u0131n\u0131 g\u00fc\u00e7lendirecek olan h\u0131zl\u0131 tren hatt\u0131n\u0131n ihalesinin ger\u00e7ekle\u015fti\u011fini a\u00e7\u0131klad\u0131. Sosyal medya hesaplar\u0131ndan konuya ili\u015fkin payla\u015f\u0131m yapan Elvan, \u201c311 km uzunlu\u011fundaki Mersin-Adana-Gaziantep H\u0131zl\u0131 Tren Hatt\u0131\u2019n\u0131n ihalesi ger\u00e7ekle\u015fti. 6,8 Milyar TL tutar\u0131ndaki hat tamamland\u0131\u011f\u0131nda saatte 200 kilometre h\u0131zla Mersin\u2019den Gaziantep\u2019e ula\u015f\u0131m daha kolay ve konforlu olacak.<br \/>\nHay\u0131rl\u0131 olsun.\u201d ifadelerini kulland\u0131.<\/p>\n<p>Silifke-Mut Yolunda meydana gelen heyelan ile ilgili \u00e7al\u0131\u015fmalara da de\u011finen Elvan, \u201cSilifke-Mut Yolu&#8217;nda heyelan sebebiyle kapanan kesimin a\u00e7\u0131lmas\u0131 i\u00e7in var g\u00fcc\u00fcm\u00fczle \u00e7al\u0131\u015f\u0131yoruz. Vatanda\u015flar\u0131m\u0131z\u0131n can g\u00fcvenli\u011fi \u00f6n planda. Sn. Cumhurba\u015fkan\u0131m\u0131z acele kamula\u015ft\u0131rma karar\u0131n\u0131 onaylad\u0131, kendisine \u015f\u00fckranlar\u0131m\u0131z\u0131 sunuyoruz. Yol,en k\u0131sa s\u00fcrede a\u00e7\u0131larak hizmete sunulacak.\u201d diyerek konuyu yak\u0131ndan takip etti\u011fini vurgulad\u0131.<br \/>\n14 mahallenin ortak talebi olan Silifke-Mut Yolu ile Ek\u015filer aras\u0131ndaki yolun da asfaltland\u0131\u011f\u0131n\u0131 duyuran Elvan, \u201cMuhtarlar\u0131m\u0131z\u0131n taleplerinden biri olan Silifke-Mut Yolu ile Ek\u015filer Mahallesi aras\u0131nda bulunan ve 14 mahallemizi ilgilendiren 10 kilometrelik yolun asfaltlanmas\u0131 \u00e7al\u0131\u015fmas\u0131na ba\u015fland\u0131. \u0130n\u015fallah bu haftasonu tamamlanarak milletimizin hizmetine sunulacak. Hay\u0131rl\u0131 olsun.\u201d dedi. S\u00f6z konusu yolun Bay\u0131nd\u0131r,Karahac\u0131l\u0131,Keben, Sabak, Kepez, Orta\u00f6ren, G\u00fcnd\u00fczler, Karakaya, Yenisu, Karg\u0131cak, \u0130mambekirli, Evkaf\u00e7iftli\u011fi, Karakaya ve Ek\u015filer mahallelerini kapsad\u0131\u011f\u0131 belirtildi.\u00a0<\/p>\n","protected":false},"excerpt":{"rendered":"<p>Mersinliler, yeni m\u00fcjdelerden \u00e7ok daha \u00f6nce vadedilen \u00c7ukurova Havaliman\u0131\u2019n\u0131n bitirilmesini istedi. TBMM Plan ve B\u00fct\u00e7e Komisyonu Ba\u015fkan\u0131 ve Mersin Milletvekili L\u00fctfi Elvan, sosyal medya hesaplar\u0131ndan Mersin\u2019in ula\u015ft\u0131rma yat\u0131r\u0131mlar\u0131na ili\u015fkin yeni &hellip; <a href=\"https:\/\/akdenizolaygazetesi.com\/?p=8509\" class=\"more-link\">Devam\u0131n\u0131 Oku&#8230;<\/a><\/p>\n","protected":false},"author":1,"featured_media":0,"comment_status":"open","ping_status":"open","sticky":false,"template":"","format":"standard","meta":[],"categories":[],"tags":[],"_links":{"self":[{"href":"https:\/\/akdenizolaygazetesi.com\/index.php?rest_route=\/wp\/v2\/posts\/8509"}],"collection":[{"href":"https:\/\/akdenizolaygazetesi.com\/index.php?rest_route=\/wp\/v2\/posts"}],"about":[{"href":"https:\/\/akdenizolaygazetesi.com\/index.php?rest_route=\/wp\/v2\/types\/post"}],"author":[{"embeddable":true,"href":"https:\/\/akdenizolaygazetesi.com\/index.php?rest_route=\/wp\/v2\/users\/1"}],"replies":[{"embeddable":true,"href":"https:\/\/akdenizolaygazetesi.com\/index.php?rest_route=%2Fwp%2Fv2%2Fcomments&post=8509"}],"version-history":[{"count":0,"href":"https:\/\/akdenizolaygazetesi.com\/index.php?rest_route=\/wp\/v2\/posts\/8509\/revisions"}],"wp:attachment":[{"href":"https:\/\/akdenizolaygazetesi.com\/index.php?rest_route=%2Fwp%2Fv2%2Fmedia&parent=8509"}],"wp:term":[{"taxonomy":"category","embeddable":true,"href":"https:\/\/akdenizolaygazetesi.com\/index.php?rest_route=%2Fwp%2Fv2%2Fcategories&post=8509"},{"taxonomy":"post_tag","embeddable":true,"href":"https:\/\/akdenizolaygazetesi.com\/index.php?rest_route=%2Fwp%2Fv2%2Ftags&post=8509"}],"curies":[{"name":"wp","href":"https:\/\/api.w.org\/{rel}","templated":true}]}}