{"id":851,"date":"2020-11-04T18:21:28","date_gmt":"2020-11-04T15:21:28","guid":{"rendered":"http:\/\/mersinekonomipolitikagazetesi.com\/?p=851"},"modified":"2020-11-04T18:21:28","modified_gmt":"2020-11-04T15:21:28","slug":"turizm-haftasi","status":"publish","type":"post","link":"https:\/\/akdenizolaygazetesi.com\/?p=851","title":{"rendered":"Turizm Haftas\u0131"},"content":{"rendered":"<p>Mersin Valisi \u00d6zdemir \u00c7akacak, kentin turizm potansiyelinin olduk\u00e7a y\u00fcksek oldu\u011funu belirterek, devam eden yat\u0131r\u0131mlar\u0131n hayata ge\u00e7mesiyle bu potansiyelin daha da \u00fcst seviyelere \u00e7\u0131kaca\u011f\u0131n\u0131 s\u00f6yledi.<\/p>\n<p><span style=\"font-family: Tahoma, Arial, 'Times New Roman TUR', Verdana; font-size: 15px; background-color: rgb(255, 255, 255);\">\u0130l K\u00fclt\u00fcr ve Turizm M\u00fcd\u00fcr\u00fc Bahaettin Kabahasano\u011flu, Turizm Haftas\u0131 dolay\u0131s\u0131yla beraberindeki heyetle birlikte Mersin Valisi \u00d6zdemir \u00c7akacak&#8217;\u0131 ziyaret etti.<\/span><br style=\"font-family: Tahoma, Arial, 'Times New Roman TUR', Verdana; font-size: 15px; background-color: rgb(255, 255, 255);\" \/><br \/>\n<span style=\"font-family: Tahoma, Arial, 'Times New Roman TUR', Verdana; font-size: 15px; background-color: rgb(255, 255, 255);\">Vali \u00c7akacak, kabulde yapt\u0131\u011f\u0131 konu\u015fmada, bu y\u0131l 41\u2019incisi ger\u00e7ekle\u015ftirilen Turizm Haftas\u0131\u2019n\u0131n toplumda turizm bilincini geli\u015ftirmek, i\u00e7 turizmi canland\u0131rmak ve halk\u0131n turizm hareketine kat\u0131l\u0131m\u0131n\u0131 sa\u011flamak amac\u0131yla her y\u0131l \u00e7e\u015fitli etkinliklerle kutland\u0131\u011f\u0131n\u0131 s\u00f6yledi.<\/span><br style=\"font-family: Tahoma, Arial, 'Times New Roman TUR', Verdana; font-size: 15px; background-color: rgb(255, 255, 255);\" \/><br \/>\n<span style=\"font-family: Tahoma, Arial, 'Times New Roman TUR', Verdana; font-size: 15px; background-color: rgb(255, 255, 255);\">Konu\u015fmas\u0131nda, Mersin\u2019in y\u00fcksek turizm potansiyeline sahip g\u00fczide illerden biri oldu\u011funa dikkat \u00e7eken \u00c7akacak, \u00c7ukurova B\u00f6lgesel Havaliman\u0131 ve Akdeniz Sahilyolu Projesi ba\u015fta olmak \u00fczere devam eden yat\u0131r\u0131mlar\u0131n hayata ge\u00e7mesiyle birlikte bu potansiyelden daha da \u00fcst seviyelerde faydalan\u0131labilece\u011fini belirtti.<\/span><br style=\"font-family: Tahoma, Arial, 'Times New Roman TUR', Verdana; font-size: 15px; background-color: rgb(255, 255, 255);\" \/><br \/>\n<span style=\"font-family: Tahoma, Arial, 'Times New Roman TUR', Verdana; font-size: 15px; background-color: rgb(255, 255, 255);\">\u0130l K\u00fclt\u00fcr ve Turizm M\u00fcd\u00fcr\u00fc Kabahasano\u011flu ise Vali \u00c7akacak\u2019a, hafta boyunca yap\u0131lacak olan etkinlik ve faaliyetler hakk\u0131nda bilgi verdi.<\/span><\/p>\n","protected":false},"excerpt":{"rendered":"<p>Mersin Valisi \u00d6zdemir \u00c7akacak, kentin turizm potansiyelinin olduk\u00e7a y\u00fcksek oldu\u011funu belirterek, devam eden yat\u0131r\u0131mlar\u0131n hayata ge\u00e7mesiyle bu potansiyelin daha da \u00fcst seviyelere \u00e7\u0131kaca\u011f\u0131n\u0131 s\u00f6yledi. \u0130l K\u00fclt\u00fcr ve Turizm M\u00fcd\u00fcr\u00fc Bahaettin &hellip; <a href=\"https:\/\/akdenizolaygazetesi.com\/?p=851\" class=\"more-link\">Devam\u0131n\u0131 Oku&#8230;<\/a><\/p>\n","protected":false},"author":1,"featured_media":0,"comment_status":"open","ping_status":"open","sticky":false,"template":"","format":"standard","meta":[],"categories":[],"tags":[],"_links":{"self":[{"href":"https:\/\/akdenizolaygazetesi.com\/index.php?rest_route=\/wp\/v2\/posts\/851"}],"collection":[{"href":"https:\/\/akdenizolaygazetesi.com\/index.php?rest_route=\/wp\/v2\/posts"}],"about":[{"href":"https:\/\/akdenizolaygazetesi.com\/index.php?rest_route=\/wp\/v2\/types\/post"}],"author":[{"embeddable":true,"href":"https:\/\/akdenizolaygazetesi.com\/index.php?rest_route=\/wp\/v2\/users\/1"}],"replies":[{"embeddable":true,"href":"https:\/\/akdenizolaygazetesi.com\/index.php?rest_route=%2Fwp%2Fv2%2Fcomments&post=851"}],"version-history":[{"count":0,"href":"https:\/\/akdenizolaygazetesi.com\/index.php?rest_route=\/wp\/v2\/posts\/851\/revisions"}],"wp:attachment":[{"href":"https:\/\/akdenizolaygazetesi.com\/index.php?rest_route=%2Fwp%2Fv2%2Fmedia&parent=851"}],"wp:term":[{"taxonomy":"category","embeddable":true,"href":"https:\/\/akdenizolaygazetesi.com\/index.php?rest_route=%2Fwp%2Fv2%2Fcategories&post=851"},{"taxonomy":"post_tag","embeddable":true,"href":"https:\/\/akdenizolaygazetesi.com\/index.php?rest_route=%2Fwp%2Fv2%2Ftags&post=851"}],"curies":[{"name":"wp","href":"https:\/\/api.w.org\/{rel}","templated":true}]}}