{"id":8512,"date":"2020-11-04T18:28:59","date_gmt":"2020-11-04T15:28:59","guid":{"rendered":"http:\/\/mersinekonomipolitikagazetesi.com\/?p=8512"},"modified":"2020-11-04T18:28:59","modified_gmt":"2020-11-04T15:28:59","slug":"vali-su-tuiosb-arazisinde-inceleme-yapti","status":"publish","type":"post","link":"https:\/\/akdenizolaygazetesi.com\/?p=8512","title":{"rendered":"Vali Su, T\u00dc\u0130OSB arazisinde inceleme yapt\u0131"},"content":{"rendered":"<p><span style=\"line-height: 1.6em;\">Mersin-Tarsus Tar\u0131msal \u00dcr\u00fcn \u0130\u015fleme \u0130htisas Organize Sanayi B\u00f6lgesi (T\u00dc\u0130OSB) M\u00fcte\u015febbis Heyet Toplant\u0131s\u0131, Vali Ali \u0130hsan Su ba\u015fkanl\u0131\u011f\u0131nda yap\u0131ld\u0131. Su, toplant\u0131n\u0131n ard\u0131ndan T\u00dc\u0130OSB arazisinde incelemelerde bulundu.\u00a0<\/span><\/p>\n<p>Mersin Valili\u011finden yap\u0131lan a\u00e7\u0131klamaya g\u00f6re, T\u00dc\u0130OSB \u015fantiye ofisinde d\u00fczenlenen toplant\u0131ya, Tarsus Kaymakam\u0131 Kadir Sertel Otcu, T\u00dc\u0130OSB Y\u00f6netim Kurulu Ba\u015fkan\u0131 G\u00fcl Aky\u00fcrek Balta, Mersin Ticaret ve Sanayi Odas\u0131 Meclis Ba\u015fkan\u0131 Abdulhamit \u0130zol ile m\u00fcte\u015febbis heyet \u00fcyeleri kat\u0131ld\u0131.\u00a0<br \/>\nToplant\u0131da, bir \u00f6nceki toplant\u0131da al\u0131nan kararlar g\u00f6zden ge\u00e7irilerek, g\u00fcndem maddeleri g\u00f6r\u00fc\u015f\u00fcld\u00fc.\u00a0<br \/>\nVali Su, toplant\u0131n\u0131n ard\u0131ndan m\u00fcte\u015febbis heyet \u00fcyeleri ile birlikte Tarsus il\u00e7esi Kurbanl\u0131 mevkiinde bulunan T\u00dc\u0130OSB arazisinde incelemelerde bulunarak, yap\u0131lmas\u0131 planlanan \u00e7al\u0131\u015fmalar hakk\u0131nda yetkililerden bilgi ald\u0131.\u00a0<br \/>\n2019 y\u0131l\u0131 Aral\u0131k ay\u0131nda Sanayi ve Teknoloji Bakan\u0131 Mustafa Varank\u2019\u0131n kat\u0131l\u0131m\u0131yla temeli at\u0131lan ve 170 hektar \u00fczerine kurulacak olan T\u00dc\u0130OSB\u2019nin; Mersin\u2019in ilk ve tek ihtisas organize sanayi b\u00f6lgesi olarak istihdama b\u00fcy\u00fck destek sunmas\u0131 ve kad\u0131n giri\u015fimcili\u011finde yeniliklere imza atarak b\u00f6lgesel de\u011fi\u015fime \u00f6nc\u00fcl\u00fck etmesi hedefleniyor.\u00a0<\/p>\n","protected":false},"excerpt":{"rendered":"<p>Mersin-Tarsus Tar\u0131msal \u00dcr\u00fcn \u0130\u015fleme \u0130htisas Organize Sanayi B\u00f6lgesi (T\u00dc\u0130OSB) M\u00fcte\u015febbis Heyet Toplant\u0131s\u0131, Vali Ali \u0130hsan Su ba\u015fkanl\u0131\u011f\u0131nda yap\u0131ld\u0131. Su, toplant\u0131n\u0131n ard\u0131ndan T\u00dc\u0130OSB arazisinde incelemelerde bulundu.\u00a0 Mersin Valili\u011finden yap\u0131lan a\u00e7\u0131klamaya g\u00f6re, &hellip; <a href=\"https:\/\/akdenizolaygazetesi.com\/?p=8512\" class=\"more-link\">Devam\u0131n\u0131 Oku&#8230;<\/a><\/p>\n","protected":false},"author":1,"featured_media":0,"comment_status":"open","ping_status":"open","sticky":false,"template":"","format":"standard","meta":[],"categories":[],"tags":[],"_links":{"self":[{"href":"https:\/\/akdenizolaygazetesi.com\/index.php?rest_route=\/wp\/v2\/posts\/8512"}],"collection":[{"href":"https:\/\/akdenizolaygazetesi.com\/index.php?rest_route=\/wp\/v2\/posts"}],"about":[{"href":"https:\/\/akdenizolaygazetesi.com\/index.php?rest_route=\/wp\/v2\/types\/post"}],"author":[{"embeddable":true,"href":"https:\/\/akdenizolaygazetesi.com\/index.php?rest_route=\/wp\/v2\/users\/1"}],"replies":[{"embeddable":true,"href":"https:\/\/akdenizolaygazetesi.com\/index.php?rest_route=%2Fwp%2Fv2%2Fcomments&post=8512"}],"version-history":[{"count":0,"href":"https:\/\/akdenizolaygazetesi.com\/index.php?rest_route=\/wp\/v2\/posts\/8512\/revisions"}],"wp:attachment":[{"href":"https:\/\/akdenizolaygazetesi.com\/index.php?rest_route=%2Fwp%2Fv2%2Fmedia&parent=8512"}],"wp:term":[{"taxonomy":"category","embeddable":true,"href":"https:\/\/akdenizolaygazetesi.com\/index.php?rest_route=%2Fwp%2Fv2%2Fcategories&post=8512"},{"taxonomy":"post_tag","embeddable":true,"href":"https:\/\/akdenizolaygazetesi.com\/index.php?rest_route=%2Fwp%2Fv2%2Ftags&post=8512"}],"curies":[{"name":"wp","href":"https:\/\/api.w.org\/{rel}","templated":true}]}}