{"id":8513,"date":"2020-11-04T18:28:59","date_gmt":"2020-11-04T15:28:59","guid":{"rendered":"http:\/\/mersinekonomipolitikagazetesi.com\/?p=8513"},"modified":"2020-11-04T18:28:59","modified_gmt":"2020-11-04T15:28:59","slug":"toroslar-belediye-meclisinden-azerbaycana-destek","status":"publish","type":"post","link":"https:\/\/akdenizolaygazetesi.com\/?p=8513","title":{"rendered":"Toroslar Belediye Meclisi&#8217;nden Azerbaycan&#8217;a destek"},"content":{"rendered":"<p><span style=\"line-height: 1.6em;\">\u00a0Toroslar Belediyesi, Ekim Ay\u0131 Meclis Toplant\u0131s\u0131nda Azerbaycan&#8217;a destek mesaj\u0131 verdi.\u00a0<\/span><\/p>\n<p>Yunus Emre K\u00fclt\u00fcr Merkezinde ger\u00e7ekle\u015ftirilen toplant\u0131da, Toroslar Belediye Ba\u015fkan\u0131 Ats\u0131z Af\u015f\u0131n Y\u0131lmaz, Ermenistan&#8217;\u0131n Azerbaycan&#8217;a y\u00f6nelik yapt\u0131\u011f\u0131 hain sald\u0131r\u0131y\u0131 k\u0131nad\u0131klar\u0131n\u0131 belirterek, &#8220;Dost ve karde\u015f Azerbaycan&#8217;\u0131n her zaman yan\u0131nday\u0131z. \u015eehitlerimize Allah&#8217;tan rahmet, yaral\u0131lar\u0131m\u0131za acil \u015fifalar diliyoruz&#8221; dedi.\u00a0<br \/>\nDaha sonra g\u00fcndemin di\u011fer maddelerine ge\u00e7ildi. Toroslar Belediyesi&#8217;nin 2021 mali y\u0131l\u0131 performans program\u0131 tasla\u011f\u0131, 2021 mali y\u0131l\u0131 b\u00fct\u00e7e tasla\u011f\u0131 ile 2022-2023 y\u0131llar\u0131 tahmini b\u00fct\u00e7esi g\u00f6r\u00fc\u015f\u00fclerek, Plan ve B\u00fct\u00e7e Komisyonuna havalesi oy birli\u011fiyle kabul edildi.\u00a0<br \/>\n&#8220;Kentimizin gelece\u011fini planlarken, kat\u0131l\u0131mc\u0131 bir yakla\u015f\u0131mla karar veriyoruz&#8221;\u00a0<br \/>\nBa\u015fkan Y\u0131lmaz, kentin gelece\u011fini \u015fekillendiren imar planlar\u0131n\u0131n ortak ak\u0131lla olu\u015fturulmas\u0131na \u00f6nem verdiklerini belirterek, &#8220;4, 5 ve 6. etap 1\/1000 \u00f6l\u00e7ekli imar planlar\u0131m\u0131z\u0131 meclis g\u00fcndemimize getirdik. 1, 2 ve 3. etap ile ilgili \u00e7al\u0131\u015fmalar\u0131m\u0131z ise devam ediyor. Bu \u00e7al\u0131\u015fmay\u0131 ortak ak\u0131lla hep beraber y\u00fcr\u00fct\u00fcyoruz. Bu nedenle planlar\u0131 t\u00fcm komisyonlar\u0131m\u0131za sevk ettik&#8221; diye konu\u015ftu.\u00a0<br \/>\nKas\u0131m ay\u0131nda yap\u0131lacak olan meclis toplant\u0131 g\u00fcn\u00fcn\u00fcn, 3 Kas\u0131m Sal\u0131 g\u00fcn\u00fc saat 14.00 olarak belirlendi\u011fi toplant\u0131n\u0131n ikinci birle\u015fimi ise 20 Ekim Sal\u0131 g\u00fcn\u00fc saat 14.00&#8217;de Yunus Emre K\u00fclt\u00fcr Merkezi&#8217;nde ger\u00e7ekle\u015fecek.\u00a0<\/p>\n","protected":false},"excerpt":{"rendered":"<p>\u00a0Toroslar Belediyesi, Ekim Ay\u0131 Meclis Toplant\u0131s\u0131nda Azerbaycan&#8217;a destek mesaj\u0131 verdi.\u00a0 Yunus Emre K\u00fclt\u00fcr Merkezinde ger\u00e7ekle\u015ftirilen toplant\u0131da, Toroslar Belediye Ba\u015fkan\u0131 Ats\u0131z Af\u015f\u0131n Y\u0131lmaz, Ermenistan&#8217;\u0131n Azerbaycan&#8217;a y\u00f6nelik yapt\u0131\u011f\u0131 hain sald\u0131r\u0131y\u0131 k\u0131nad\u0131klar\u0131n\u0131 belirterek, &hellip; <a href=\"https:\/\/akdenizolaygazetesi.com\/?p=8513\" class=\"more-link\">Devam\u0131n\u0131 Oku&#8230;<\/a><\/p>\n","protected":false},"author":1,"featured_media":0,"comment_status":"open","ping_status":"open","sticky":false,"template":"","format":"standard","meta":[],"categories":[],"tags":[],"_links":{"self":[{"href":"https:\/\/akdenizolaygazetesi.com\/index.php?rest_route=\/wp\/v2\/posts\/8513"}],"collection":[{"href":"https:\/\/akdenizolaygazetesi.com\/index.php?rest_route=\/wp\/v2\/posts"}],"about":[{"href":"https:\/\/akdenizolaygazetesi.com\/index.php?rest_route=\/wp\/v2\/types\/post"}],"author":[{"embeddable":true,"href":"https:\/\/akdenizolaygazetesi.com\/index.php?rest_route=\/wp\/v2\/users\/1"}],"replies":[{"embeddable":true,"href":"https:\/\/akdenizolaygazetesi.com\/index.php?rest_route=%2Fwp%2Fv2%2Fcomments&post=8513"}],"version-history":[{"count":0,"href":"https:\/\/akdenizolaygazetesi.com\/index.php?rest_route=\/wp\/v2\/posts\/8513\/revisions"}],"wp:attachment":[{"href":"https:\/\/akdenizolaygazetesi.com\/index.php?rest_route=%2Fwp%2Fv2%2Fmedia&parent=8513"}],"wp:term":[{"taxonomy":"category","embeddable":true,"href":"https:\/\/akdenizolaygazetesi.com\/index.php?rest_route=%2Fwp%2Fv2%2Fcategories&post=8513"},{"taxonomy":"post_tag","embeddable":true,"href":"https:\/\/akdenizolaygazetesi.com\/index.php?rest_route=%2Fwp%2Fv2%2Ftags&post=8513"}],"curies":[{"name":"wp","href":"https:\/\/api.w.org\/{rel}","templated":true}]}}