{"id":8515,"date":"2020-11-04T18:28:59","date_gmt":"2020-11-04T15:28:59","guid":{"rendered":"http:\/\/mersinekonomipolitikagazetesi.com\/?p=8515"},"modified":"2020-11-04T18:28:59","modified_gmt":"2020-11-04T15:28:59","slug":"milli-yuzucu-emre-sevenin-mersin-kktc-yuzusu-yarim-kaldi","status":"publish","type":"post","link":"https:\/\/akdenizolaygazetesi.com\/?p=8515","title":{"rendered":"Milli y\u00fcz\u00fcc\u00fc Emre Seven\u2019in Mersin &#8211; KKTC y\u00fcz\u00fc\u015f\u00fc yar\u0131m kald\u0131"},"content":{"rendered":"<p><span style=\"line-height: 1.6em;\">\u00a0Milli y\u00fcz\u00fcc\u00fc Emre Seven\u2019in, d\u00fcn sabaha kar\u015f\u0131 Mersin\u2019in Anamur il\u00e7esinden Kuzey K\u0131br\u0131s T\u00fcrk Cumhuriyeti\u2019ne (KKTC) do\u011fru ba\u015flad\u0131\u011f\u0131 y\u00fcz\u00fc\u015f\u00fc yar\u0131m kald\u0131. Emre Seven, 70 kilometrelik parkurun 36,7\u2019nci kilometresinde k\u00f6t\u00fc hava ko\u015fullar\u0131 nedeniyle sudan \u00e7\u0131kmak zorunda kald\u0131. Seven, tekneye \u00e7\u0131kt\u0131ktan sonra g\u00f6zya\u015flar\u0131n\u0131 tutamad\u0131.\u00a0<\/span><\/p>\n<p>Mersin\u2019in merkez il\u00e7e Yeni\u015fehir Belediyesi&#8217;nin d\u00fczenledi\u011fi Mersin-K\u0131br\u0131s Solo Y\u00fczme Ge\u00e7i\u015fi organizasyonuyla d\u00fcn sabaha kar\u015f\u0131 saat 05.33\u2019te Anamur Burnu\u2019ndan ilk kulac\u0131 atan Emre Seven, 15 saat 46 dakika sonra hava ko\u015fullar\u0131n\u0131n k\u00f6t\u00fcle\u015fmesi nedeniyle yar\u0131\u015f\u0131 yar\u0131da b\u0131rakmak zorunda kald\u0131. Teknik ekibinin y\u00fcz\u00fc\u015f\u00fc b\u0131rakmas\u0131 gerekti\u011fini s\u00f6ylemelerine kar\u015f\u0131n Seven, yar\u0131\u015f\u0131 tamamlamakta \u0131srar etti. Ancak, Yeni\u015fehir Belediye Ba\u015fkan\u0131 Abdullah \u00d6zyi\u011fit\u2019in g\u00f6nderdi\u011fi sesli mesaj sonras\u0131 Seven, sudan \u00e7\u0131kmaya ikna edilebildi. Kendisine e\u015flik eden tekneye \u00e7\u0131kan Seven, alk\u0131\u015flara ve tezah\u00fcratlarla kar\u015f\u0131land\u0131.\u00a0<br \/>\nTekneye \u00e7\u0131kt\u0131ktan sonra olduk\u00e7a \u00fczg\u00fcn oldu\u011fu g\u00f6r\u00fclen Seven, g\u00f6zya\u015flar\u0131 tutamad\u0131.\u00a0<\/p>\n<p>Man\u015f Denizi ge\u00e7i\u015finden daha uzun y\u00fczd\u00fc\u00a0<br \/>\nYeni\u015fehir Belediyesi&#8217;nden yap\u0131lan a\u00e7\u0131klamaya g\u00f6re, Emre Seven, Mersin-K\u0131br\u0131s Solo Y\u00fczme Ge\u00e7i\u015fi denemesindeki 36,7 kilometrelik y\u00fcz\u00fc\u015f\u00fc ile 34 kilometre uzunlu\u011fundaki d\u00fcnyaca \u00fcnl\u00fc Man\u015f Denizi ge\u00e7i\u015finden daha uzun bir mesafe kat etti.\u00a0<\/p>\n<p>&#8220;Emre Seven b\u00fcy\u00fck bir ba\u015far\u0131ya imza att\u0131&#8221;\u00a0<br \/>\nEmre Seven\u2019in sa\u011fl\u0131\u011f\u0131n\u0131n her \u015feyden daha \u00f6nemli oldu\u011funu vurgulayan ve Seven\u2019in denizde kald\u0131\u011f\u0131 s\u00fcre ve ge\u00e7ti\u011fi mesafe g\u00f6z \u00f6n\u00fcne al\u0131nd\u0131\u011f\u0131nda b\u00fcy\u00fck bir ba\u015far\u0131ya imza att\u0131\u011f\u0131n\u0131 ifade eden Yeni\u015fehir Belediye Ba\u015fkan\u0131 \u00d6zyi\u011fit, &#8220;Milli y\u00fcz\u00fcc\u00fcm\u00fcz Emre Seven taraf\u0131ndan yap\u0131lan Mersin-K\u0131br\u0131s Solo Y\u00fczme Ge\u00e7i\u015fi denemesi olumsuz hava ko\u015fullar\u0131 nedeniyle iptal edildi. B\u00fcy\u00fck bir cesaretle kula\u00e7lar\u0131n\u0131 atan Emre, D\u00fcnya A\u00e7\u0131k Deniz Y\u00fczme kurallar\u0131 dahilinde bu parkurda daha \u00f6nce hi\u00e7 yap\u0131lmayan\u0131 deneyerek bize b\u00fcy\u00fck bir heyecan ve gurur ya\u015fatt\u0131. Denizde kald\u0131\u011f\u0131 s\u00fcre ve kat etti\u011fi 36,7 kilometrelik mesafe g\u00f6z \u00f6n\u00fcne al\u0131nd\u0131\u011f\u0131nda ger\u00e7ekten de b\u00fcy\u00fck bir ba\u015far\u0131ya imza att\u0131\u011f\u0131n\u0131 g\u00f6r\u00fcyoruz. Hedefledi\u011fimiz noktaya ula\u015famam\u0131\u015f olman\u0131n \u00fcz\u00fcnt\u00fcs\u00fcn\u00fc de\u011fil, Emre\u2019nin sa\u011fl\u0131kl\u0131 bir \u015fekilde denizden \u00e7\u0131kmas\u0131n\u0131 ve bu organizasyonu yapman\u0131n mutlulu\u011funu ya\u015f\u0131yoruz&#8221; dedi.\u00a0<\/p>\n<p>&#8220;Parkur y\u00fcz\u00fcc\u00fcler i\u00e7in hedef haline gelecek&#8221;\u00a0<br \/>\nBu organizasyonla ulusal ve uluslararas\u0131 sporcular i\u00e7in Mersin-K\u0131br\u0131s ge\u00e7i\u015finin hedef parkur olaca\u011f\u0131na inand\u0131klar\u0131n\u0131 belirten Ba\u015fkan \u00d6zyi\u011fit, &#8220;Yeni\u015fehir Belediyesi&#8217;nin bu organizasyonu ile inan\u0131yoruz ki, ulusal ve uluslararas\u0131 y\u00fcz\u00fcc\u00fcler bu parkuru hedef listelerine koyacaklard\u0131r. Bu organizasyonu d\u00fczenlerken bizlere desteklerini esirgemeyen Mersin Valili\u011fine, Mersin \u0130l Emniyet M\u00fcd\u00fcrl\u00fc\u011f\u00fcne, KKTC Mersin Ba\u015fkonsoloslu\u011funa, T\u00fcrk ve KKTC Sahil G\u00fcvenlik Komutanl\u0131klar\u0131na, Mersin Ticaret ve Sanayi Odas\u0131na, Mersin Akaryak\u0131t\u00e7\u0131lar Derne\u011fi&#8217;ne, KKTC Y\u00fczme Federasyonu&#8217;na, Yeni\u015fehir Hastanesi&#8217;ne, liman ve g\u00fcmr\u00fck polisine, bas\u0131n mensuplar\u0131na ve eme\u011fi ge\u00e7en herkese te\u015fekk\u00fcr ediyorum&#8221; diye konu\u015ftu.\u00a0<\/p>\n","protected":false},"excerpt":{"rendered":"<p>\u00a0Milli y\u00fcz\u00fcc\u00fc Emre Seven\u2019in, d\u00fcn sabaha kar\u015f\u0131 Mersin\u2019in Anamur il\u00e7esinden Kuzey K\u0131br\u0131s T\u00fcrk Cumhuriyeti\u2019ne (KKTC) do\u011fru ba\u015flad\u0131\u011f\u0131 y\u00fcz\u00fc\u015f\u00fc yar\u0131m kald\u0131. Emre Seven, 70 kilometrelik parkurun 36,7\u2019nci kilometresinde k\u00f6t\u00fc hava ko\u015fullar\u0131 &hellip; <a href=\"https:\/\/akdenizolaygazetesi.com\/?p=8515\" class=\"more-link\">Devam\u0131n\u0131 Oku&#8230;<\/a><\/p>\n","protected":false},"author":1,"featured_media":0,"comment_status":"open","ping_status":"open","sticky":false,"template":"","format":"standard","meta":[],"categories":[],"tags":[],"_links":{"self":[{"href":"https:\/\/akdenizolaygazetesi.com\/index.php?rest_route=\/wp\/v2\/posts\/8515"}],"collection":[{"href":"https:\/\/akdenizolaygazetesi.com\/index.php?rest_route=\/wp\/v2\/posts"}],"about":[{"href":"https:\/\/akdenizolaygazetesi.com\/index.php?rest_route=\/wp\/v2\/types\/post"}],"author":[{"embeddable":true,"href":"https:\/\/akdenizolaygazetesi.com\/index.php?rest_route=\/wp\/v2\/users\/1"}],"replies":[{"embeddable":true,"href":"https:\/\/akdenizolaygazetesi.com\/index.php?rest_route=%2Fwp%2Fv2%2Fcomments&post=8515"}],"version-history":[{"count":0,"href":"https:\/\/akdenizolaygazetesi.com\/index.php?rest_route=\/wp\/v2\/posts\/8515\/revisions"}],"wp:attachment":[{"href":"https:\/\/akdenizolaygazetesi.com\/index.php?rest_route=%2Fwp%2Fv2%2Fmedia&parent=8515"}],"wp:term":[{"taxonomy":"category","embeddable":true,"href":"https:\/\/akdenizolaygazetesi.com\/index.php?rest_route=%2Fwp%2Fv2%2Fcategories&post=8515"},{"taxonomy":"post_tag","embeddable":true,"href":"https:\/\/akdenizolaygazetesi.com\/index.php?rest_route=%2Fwp%2Fv2%2Ftags&post=8515"}],"curies":[{"name":"wp","href":"https:\/\/api.w.org\/{rel}","templated":true}]}}