{"id":8518,"date":"2020-11-04T18:28:59","date_gmt":"2020-11-04T15:28:59","guid":{"rendered":"http:\/\/mersinekonomipolitikagazetesi.com\/?p=8518"},"modified":"2020-11-04T18:28:59","modified_gmt":"2020-11-04T15:28:59","slug":"cocuklarini-darp-eden-baba-gozaltina-alindi","status":"publish","type":"post","link":"https:\/\/akdenizolaygazetesi.com\/?p=8518","title":{"rendered":"\u00c7ocuklar\u0131n\u0131 darp eden baba g\u00f6zalt\u0131na al\u0131nd\u0131"},"content":{"rendered":"<p><span style=\"line-height: 1.6em;\">Mersin&#8217;de \u00e7ocuklar\u0131n\u0131 darp ederken \u00e7ekilen g\u00f6r\u00fcnt\u00fcleri sosyal medyada yay\u0131nlanan baba, g\u00f6zalt\u0131na al\u0131nd\u0131.\u00a0<\/span><\/p>\n<p>Cumhuriyet Ba\u015fsavc\u0131l\u0131\u011f\u0131ndan yap\u0131lan a\u00e7\u0131klamaya g\u00f6re, sosyal medyaya d\u00fc\u015fen, bir baban\u0131n kendi \u00e7ocuklar\u0131n\u0131 darp etti\u011fine dair g\u00f6r\u00fcnt\u00fcler \u00fczerine soru\u015fturma ba\u015flat\u0131ld\u0131. Soru\u015fturma kapsam\u0131nda \u015fahs\u0131n yakalanmas\u0131 i\u00e7in \u00e7al\u0131\u015fma ba\u015flatan ekipler, \u015f\u00fcpheli H.Y.&#8217;yi evinde yakalayarak g\u00f6zalt\u0131na ald\u0131. 16, 13 ve 9 ya\u015f\u0131ndaki \u00fc\u00e7 \u00e7ocu\u011fu ise Toroslar Aile \u0130\u00e7i \u015eiddet ekiplerince evlerinden al\u0131narak \u00c7ocuk Esirgeme Kurumuna teslim edildi.\u00a0<br \/>\n\u015e\u00fcpheli hakk\u0131ndaki tahkikat\u0131n devam etti\u011fi bildirildi.\u00a0<\/p>\n","protected":false},"excerpt":{"rendered":"<p>Mersin&#8217;de \u00e7ocuklar\u0131n\u0131 darp ederken \u00e7ekilen g\u00f6r\u00fcnt\u00fcleri sosyal medyada yay\u0131nlanan baba, g\u00f6zalt\u0131na al\u0131nd\u0131.\u00a0 Cumhuriyet Ba\u015fsavc\u0131l\u0131\u011f\u0131ndan yap\u0131lan a\u00e7\u0131klamaya g\u00f6re, sosyal medyaya d\u00fc\u015fen, bir baban\u0131n kendi \u00e7ocuklar\u0131n\u0131 darp etti\u011fine dair g\u00f6r\u00fcnt\u00fcler \u00fczerine soru\u015fturma &hellip; <a href=\"https:\/\/akdenizolaygazetesi.com\/?p=8518\" class=\"more-link\">Devam\u0131n\u0131 Oku&#8230;<\/a><\/p>\n","protected":false},"author":1,"featured_media":0,"comment_status":"open","ping_status":"open","sticky":false,"template":"","format":"standard","meta":[],"categories":[],"tags":[],"_links":{"self":[{"href":"https:\/\/akdenizolaygazetesi.com\/index.php?rest_route=\/wp\/v2\/posts\/8518"}],"collection":[{"href":"https:\/\/akdenizolaygazetesi.com\/index.php?rest_route=\/wp\/v2\/posts"}],"about":[{"href":"https:\/\/akdenizolaygazetesi.com\/index.php?rest_route=\/wp\/v2\/types\/post"}],"author":[{"embeddable":true,"href":"https:\/\/akdenizolaygazetesi.com\/index.php?rest_route=\/wp\/v2\/users\/1"}],"replies":[{"embeddable":true,"href":"https:\/\/akdenizolaygazetesi.com\/index.php?rest_route=%2Fwp%2Fv2%2Fcomments&post=8518"}],"version-history":[{"count":0,"href":"https:\/\/akdenizolaygazetesi.com\/index.php?rest_route=\/wp\/v2\/posts\/8518\/revisions"}],"wp:attachment":[{"href":"https:\/\/akdenizolaygazetesi.com\/index.php?rest_route=%2Fwp%2Fv2%2Fmedia&parent=8518"}],"wp:term":[{"taxonomy":"category","embeddable":true,"href":"https:\/\/akdenizolaygazetesi.com\/index.php?rest_route=%2Fwp%2Fv2%2Fcategories&post=8518"},{"taxonomy":"post_tag","embeddable":true,"href":"https:\/\/akdenizolaygazetesi.com\/index.php?rest_route=%2Fwp%2Fv2%2Ftags&post=8518"}],"curies":[{"name":"wp","href":"https:\/\/api.w.org\/{rel}","templated":true}]}}