{"id":8522,"date":"2020-11-04T18:28:59","date_gmt":"2020-11-04T15:28:59","guid":{"rendered":"http:\/\/mersinekonomipolitikagazetesi.com\/?p=8522"},"modified":"2020-11-04T18:28:59","modified_gmt":"2020-11-04T15:28:59","slug":"film-seyreder-gibi-plan-analizi-yapilmaz","status":"publish","type":"post","link":"https:\/\/akdenizolaygazetesi.com\/?p=8522","title":{"rendered":"F\u0130LM SEYREDER G\u0130B\u0130 PLAN ANAL\u0130Z\u0130 YAPILMAZ"},"content":{"rendered":"<p>Mersin\u2019de yap\u0131lan yanl\u0131\u015flara kar\u015f\u0131 sessiz kalmamas\u0131 nedeniyle takdir g\u00f6ren Mimar Abdullah Y\u0131lmaz, Mezitli\u2019de 1\/1000 \u00f6l\u00e7ekli uygulama imar plan\u0131n\u0131 inceleyen TMMOB Mersin \u0130l Koordinasyon Kurulu \u00fcyelerini ele\u015ftirdi. Y\u0131lmaz, \u201cPlanlar kentin anayasas\u0131. Sinemada film seyreder gibi planlar analiz edilemez.\u2019\u2019 dedi<\/p>\n<p>\u00a0<br \/>\nMimar Abdullah Y\u0131lmaz Mezitli\u2019de 1\/1000 \u00f6l\u00e7ekli uygulama imar plan\u0131n\u0131 incelemek \u00fczere toplant\u0131ya kat\u0131lan TMMOB Mersin \u0130l Koordinasyon Kurulu \u00fcyelerinin projelere y\u00f6nelik ger\u00e7ek\u00e7i davranmad\u0131klar\u0131n\u0131 belirtti. Y\u0131lmaz, \u201cToplant\u0131ya kat\u0131lan \u0130l Koordinasyon Kurulu \u00fcyelerinin ellerinde patlam\u0131\u015f m\u0131s\u0131rlar\u0131 eksik..! Her zamanki gibi Mezitli Belediye Ba\u015fkan\u0131 Ne\u015fet Tarhan a\u00e7\u0131klama yapacak, \u2018Mersin&#8217;deki sivil toplum \u00f6rg\u00fctleriyle birlikte Mezitli 1\/1000 \u00f6l\u00e7ekli uygulama imar planlar\u0131n\u0131 haz\u0131rlad\u0131k.\u2019 diyecek! Fakat hat\u0131rlatay\u0131m, G\u00fcm\u00fc\u015fkum 100. Y\u0131l Tabiat Park\u0131 ve deniz kaplumba\u011falar\u0131 yumurtalama ve koruma alan\u0131nda yap\u0131lacak projenin tan\u0131t\u0131m\u0131 i\u00e7in Mezitli Belediye Ba\u015fkan\u0131 TMMOB Mersin \u0130l Koordinasyon \u00dcyelerine tan\u0131t\u0131m toplant\u0131s\u0131 d\u00fczenlemi\u015f. Ba\u015fkan Tarhan projenin arkas\u0131nda oldu\u011funu, Mezitli\u2019ye yeni bir vizyon getirecek projenin takip\u00e7isi olaca\u011f\u0131n\u0131 a\u00e7\u0131klam\u0131\u015f, aynen bu toplant\u0131da oldu\u011fu TMMOB Mersin \u0130KK \u00fcyeleri de sinemada film seyreder gibi seyretmi\u015flerdi!\u2019\u2019 diye konu\u015ftu.<\/p>\n<p>\u2018\u2019Yanl\u0131\u015flar\u0131 g\u00f6rememi\u015fler, katliam\u0131 alk\u0131\u015flam\u0131\u015flard\u0131..!\u2019\u2019<br \/>\n\u00a0<br \/>\nYa\u015fan\u0131lan G\u00fcm\u00fc\u015fkum 100. Y\u0131l Tabiat Park\u0131 ve deniz kaplumba\u011falar\u0131 yumurtlama ve koruma alan\u0131 d\u00fczenlemesinin ard\u0131ndan al\u0131nan sonuca dikkat \u00e7eken Y\u0131lmaz, \u201cTMMOB Mersin \u0130KK \u00fcyeleri, carettalar\u0131n do\u011fal ya\u015fam alanlar\u0131n\u0131 katledecek b\u00f6lgeyi yap\u0131la\u015fmaya a\u00e7an, emsali 9 kat artt\u0131ran projedeki yanl\u0131\u015flar\u0131 g\u00f6rememi\u015fler, katliam\u0131 alk\u0131\u015flam\u0131\u015flard\u0131! Neyse ki idare mahkemesi bu toplant\u0131dan \u00fc\u00e7 ay sonra meslek oda temsilcilerinin g\u00f6remediklerini g\u00f6rd\u00fc ve y\u00fcr\u00fctmeyi durdurdu.\u2019\u2019 diye ele\u015ftirdi.<br \/>\n\u00a0<br \/>\n\u2018\u2019\u0130stifa edin. Meslekta\u015flar\u0131m\u0131z\u0131n \u00f6n\u00fcn\u00fc a\u00e7\u0131n\u0131z!\u201d<br \/>\n\u00a0<br \/>\nTMMOB Mersin \u0130KK\u2019da bulunan \u00fcyelerin baz\u0131lar\u0131n\u0131n belediyelerde \u00e7al\u0131\u015ft\u0131\u011f\u0131na da dikkat \u00e7eken Y\u0131lmaz, \u201cTMMOB Mersin \u0130l Koordinasyonu\u2019nun Belediyelerde \u00e7al\u0131\u015fan \u00fcyeleri, Belediyelerden i\u015f al\u0131p, ba\u015fkanlara biat eden \u00fcyeleri meslek odalar\u0131m\u0131z\u0131n onur ve haysiyetlerini daha fazla ayaklar alt\u0131na ald\u0131rmadan \u0130l Koordinasyon \u00a0\u00fcyeli\u011finden istifa ediniz. Mesleki bilgi ve onuruna sahip, makam, mevki, i\u015f kapmak u\u011fruna ki\u015filiklerini satmayacak, kentimize, mesleki etik ve ilkelerimiz sahip \u00e7\u0131kacak meslekta\u015flar\u0131m\u0131z\u0131n \u00f6n\u00fcn\u00fc a\u00e7\u0131n\u0131z.\u2019\u2019 ifadelerini kulland\u0131.<br \/>\n\u00a0<br \/>\n\u201c\u00c7al\u0131\u015fma i\u00e7in Belediyenin ilgili birimine te\u015fekk\u00fcr edildi!\u201d<br \/>\n\u00a0<br \/>\nMezitli Belediyesi\u2019nin son etap 1\/1000 Uygulama \u0130mar Plan\u0131 de\u011ferlendirilmesinde ise, \u201c3 y\u0131l\u0131 a\u015fk\u0131n s\u00fcredir ilimiz Mersin&#8217;in merkez 4 il\u00e7esinde s\u00fcren imar sorununda Mezitli il\u00e7esinde sona gelindi. \u0130KK\u2019ya ba\u011fl\u0131 odalarla e\u015fg\u00fcd\u00fcm i\u00e7erisinde y\u00fcr\u00fct\u00fclen planlama s\u00fcrecinde gelinen son noktay\u0131 sunan Mezitli Belediyesi Ba\u015fkan Yard\u0131mc\u0131s\u0131 Yaser G\u00fcnd\u00fcz, ge\u00e7mi\u015ften kalan ciddi planlama sorunlar\u0131 ile u\u011fra\u015ft\u0131klar\u0131n\u0131 dile getirdi. Yap\u0131lan sunum sonunda \u015fubemizin de dahil oldu\u011fu TMMOB Mersin \u0130KK\u2019ya ba\u011fl\u0131 odalar taraf\u0131ndan de\u011ferlendirdi. Kentin \u00f6n\u00fcndeki ciddi bir sorunun a\u015f\u0131lmas\u0131 i\u00e7in yap\u0131lan \u00f6zverili \u00e7al\u0131\u015fma i\u00e7in Belediyenin ilgili birimine te\u015fekk\u00fcr edildi ve yap\u0131lan plan \u00e7al\u0131\u015fmas\u0131na dair g\u00f6r\u00fc\u015fler iletildi.\u2019\u2019 ifadeleri kullan\u0131ld\u0131.\u00a0<\/p>\n","protected":false},"excerpt":{"rendered":"<p>Mersin\u2019de yap\u0131lan yanl\u0131\u015flara kar\u015f\u0131 sessiz kalmamas\u0131 nedeniyle takdir g\u00f6ren Mimar Abdullah Y\u0131lmaz, Mezitli\u2019de 1\/1000 \u00f6l\u00e7ekli uygulama imar plan\u0131n\u0131 inceleyen TMMOB Mersin \u0130l Koordinasyon Kurulu \u00fcyelerini ele\u015ftirdi. Y\u0131lmaz, \u201cPlanlar kentin anayasas\u0131. &hellip; <a href=\"https:\/\/akdenizolaygazetesi.com\/?p=8522\" class=\"more-link\">Devam\u0131n\u0131 Oku&#8230;<\/a><\/p>\n","protected":false},"author":1,"featured_media":0,"comment_status":"open","ping_status":"open","sticky":false,"template":"","format":"standard","meta":[],"categories":[],"tags":[],"_links":{"self":[{"href":"https:\/\/akdenizolaygazetesi.com\/index.php?rest_route=\/wp\/v2\/posts\/8522"}],"collection":[{"href":"https:\/\/akdenizolaygazetesi.com\/index.php?rest_route=\/wp\/v2\/posts"}],"about":[{"href":"https:\/\/akdenizolaygazetesi.com\/index.php?rest_route=\/wp\/v2\/types\/post"}],"author":[{"embeddable":true,"href":"https:\/\/akdenizolaygazetesi.com\/index.php?rest_route=\/wp\/v2\/users\/1"}],"replies":[{"embeddable":true,"href":"https:\/\/akdenizolaygazetesi.com\/index.php?rest_route=%2Fwp%2Fv2%2Fcomments&post=8522"}],"version-history":[{"count":0,"href":"https:\/\/akdenizolaygazetesi.com\/index.php?rest_route=\/wp\/v2\/posts\/8522\/revisions"}],"wp:attachment":[{"href":"https:\/\/akdenizolaygazetesi.com\/index.php?rest_route=%2Fwp%2Fv2%2Fmedia&parent=8522"}],"wp:term":[{"taxonomy":"category","embeddable":true,"href":"https:\/\/akdenizolaygazetesi.com\/index.php?rest_route=%2Fwp%2Fv2%2Fcategories&post=8522"},{"taxonomy":"post_tag","embeddable":true,"href":"https:\/\/akdenizolaygazetesi.com\/index.php?rest_route=%2Fwp%2Fv2%2Ftags&post=8522"}],"curies":[{"name":"wp","href":"https:\/\/api.w.org\/{rel}","templated":true}]}}