{"id":8523,"date":"2020-11-04T18:28:59","date_gmt":"2020-11-04T15:28:59","guid":{"rendered":"http:\/\/mersinekonomipolitikagazetesi.com\/?p=8523"},"modified":"2020-11-04T18:28:59","modified_gmt":"2020-11-04T15:28:59","slug":"cocuklarina-siddet-uygulayan-baba-tutuklandi","status":"publish","type":"post","link":"https:\/\/akdenizolaygazetesi.com\/?p=8523","title":{"rendered":"\u00c7ocuklar\u0131na \u015fiddet uygulayan baba tutukland\u0131"},"content":{"rendered":"<p>Mersin&#8217;de \u00e7ocuklar\u0131n\u0131 darp ederken \u00e7ekilen g\u00f6r\u00fcnt\u00fcleri sosyal medyada yay\u0131nlan\u0131nca g\u00f6zalt\u0131na al\u0131nan Halil Y., sevk edildi\u011fi mahkemece tutukland\u0131.\u00a0<br \/>\nMersin&#8217;in merkez Toroslar il\u00e7esinde, ya\u015flar\u0131 16, 13 ve 9 olan \u00fc\u00e7 \u00e7ocu\u011funa \u015fiddet uygularken \u00e7ekilen g\u00f6r\u00fcnt\u00fcleri sosyal medyaya yans\u0131y\u0131nca polis ekiplerince evinde g\u00f6zalt\u0131nda al\u0131nan Halil Y., emniyetteki i\u015flemlerinin tamamlanmas\u0131n\u0131n ard\u0131ndan ak\u015fam saatlerinde adliyeye sevk edildi. Halil Y, \u00e7\u0131kar\u0131ld\u0131\u011f\u0131 Sulh Ceza Hakimli\u011fince tutukland\u0131.<br \/>\n\u00a0<br \/>\n\u00c7ocuklar\u0131n\u0131 kar\u0131s\u0131 evden ka\u00e7t\u0131\u011f\u0131 i\u00e7in d\u00f6vm\u00fc\u015f\u00a0<\/p>\n<p>Mersin&#8217;de \u00e7ocuklar\u0131na \u015fiddet uygularken \u00e7ekilen g\u00f6r\u00fcnt\u00fcleri sosyal medyaya yans\u0131d\u0131ktan sonra yakalanarak tutuklanan \u015fahs\u0131n, evden ka\u00e7an kar\u0131s\u0131na mesaj vermek i\u00e7in \u00e7ocuklar\u0131n\u0131 d\u00f6vd\u00fc\u011f\u00fc ortaya \u00e7\u0131kt\u0131.\u00a0<br \/>\nMersin&#8217;in merkez Toroslar il\u00e7esinde, ya\u015flar\u0131 16, 13 ve 9 olan \u00fc\u00e7 \u00e7ocu\u011funa \u015fiddet uygularken \u00e7ekilen g\u00f6r\u00fcnt\u00fcleri sosyal medyaya yans\u0131y\u0131nca polis ekiplerince evinde g\u00f6zalt\u0131nda al\u0131nan Halil Y., emniyetteki i\u015flemlerinin tamamlanmas\u0131n\u0131n ard\u0131ndan ak\u015fam saatlerinde adliyeye sevk edildi. Halil Y., \u00e7\u0131kar\u0131ld\u0131\u011f\u0131 Sulh Ceza Hakimli\u011fince tutukland\u0131.\u00a0<br \/>\nHalil Y.&#8217;nin savc\u0131l\u0131ktaki ifadesinde, evden ka\u00e7an kar\u0131s\u0131na \u00f6fkelendi\u011fi i\u00e7in \u00e7ocuklar\u0131n\u0131 d\u00f6vd\u00fc\u011f\u00fcn\u00fc, g\u00f6r\u00fcnt\u00fcleri de halen kay\u0131p olan kar\u0131s\u0131 Zeliha Y.&#8217;ye mesaj g\u00f6ndermek i\u00e7in 7 ya\u015f\u0131ndaki en k\u00fc\u00e7\u00fck \u00e7ocu\u011funa \u00e7ektirip sosyal medyada yay\u0131nlad\u0131\u011f\u0131n\u0131 s\u00f6yledi \u00f6\u011frenildi.\u00a0<br \/>\n\u00d6te yandan, zanl\u0131n\u0131n evden ka\u00e7t\u0131\u011f\u0131 belirtilen kar\u0131s\u0131 Zeliha Y.&#8217;ye halen ula\u015f\u0131lamazken, \u00e7ocuklar\u0131 F.Y. (16), C.Y. (13), A.Y. (9) ve E.Y. (7) ise Toroslar Aile \u0130\u00e7i \u015eiddet ekiplerince evlerinden al\u0131narak \u00c7ocuk Esirgeme Kurumuna teslim edildi.<\/p>\n<p>Yeni g\u00f6r\u00fcnt\u00fcler ortaya \u00e7\u0131kt\u0131<br \/>\n\u00a0<br \/>\n\u00d6te yandan Halil Y.&#8217;nin, \u015fiddet uygularken \u00e7ekilen g\u00f6r\u00fcnt\u00fclerinin yan\u0131 s\u0131ra, yine \u00e7ocuklar\u0131na \u00e7ektirerek sosyal medya hesab\u0131ndan yay\u0131nlad\u0131\u011f\u0131 bir ba\u015fka g\u00f6r\u00fcnt\u00fcs\u00fc daha ortaya \u00e7\u0131kt\u0131. Yeni g\u00f6r\u00fcnt\u00fcde dayak\u00e7\u0131 baban\u0131n \u00e7ocuklar\u0131na, &#8220;Anneniz nerede \u015fu anda? Onu \u00f6zl\u00fcyor musunuz? Annenizi seviyor musunuz? Annenizi mi \u00e7ok seviyorsunuz, baban\u0131z\u0131 m\u0131? Ben terk etmiyorum dimi sizi? Annenize bir \u015fey s\u00f6yleyecekseniz, kameraya bakarak s\u00f6yleyin. Allah belan\u0131 versin deyin&#8221; \u015feklinde psikolojik bask\u0131 yapt\u0131\u011f\u0131 g\u00f6r\u00fcld\u00fc. \u00c7ocuklardan birinin de bunun \u00fczerine, &#8220;Anne Allah belan\u0131 versin bizi bu duruma d\u00fc\u015f\u00fcrd\u00fc\u011f\u00fcn i\u00e7in&#8221; diyip h\u0131\u00e7k\u0131rarak a\u011flamas\u0131 izleyenlerin y\u00fcreklerini burktu. G\u00f6r\u00fcnt\u00fcn\u00fcn sonunda ise iki karde\u015fin a\u011flayarak babalar\u0131na sar\u0131lmas\u0131 ise dikkat \u00e7ekti.<br \/>\n\u00a0<br \/>\n\u00d6te yandan, zanl\u0131n\u0131n evden ka\u00e7t\u0131\u011f\u0131 belirtilen kar\u0131s\u0131 Zeliha Y.&#8217;ye halen ula\u015f\u0131lamazken, \u00e7ocuklar\u0131 F.Y. (16), C.Y. (13), A.Y. (9) ve E.Y. (7) ise Toroslar Aile \u0130\u00e7i \u015eiddet ekiplerince evlerinden al\u0131narak \u00c7ocuk Esirgeme Kurumuna teslim edildi.\u00a0<\/p>\n","protected":false},"excerpt":{"rendered":"<p>Mersin&#8217;de \u00e7ocuklar\u0131n\u0131 darp ederken \u00e7ekilen g\u00f6r\u00fcnt\u00fcleri sosyal medyada yay\u0131nlan\u0131nca g\u00f6zalt\u0131na al\u0131nan Halil Y., sevk edildi\u011fi mahkemece tutukland\u0131.\u00a0 Mersin&#8217;in merkez Toroslar il\u00e7esinde, ya\u015flar\u0131 16, 13 ve 9 olan \u00fc\u00e7 \u00e7ocu\u011funa \u015fiddet &hellip; <a href=\"https:\/\/akdenizolaygazetesi.com\/?p=8523\" class=\"more-link\">Devam\u0131n\u0131 Oku&#8230;<\/a><\/p>\n","protected":false},"author":1,"featured_media":0,"comment_status":"open","ping_status":"open","sticky":false,"template":"","format":"standard","meta":[],"categories":[],"tags":[],"_links":{"self":[{"href":"https:\/\/akdenizolaygazetesi.com\/index.php?rest_route=\/wp\/v2\/posts\/8523"}],"collection":[{"href":"https:\/\/akdenizolaygazetesi.com\/index.php?rest_route=\/wp\/v2\/posts"}],"about":[{"href":"https:\/\/akdenizolaygazetesi.com\/index.php?rest_route=\/wp\/v2\/types\/post"}],"author":[{"embeddable":true,"href":"https:\/\/akdenizolaygazetesi.com\/index.php?rest_route=\/wp\/v2\/users\/1"}],"replies":[{"embeddable":true,"href":"https:\/\/akdenizolaygazetesi.com\/index.php?rest_route=%2Fwp%2Fv2%2Fcomments&post=8523"}],"version-history":[{"count":0,"href":"https:\/\/akdenizolaygazetesi.com\/index.php?rest_route=\/wp\/v2\/posts\/8523\/revisions"}],"wp:attachment":[{"href":"https:\/\/akdenizolaygazetesi.com\/index.php?rest_route=%2Fwp%2Fv2%2Fmedia&parent=8523"}],"wp:term":[{"taxonomy":"category","embeddable":true,"href":"https:\/\/akdenizolaygazetesi.com\/index.php?rest_route=%2Fwp%2Fv2%2Fcategories&post=8523"},{"taxonomy":"post_tag","embeddable":true,"href":"https:\/\/akdenizolaygazetesi.com\/index.php?rest_route=%2Fwp%2Fv2%2Ftags&post=8523"}],"curies":[{"name":"wp","href":"https:\/\/api.w.org\/{rel}","templated":true}]}}