{"id":853,"date":"2020-11-04T18:21:28","date_gmt":"2020-11-04T15:21:28","guid":{"rendered":"http:\/\/mersinekonomipolitikagazetesi.com\/?p=853"},"modified":"2020-11-04T18:21:28","modified_gmt":"2020-11-04T15:21:28","slug":"ozgun-sanat-atolyesi-sanat-her-yerde-olacak","status":"publish","type":"post","link":"https:\/\/akdenizolaygazetesi.com\/?p=853","title":{"rendered":"\u00d6zg\u00fcn Sanat At\u00f6lyesi: Sanat her yerde olacak!"},"content":{"rendered":"<p>Sanat d\u00fc\u015f\u00fcnd\u00fcr\u00fcr. D\u00fc\u015ft\u00fcr \u00e7\u00fcnk\u00fc. K\u00f6kl\u00fc bir yap\u0131ya sahiptir. E\u011fitir, b\u00fcy\u00fct\u00fcr, ruh y\u00fcceltir\u2026 \u2018\u2019Her yerde sanat\u2019\u2019 ideali var olan \u00d6zg\u00fcn Sanat At\u00f6lyesi Mersin\u2019de d\u00fc\u015f b\u00fcy\u00fct\u00fcyor.<\/p>\n<p><span style=\"color: rgb(34, 34, 34); font-family: arial, sans-serif; font-size: 12.8px; background-color: rgb(255, 255, 255);\">Vildan Vural<\/p>\n<p>Akdeniz Belediyesi\u2019ne kayyum atanmas\u0131n\u0131n ard\u0131nda Hadra Hamam\u0131\u2019nda sanatsal \u00fcretimlerde bulunan hocalar ve \u00f6\u011frencileri, birlikte yeni bir aray\u0131\u015f i\u00e7erisine girdiler. K\u0131sa bir zaman \u00f6nce duvarlar\u0131n\u0131 kendi elleriyle renklendirdikleri yepyeni bir at\u00f6lyeye kavu\u015ftular. \u00d6zg\u00fcn Sanat At\u00f6lyesi ad\u0131n\u0131 verdikleri sanat evinde, tek ama\u00e7 Mersin\u2019e ve insan\u0131na d\u00fc\u015f \u00fcflemek\u2026<\/span><br style=\"color: rgb(34, 34, 34); font-family: arial, sans-serif; font-size: 12.8px; background-color: rgb(255, 255, 255);\" \/><br \/>\n<br style=\"color: rgb(34, 34, 34); font-family: arial, sans-serif; font-size: 12.8px; background-color: rgb(255, 255, 255);\" \/><br \/>\n<span style=\"color: rgb(34, 34, 34); font-family: arial, sans-serif; font-size: 12.8px; background-color: rgb(255, 255, 255);\">Kentte tan\u0131nan Perperik M\u00fczik Grubu ve hocalar\u0131yla girilen bu sanat at\u00f6lyesi yolculu\u011funda, at\u00f6lyenin hocalar\u0131 yerel politikalar\u0131n sanata bak\u0131\u015f\u0131n\u0131 gazetemize de\u011ferlendirdi.\u00a0<\/span><br style=\"color: rgb(34, 34, 34); font-family: arial, sans-serif; font-size: 12.8px; background-color: rgb(255, 255, 255);\" \/><br \/>\n<br style=\"color: rgb(34, 34, 34); font-family: arial, sans-serif; font-size: 12.8px; background-color: rgb(255, 255, 255);\" \/><br \/>\n<span style=\"color: rgb(34, 34, 34); font-family: arial, sans-serif; font-size: 12.8px; background-color: rgb(255, 255, 255);\">\u2018\u2018SALONLARIN YETERS\u0130ZL\u0130\u011e\u0130 S\u0130YAS\u0130LER\u0130N SANATA BAKI\u015eININ G\u00d6STERGES\u0130\u2019\u2019<\/span><br style=\"color: rgb(34, 34, 34); font-family: arial, sans-serif; font-size: 12.8px; background-color: rgb(255, 255, 255);\" \/><br \/>\n<span style=\"color: rgb(34, 34, 34); font-family: arial, sans-serif; font-size: 12.8px; background-color: rgb(255, 255, 255);\">\u00d6zg\u00fcn Sanat At\u00f6lyesi kurucular\u0131nda \u00d6zg\u00fcn \u00d6zt\u00fcrk, daha \u00f6ncesinde Akdeniz Belediyesi Hadra Hamam\u0131\u2019nda sanat faaliyetlerini y\u00fcr\u00fctt\u00fcklerini ama belediyeye kayyum atanmas\u0131n\u0131n ard\u0131ndan kendi \u00f6\u011frencileri ile birlikte yeni bir aray\u0131\u015fa girip \u00d6zg\u00fcn Sanat At\u00f6lyesi\u2019ni kurduklar\u0131n\u0131 s\u00f6yledi. Kentteki salonlar\u0131n yetersizli\u011fini siyasilerin sanata bak\u0131\u015f a\u00e7\u0131s\u0131 olarak yorumlayan \u00d6zg\u00fcn, \u2018\u2019Bizler sokakta sanat \u00fcretmeye devam ediyoruz\u2019\u2019 dedi.\u00a0<\/span><br style=\"color: rgb(34, 34, 34); font-family: arial, sans-serif; font-size: 12.8px; background-color: rgb(255, 255, 255);\" \/><br \/>\n<br style=\"color: rgb(34, 34, 34); font-family: arial, sans-serif; font-size: 12.8px; background-color: rgb(255, 255, 255);\" \/><br \/>\n<span style=\"color: rgb(34, 34, 34); font-family: arial, sans-serif; font-size: 12.8px; background-color: rgb(255, 255, 255);\">\u2018\u2019SANAT \u00dcRETMEYE DEVAM EDECE\u011e\u0130Z\u2019\u2019<\/span><br style=\"color: rgb(34, 34, 34); font-family: arial, sans-serif; font-size: 12.8px; background-color: rgb(255, 255, 255);\" \/><br \/>\n<span style=\"color: rgb(34, 34, 34); font-family: arial, sans-serif; font-size: 12.8px; background-color: rgb(255, 255, 255);\">\u00d6zg\u00fcn Sanat At\u00f6lyesi kurucular\u0131ndan Ferhat Nas, \u2018\u2019Buraday\u0131z, sanat \u00fcretmeye, sanat yeti\u015ftirmeye devam edece\u011fiz. Hem kente, hem kendimize, hem de insanlara bir \u015feyler katmak i\u00e7in bu k\u00fclt\u00fcr merkezini a\u00e7t\u0131k. Do\u011fru bir \u015fey yapt\u0131\u011f\u0131m\u0131z inanc\u0131yla \u00e7\u0131kt\u0131k bu yola ve umar\u0131m kentin di\u011fer sanat\u00e7\u0131lar\u0131 da bu t\u00fcr ad\u0131mlarda bulunurlar. Bizde bu t\u00fcr giri\u015fimlerde bulunan b\u00fct\u00fcn sanat\u00e7\u0131 arkada\u015flar\u0131m\u0131za destekte bulunuruz\u2019\u2019diye konu\u015ftu.<\/span><br style=\"color: rgb(34, 34, 34); font-family: arial, sans-serif; font-size: 12.8px; background-color: rgb(255, 255, 255);\" \/><br \/>\n<br style=\"color: rgb(34, 34, 34); font-family: arial, sans-serif; font-size: 12.8px; background-color: rgb(255, 255, 255);\" \/><br \/>\n<span style=\"color: rgb(34, 34, 34); font-family: arial, sans-serif; font-size: 12.8px; background-color: rgb(255, 255, 255);\">\u2018\u2019\u0130LK VAZGE\u00c7\u0130LENLER SANAT\u00c7ILAR OLMU\u015eTUR HEP\u2019\u2019<\/span><br style=\"color: rgb(34, 34, 34); font-family: arial, sans-serif; font-size: 12.8px; background-color: rgb(255, 255, 255);\" \/><br \/>\n<span style=\"color: rgb(34, 34, 34); font-family: arial, sans-serif; font-size: 12.8px; background-color: rgb(255, 255, 255);\">Yerel y\u00f6netimlerin sanata bak\u0131\u015f\u0131n\u0131 ele\u015ftiren Nas, \u2018\u2019\u0130lk vazge\u00e7ilenler sanat\u00e7\u0131lar olmu\u015ftur, hep. \u00c7\u00fcnk\u00fc yerel y\u00f6netimler i\u00e7in ta\u015f, duvar yapmak daha cazip gelen bir i\u015f. Ama soyut i\u015fler hi\u00e7bir zaman vazge\u00e7ilemez noktada durmam\u0131\u015ft\u0131r. Sanatta b\u00fct\u00fcn\u00fcyle olmasa da soyut bir i\u015ftir. Sanatsal mekanlar\u0131m\u0131z\u0131n azl\u0131\u011f\u0131 konusu hep sorula gelen bir soru olmu\u015ftur. Mekanlar\u0131n azl\u0131\u011f\u0131 bizler i\u00e7in s\u0131k\u0131nt\u0131r olabilir ama, bu s\u0131k\u0131nt\u0131lara ra\u011fmen, \u00f6\u011frenci arkada\u015flar\u0131m\u0131zla sokakta m\u00fczik yapma \u00e7abas\u0131 i\u00e7erisinde bulunuyoruz. \u2018Sanat her yerde olacak\u2019 y\u00f6n\u00fcndeki d\u00fc\u015f\u00fcncemizin her zaman arkas\u0131nda duraca\u011f\u0131z\u2019\u2019 ifadelerini kulland\u0131.<\/span><\/p>\n","protected":false},"excerpt":{"rendered":"<p>Sanat d\u00fc\u015f\u00fcnd\u00fcr\u00fcr. D\u00fc\u015ft\u00fcr \u00e7\u00fcnk\u00fc. K\u00f6kl\u00fc bir yap\u0131ya sahiptir. E\u011fitir, b\u00fcy\u00fct\u00fcr, ruh y\u00fcceltir\u2026 \u2018\u2019Her yerde sanat\u2019\u2019 ideali var olan \u00d6zg\u00fcn Sanat At\u00f6lyesi Mersin\u2019de d\u00fc\u015f b\u00fcy\u00fct\u00fcyor. Vildan Vural Akdeniz Belediyesi\u2019ne kayyum atanmas\u0131n\u0131n &hellip; <a href=\"https:\/\/akdenizolaygazetesi.com\/?p=853\" class=\"more-link\">Devam\u0131n\u0131 Oku&#8230;<\/a><\/p>\n","protected":false},"author":1,"featured_media":0,"comment_status":"open","ping_status":"open","sticky":false,"template":"","format":"standard","meta":[],"categories":[],"tags":[],"_links":{"self":[{"href":"https:\/\/akdenizolaygazetesi.com\/index.php?rest_route=\/wp\/v2\/posts\/853"}],"collection":[{"href":"https:\/\/akdenizolaygazetesi.com\/index.php?rest_route=\/wp\/v2\/posts"}],"about":[{"href":"https:\/\/akdenizolaygazetesi.com\/index.php?rest_route=\/wp\/v2\/types\/post"}],"author":[{"embeddable":true,"href":"https:\/\/akdenizolaygazetesi.com\/index.php?rest_route=\/wp\/v2\/users\/1"}],"replies":[{"embeddable":true,"href":"https:\/\/akdenizolaygazetesi.com\/index.php?rest_route=%2Fwp%2Fv2%2Fcomments&post=853"}],"version-history":[{"count":0,"href":"https:\/\/akdenizolaygazetesi.com\/index.php?rest_route=\/wp\/v2\/posts\/853\/revisions"}],"wp:attachment":[{"href":"https:\/\/akdenizolaygazetesi.com\/index.php?rest_route=%2Fwp%2Fv2%2Fmedia&parent=853"}],"wp:term":[{"taxonomy":"category","embeddable":true,"href":"https:\/\/akdenizolaygazetesi.com\/index.php?rest_route=%2Fwp%2Fv2%2Fcategories&post=853"},{"taxonomy":"post_tag","embeddable":true,"href":"https:\/\/akdenizolaygazetesi.com\/index.php?rest_route=%2Fwp%2Fv2%2Ftags&post=853"}],"curies":[{"name":"wp","href":"https:\/\/api.w.org\/{rel}","templated":true}]}}