{"id":8532,"date":"2020-11-04T18:29:00","date_gmt":"2020-11-04T15:29:00","guid":{"rendered":"http:\/\/mersinekonomipolitikagazetesi.com\/?p=8532"},"modified":"2020-11-04T18:29:00","modified_gmt":"2020-11-04T15:29:00","slug":"gultak-sokak-hayvanlarina-mama-ve-su-dagitti","status":"publish","type":"post","link":"https:\/\/akdenizolaygazetesi.com\/?p=8532","title":{"rendered":"G\u00fcltak, sokak hayvanlar\u0131na mama ve su da\u011f\u0131tt\u0131"},"content":{"rendered":"<p><span style=\"line-height: 1.6em;\">\u00a0Akdeniz Belediye Ba\u015fkan\u0131 Mustafa G\u00fcltak, \u20184 Ekim D\u00fcnya Hayvanlar\u0131 Koruma G\u00fcn\u00fc\u2019 kapsam\u0131nda Adanal\u0131o\u011flu sahilinde d\u00fczenlenen etkinlikte, hayvan severler ve sivil toplum \u00f6rg\u00fct\u00fc temsilcilerinin de kat\u0131l\u0131m\u0131yla, sahili mesken tutan hayvanlar i\u00e7in mama ve su da\u011f\u0131tt\u0131.\u00a0<\/span><\/p>\n<p>Akdeniz Belediye Meclisi \u00fcyeleri ve Adanal\u0131o\u011flu\u2019nda faaliyet g\u00f6steren 20 civar\u0131nda sivil toplum \u00f6rg\u00fct\u00fc temsilcisi ile birlikte, sahilde ya\u015fayan hayvanlara mama ve su da\u011f\u0131tt\u0131klar\u0131n\u0131 belirten G\u00fcltak, &#8216;4 Ekim D\u00fcnya Hayvanlar\u0131 Koruma G\u00fcn\u00fc\u2019n\u00fcn \u00f6nemine dikkat \u00e7ekerek, \u201cSadece bir g\u00fcn de\u011fil, her g\u00fcn hayvanlar\u0131 koruma g\u00fcn\u00fc olsun. \u00c7\u00fcnk\u00fc onlar da can ta\u015f\u0131yor. Sizin verece\u011finiz bir avu\u00e7 mama ve su ile hayata tutunuyorlar. Bu a\u00e7\u0131dan sadece bir g\u00fcn de\u011fil, 365 g\u00fcn onlar\u0131 korumam\u0131z gerekir\u201d dedi.\u00a0<br \/>\nK\u00f6pekler k\u0131s\u0131rla\u015ft\u0131r\u0131lacak, onlar i\u00e7in sahile baraka yap\u0131lacak\u00a0<br \/>\n\u201cHayvanlar\u0131 koruyal\u0131m, onlar\u0131 \u00f6nemseyelim. Onlar da birer can ve ya\u015fam haklar\u0131 dokunulmazd\u0131r\u201d diyen Ba\u015fkan G\u00fcltak, \u201cAdanal\u0131o\u011flu sahiline, burada ya\u015fayan hayvanseverlerin talebi \u00fczerine, k\u00f6peklerin kalabilece\u011fi, k\u0131\u015f\u0131n so\u011fuktan, yaz\u0131n s\u0131caktan korunup s\u0131\u011f\u0131nabilecekleri g\u00fczel bir kul\u00fcbe yapaca\u011f\u0131z. Sahili mesken tutan 20 k\u00f6pe\u011fin k\u0131s\u0131rla\u015ft\u0131r\u0131lmas\u0131 ve k\u00fcpelerinin tak\u0131lmas\u0131 i\u015flemini de biz sa\u011flayaca\u011f\u0131z\u201d diye konu\u015ftu.\u00a0<br \/>\n\u201c\u00c7ocuklar\u0131m\u0131za hayvan sevgisini a\u015f\u0131layal\u0131m\u201d\u00a0<br \/>\nT\u00fcm Mersinlilere \u00e7a\u011fr\u0131da da bulunan G\u00fcltak, \u201cSokaklar\u0131m\u0131za mutlaka su ve mama kaplar\u0131 b\u0131rakal\u0131m. \u00d6zellikle de \u00e7ocuklar\u0131m\u0131za hayvan sevgisini mutlaka a\u015f\u0131layal\u0131m. \u00c7\u00fcnk\u00fc hayvan\u0131 sevmeyen insan\u0131 da sevemez. Akdeniz Belediyesi olarak da hayvanlar\u0131m\u0131zla ilgileniyoruz ve bu konuda \u00e7al\u0131\u015fmalar\u0131m\u0131z aral\u0131ks\u0131z devam edecek\u201d \u015feklinde konu\u015ftu.\u00a0<br \/>\n\u201cHem kendimiz hem de hayvanlar\u0131m\u0131z i\u00e7in sahilimizi temiz tutal\u0131m\u201d\u00a0<br \/>\nAkdeniz Belediye Ba\u015fkan Yard\u0131mc\u0131s\u0131 Ayd\u0131n E\u011fin, K\u00fclt\u00fcr ve Sosyal \u0130\u015fler M\u00fcd\u00fcr\u00fc Ali U\u00e7ar ile her ya\u015ftan vatanda\u015f\u0131n e\u015flik etti\u011fi etkinlikte Ba\u015fkan G\u00fcltak, \u201cAdanal\u0131o\u011flu sahilimiz, ekiplerimizce ge\u00e7en haftalarda temizlenip, kumlar\u0131 i\u00e7indeki at\u0131klar lazerli makine ile tamamen ay\u0131kland\u0131. Sahile yeni \u00e7\u00f6p konteyn\u0131rlar\u0131 da koyduk. Y\u00fczmek veya piknik yapmak i\u00e7in sahilimize gelen vatanda\u015flar\u0131m\u0131zdan ricam\u0131z, \u00e7\u00f6plerini sahile de\u011fil, konteyn\u0131rlara atmalar\u0131, temiz ve sa\u011fl\u0131kl\u0131 \u00e7evrenin korunmas\u0131 ve s\u00fcrd\u00fcr\u00fclmesi m\u00fccadelesinde bizlere yard\u0131mc\u0131 olmalar\u0131d\u0131r\u201d ifadelerini kulland\u0131.\u00a0<\/p>\n","protected":false},"excerpt":{"rendered":"<p>\u00a0Akdeniz Belediye Ba\u015fkan\u0131 Mustafa G\u00fcltak, \u20184 Ekim D\u00fcnya Hayvanlar\u0131 Koruma G\u00fcn\u00fc\u2019 kapsam\u0131nda Adanal\u0131o\u011flu sahilinde d\u00fczenlenen etkinlikte, hayvan severler ve sivil toplum \u00f6rg\u00fct\u00fc temsilcilerinin de kat\u0131l\u0131m\u0131yla, sahili mesken tutan hayvanlar i\u00e7in &hellip; <a href=\"https:\/\/akdenizolaygazetesi.com\/?p=8532\" class=\"more-link\">Devam\u0131n\u0131 Oku&#8230;<\/a><\/p>\n","protected":false},"author":1,"featured_media":0,"comment_status":"open","ping_status":"open","sticky":false,"template":"","format":"standard","meta":[],"categories":[],"tags":[],"_links":{"self":[{"href":"https:\/\/akdenizolaygazetesi.com\/index.php?rest_route=\/wp\/v2\/posts\/8532"}],"collection":[{"href":"https:\/\/akdenizolaygazetesi.com\/index.php?rest_route=\/wp\/v2\/posts"}],"about":[{"href":"https:\/\/akdenizolaygazetesi.com\/index.php?rest_route=\/wp\/v2\/types\/post"}],"author":[{"embeddable":true,"href":"https:\/\/akdenizolaygazetesi.com\/index.php?rest_route=\/wp\/v2\/users\/1"}],"replies":[{"embeddable":true,"href":"https:\/\/akdenizolaygazetesi.com\/index.php?rest_route=%2Fwp%2Fv2%2Fcomments&post=8532"}],"version-history":[{"count":0,"href":"https:\/\/akdenizolaygazetesi.com\/index.php?rest_route=\/wp\/v2\/posts\/8532\/revisions"}],"wp:attachment":[{"href":"https:\/\/akdenizolaygazetesi.com\/index.php?rest_route=%2Fwp%2Fv2%2Fmedia&parent=8532"}],"wp:term":[{"taxonomy":"category","embeddable":true,"href":"https:\/\/akdenizolaygazetesi.com\/index.php?rest_route=%2Fwp%2Fv2%2Fcategories&post=8532"},{"taxonomy":"post_tag","embeddable":true,"href":"https:\/\/akdenizolaygazetesi.com\/index.php?rest_route=%2Fwp%2Fv2%2Ftags&post=8532"}],"curies":[{"name":"wp","href":"https:\/\/api.w.org\/{rel}","templated":true}]}}