{"id":8534,"date":"2020-11-04T18:29:00","date_gmt":"2020-11-04T15:29:00","guid":{"rendered":"http:\/\/mersinekonomipolitikagazetesi.com\/?p=8534"},"modified":"2020-11-04T18:29:00","modified_gmt":"2020-11-04T15:29:00","slug":"tarsuslu-kadinlar-mersin-buyuksehir-belediyesine-zakkum-uretecek","status":"publish","type":"post","link":"https:\/\/akdenizolaygazetesi.com\/?p=8534","title":{"rendered":"Tarsuslu kad\u0131nlar Mersin B\u00fcy\u00fck\u015fehir Belediyesine zakkum \u00fcretecek"},"content":{"rendered":"<p><span style=\"line-height: 1.6em;\">\u00a0Mersin B\u00fcy\u00fck\u015fehir Belediye Ba\u015fkan\u0131 Vahap Se\u00e7er\u2019in, ref\u00fcjlere dikilecek zakkumlar\u0131n \u00e7eliklerinin kad\u0131nlar taraf\u0131ndan \u00fcretilmesini istemesi \u00fczerine harekete ge\u00e7en Mersinden Kad\u0131n Kooperatifi, projeye kat\u0131lmak isteyen Tarsuslu kad\u0131nlarla toplant\u0131da bir araya geldi.\u00a0<\/span><\/p>\n<p>Mersinden Kad\u0131n Kooperatifi, kad\u0131nlar\u0131n aile b\u00fct\u00e7elerine destek olacak ve gelir sa\u011flayacak \u00e7al\u0131\u015fmalara devam ediyor. Ba\u015fkanl\u0131\u011f\u0131n\u0131 Meral Se\u00e7er\u2019in yapt\u0131\u011f\u0131 Mersinden Kad\u0131n Kooperatifi, Mersin B\u00fcy\u00fck\u015fehir Belediyesinin sorumluluk alan\u0131na giren ve Tarsus\u2019tan Anamur\u2019a kadar uzanan karayolu a\u011f\u0131 ref\u00fcjlerine dikilmek i\u00e7in \u00fcretilecek zakkum \u00e7eliklerinin, emek\u00e7i kad\u0131nlar taraf\u0131ndan yeti\u015ftirilmesi ve bu sayede ev ekonomilerine ek gelir sa\u011flamalar\u0131na y\u00f6nelik \u00e7al\u0131\u015fmalar\u0131n\u0131 aral\u0131ks\u0131z s\u00fcrd\u00fcr\u00fcyor.\u00a0<\/p>\n<p>Zakkum \u00e7elikleriyle de gelir sa\u011flayacaklar\u00a0<br \/>\nKad\u0131nlar\u0131n \u00fcrettikleri \u00fcr\u00fcnlerin de\u011ferlendirilmesi i\u00e7in her il\u00e7ede \u00fcretici kad\u0131nlar\u0131n \u00fcr\u00fcnlerinin gelire d\u00f6n\u00fc\u015fmesi i\u00e7in \u00e7al\u0131\u015fmalar yapan Mersinden Kad\u0131n Kooperatifi, bir taraftan da zakkum \u00e7eliklerinin yeti\u015ftirilmesi konusunda g\u00f6n\u00fcll\u00fc kad\u0131nlar\u0131 bilgilendirmeye devam ediyor. Mersin B\u00fcy\u00fck\u015fehir Belediyesi Kad\u0131n ve Aile Hizmetleri Dairesi Ba\u015fkanl\u0131\u011f\u0131n\u0131n, kad\u0131nlar\u0131n belediye hizmetlerine g\u00f6n\u00fcll\u00fc kat\u0131l\u0131m\u0131n\u0131 sa\u011flamak amac\u0131 ile ba\u015flatt\u0131\u011f\u0131 ve ge\u00e7ti\u011fimiz g\u00fcnlerde il\u00e7elerde ger\u00e7ekle\u015fen \u2018Kad\u0131n ve Aile Hizmetlerine G\u00f6n\u00fcll\u00fc Kat\u0131l\u0131m Toplant\u0131lar\u0131\u2019nda g\u00fcndeme gelen zakkum \u00e7eli\u011fi \u00fcretimi konusunda, Tarsus\u2019tan projeye dahil olmak isteyen kad\u0131nlarla K\u00fclt\u00fcr Park\u2019ta bilgilendirme toplant\u0131s\u0131 d\u00fczenlendi.\u00a0<br \/>\nToplant\u0131ya Mersinden Kad\u0131n Kooperatifi Ba\u015fkan\u0131 Meral Se\u00e7er, B\u00fcy\u00fck\u015fehir Belediyesi Kad\u0131n ve Aile Hizmetleri Dairesi Ba\u015fkan\u0131 \u015eerife Haso\u011flu Dokucu, Park ve Bah\u00e7eler Dairesi Ba\u015fkan\u0131 G\u00f6her \u015eahin, zakkum \u00fcretimi konusunda bilgilendirmek amac\u0131yla Necla Bugay ve Tarsus\u2019un farkl\u0131 mahallerinden gelen kad\u0131nlar kat\u0131ld\u0131.\u00a0<\/p>\n<p>\u201c\u00dcretime ba\u015flayarak aile ekonominize katk\u0131 sa\u011flayabileceksiniz\u201d\u00a0<br \/>\nKooperatif Ba\u015fkan\u0131 Meral Se\u00e7er, toplant\u0131da yapt\u0131\u011f\u0131 konu\u015fmada, ge\u00e7ti\u011fimiz g\u00fcnlerde Tarsus\u2019ta konuyla ilgili olarak bir bilgilendirme toplant\u0131s\u0131 daha d\u00fczenlediklerini, zakkum \u00e7eli\u011fi \u00fcretimine kad\u0131nlar\u0131n ilgi g\u00f6sterdiklerini s\u00f6yledi. Mersin B\u00fcy\u00fck\u015fehir Belediyesinin, karayolu ref\u00fcjlerinin temizli\u011fi ve bak\u0131m\u0131 i\u015fini \u00fcstlendi\u011fini belirten Se\u00e7er, \u201cBa\u015fkan\u0131m\u0131z Vahap Se\u00e7er, orta ref\u00fcjlerin zakkumlarla \u00e7i\u00e7eklendirilmesini ve ye\u015fillendirilmesini istiyor. Suya ve s\u0131ca\u011fa dayan\u0131kl\u0131 olan ve b\u00f6lge iklimi a\u00e7\u0131s\u0131ndan da olduk\u00e7a elveri\u015fli olan zakkum bitkisinin kad\u0131nlar\u0131m\u0131z taraf\u0131ndan \u00fcretilmesi i\u00e7in bir proje hayata ge\u00e7irildi. Silifke\u2019de projeye dahil olan kad\u0131nlar\u0131m\u0131z \u015fu an \u00fcretime ba\u015flad\u0131lar. Bug\u00fcn de sizlere teknik bilgileri verece\u011fiz. Sizler de \u00fcretime ba\u015flayarak aile ekonominize katk\u0131 sa\u011flayabileceksiniz. Zakkum \u00e7o\u011falt\u0131lmas\u0131 i\u00e7in evlerinizde \u00e7elikleme i\u015flemini belirtilen \u015fartlar\u0131 uygulayarak yapabilirsiniz\u201d dedi.\u00a0<br \/>\nSe\u00e7er, Mersinden Kad\u0131n Kooperatifi olarak projeyi organize edeceklerini ve al\u0131m garantisi veren B\u00fcy\u00fck\u015fehir Belediyesine teslim edeceklerini vurgulad\u0131.\u00a0<br \/>\nDaha sonra Ziraat M\u00fchendisi Necla Bugay, zakkum \u00e7eli\u011finin yeti\u015ftirme konusunda bilgiler vererek, kad\u0131nlardan gelen sorular\u0131 yan\u0131tlad\u0131.\u00a0<br \/>\nMeral Se\u00e7er, Tarsus K\u00fclt\u00fcr Park i\u00e7inde bulunan B\u00fcy\u00fck\u015fehir Emekli Evini de ziyaret ederek, ya\u015fl\u0131larla sohbet etti.\u00a0<\/p>\n","protected":false},"excerpt":{"rendered":"<p>\u00a0Mersin B\u00fcy\u00fck\u015fehir Belediye Ba\u015fkan\u0131 Vahap Se\u00e7er\u2019in, ref\u00fcjlere dikilecek zakkumlar\u0131n \u00e7eliklerinin kad\u0131nlar taraf\u0131ndan \u00fcretilmesini istemesi \u00fczerine harekete ge\u00e7en Mersinden Kad\u0131n Kooperatifi, projeye kat\u0131lmak isteyen Tarsuslu kad\u0131nlarla toplant\u0131da bir araya geldi.\u00a0 Mersinden &hellip; <a href=\"https:\/\/akdenizolaygazetesi.com\/?p=8534\" class=\"more-link\">Devam\u0131n\u0131 Oku&#8230;<\/a><\/p>\n","protected":false},"author":1,"featured_media":0,"comment_status":"open","ping_status":"open","sticky":false,"template":"","format":"standard","meta":[],"categories":[],"tags":[],"_links":{"self":[{"href":"https:\/\/akdenizolaygazetesi.com\/index.php?rest_route=\/wp\/v2\/posts\/8534"}],"collection":[{"href":"https:\/\/akdenizolaygazetesi.com\/index.php?rest_route=\/wp\/v2\/posts"}],"about":[{"href":"https:\/\/akdenizolaygazetesi.com\/index.php?rest_route=\/wp\/v2\/types\/post"}],"author":[{"embeddable":true,"href":"https:\/\/akdenizolaygazetesi.com\/index.php?rest_route=\/wp\/v2\/users\/1"}],"replies":[{"embeddable":true,"href":"https:\/\/akdenizolaygazetesi.com\/index.php?rest_route=%2Fwp%2Fv2%2Fcomments&post=8534"}],"version-history":[{"count":0,"href":"https:\/\/akdenizolaygazetesi.com\/index.php?rest_route=\/wp\/v2\/posts\/8534\/revisions"}],"wp:attachment":[{"href":"https:\/\/akdenizolaygazetesi.com\/index.php?rest_route=%2Fwp%2Fv2%2Fmedia&parent=8534"}],"wp:term":[{"taxonomy":"category","embeddable":true,"href":"https:\/\/akdenizolaygazetesi.com\/index.php?rest_route=%2Fwp%2Fv2%2Fcategories&post=8534"},{"taxonomy":"post_tag","embeddable":true,"href":"https:\/\/akdenizolaygazetesi.com\/index.php?rest_route=%2Fwp%2Fv2%2Ftags&post=8534"}],"curies":[{"name":"wp","href":"https:\/\/api.w.org\/{rel}","templated":true}]}}