{"id":8535,"date":"2020-11-04T18:29:00","date_gmt":"2020-11-04T15:29:00","guid":{"rendered":"http:\/\/mersinekonomipolitikagazetesi.com\/?p=8535"},"modified":"2020-11-04T18:29:00","modified_gmt":"2020-11-04T15:29:00","slug":"tuiosbde-altyapi-sureci-basladi","status":"publish","type":"post","link":"https:\/\/akdenizolaygazetesi.com\/?p=8535","title":{"rendered":"T\u00dc\u0130OSB\u2019de altyap\u0131 s\u00fcreci ba\u015flad\u0131"},"content":{"rendered":"<p><span style=\"line-height: 1.6em;\">\u00a0Mersin-Tarsus Tar\u0131msal \u00dcr\u00fcn \u0130\u015fleme \u0130htisas Organize Sanayi B\u00f6lgesi\u2019nde (T\u00dc\u0130OSB) altyap\u0131 s\u00fcreci ba\u015flad\u0131. T\u00dc\u0130OSB M\u00fcte\u015febbis Heyet toplant\u0131s\u0131nda, 245 hektar alanda en az 100 yat\u0131r\u0131mc\u0131yla 10 bin ki\u015fiye istihdam imkan\u0131 sa\u011flayacak modern ve g\u00fcvenli \u00fcretim \u00fcss\u00fcnde ihtiya\u00e7 duyulan altyap\u0131 yat\u0131r\u0131mlar\u0131 i\u00e7in ihale s\u00fcre\u00e7lerinin ba\u015flat\u0131lmas\u0131 y\u00f6n\u00fcnde karar al\u0131nd\u0131.\u00a0<\/span><\/p>\n<p>Mersin Valisi Ali \u0130hsan Su ba\u015fkanl\u0131\u011f\u0131nda, T\u00dc\u0130OSB Y\u00f6netim Kurulu Ba\u015fkan\u0131 G\u00fcl Aky\u00fcrek Balta ve \u00fcyelerin kat\u0131l\u0131m\u0131yla ger\u00e7ekle\u015ftirilen T\u00dc\u0130OSB M\u00fcte\u015febbis Heyet Toplant\u0131s\u0131nda, son geli\u015fmeler ele al\u0131nd\u0131. Toplant\u0131da, devlet desteklerinde 4\u2019\u00fcnc\u00fc b\u00f6lge te\u015fviklerinden faydalanacak olan T\u00dc\u0130OSB\u2019de yap\u0131m\u0131 devam eden yollar ve hafriyat \u00e7al\u0131\u015fmalar\u0131 hakk\u0131nda bilgi payla\u015f\u0131m\u0131nda bulunuldu. Ayr\u0131ca planlamalar\u0131 devam eden k\u00f6pr\u00fc, menfez, kanalizasyon, i\u00e7me ve kullanma suyu ve at\u0131k su ar\u0131tma tesisi ile enerji yat\u0131r\u0131mlar\u0131 da ayr\u0131nt\u0131l\u0131 olarak ele al\u0131nd\u0131. \u0130htiya\u00e7 duyulan altyap\u0131 yat\u0131r\u0131mlar\u0131 i\u00e7in ihale s\u00fcre\u00e7lerinin ba\u015flat\u0131lmas\u0131na da karar verildi.\u00a0<\/p>\n<p>\u201cB\u00f6lgede b\u00fcy\u00fck bir d\u00f6n\u00fc\u015f\u00fcm ve geli\u015fim ba\u015flayacak\u201d\u00a0<br \/>\nToplant\u0131n\u0131n ard\u0131ndan proje sahas\u0131nda incelemelerde bulunan Vali Su, Mersin\u2019in ilk ve tek ihtisas organize sanayi b\u00f6lgesi olan T\u00dc\u0130OSB\u2019de ihtiya\u00e7 duyulan altyap\u0131 yat\u0131r\u0131mlar\u0131 ve geni\u015fleme alanlar\u0131yla ilgili kamu kurum ve kurulu\u015flar\u0131yla tam bir uyum ve koordinasyon i\u00e7inde \u00e7al\u0131\u015f\u0131laca\u011f\u0131n\u0131 ifade etti. Su, tar\u0131msal \u00fcr\u00fcnlere ileri teknolojiyle maksimum katma de\u011fer kazand\u0131racak \u00fcretim merkezlerinin faaliyete ge\u00e7mesiyle b\u00f6lgede b\u00fcy\u00fck bir d\u00f6n\u00fc\u015f\u00fcm ve geli\u015fimin ba\u015flayaca\u011f\u0131n\u0131 vurgulad\u0131.\u00a0<\/p>\n<p>300 milyon dolarl\u0131k yat\u0131r\u0131m, 250 milyon dolarl\u0131k ihracat hedefi\u00a0<br \/>\nM\u00fcte\u015febbis Heyet toplant\u0131s\u0131n\u0131n ard\u0131ndan de\u011ferlendirmelerde bulunan T\u00dc\u0130OSB Ba\u015fkan\u0131 Balta, tar\u0131msal \u00fcr\u00fcn i\u015fleme ve g\u0131da sekt\u00f6r\u00fcnde faaliyet g\u00f6steren yat\u0131r\u0131mc\u0131lar\u0131n k\u00fcmelenece\u011fi b\u00f6lgede 300 milyon dolarl\u0131k yat\u0131r\u0131mla elde edilecek y\u00fcksek katma de\u011ferli \u00fcr\u00fcnleri d\u00fcnya pazarlar\u0131na ihra\u00e7 edeceklerini vurgulayarak, y\u0131ll\u0131k ortalama 250 milyon dolarl\u0131k ihracat geliri hedeflediklerini a\u00e7\u0131klad\u0131.\u00a0<br \/>\nT\u00dc\u0130OSB\u2019de ilk etapta 180 hektar alanda 70 sanayi parseli olu\u015fturduklar\u0131n\u0131 ve bu parsellerin b\u00fcy\u00fck \u00e7o\u011funlu\u011funu yat\u0131r\u0131mc\u0131lara tahsis ettiklerini kaydeden Balta, \u201c\u0130lk etapta yer alan 70 yat\u0131r\u0131mc\u0131yla 7 bin ki\u015fiye istihdam sa\u011flamay\u0131 hedefliyoruz. 5 y\u0131l i\u00e7inde de t\u00fcm fazlar\u0131n tamamlanmas\u0131yla birlikte 245 hektarl\u0131k bir alanda en az 100 yat\u0131r\u0131mc\u0131yla 10 bin ki\u015fiye yeni i\u015f olanaklar\u0131 sa\u011flayacak modern ve g\u00f6rkemli bir \u00fcretim \u00fcss\u00fc haline gelece\u011fiz. B\u00fcnyesinde akademisi olan, geli\u015fmi\u015f test ve Ar-Ge merkezlerine sahip, kad\u0131n i\u015f g\u00fcc\u00fcn\u00fc en verimli \u015fekilde kullanarak yepyeni k\u00fcresel markalar olu\u015fturmay\u0131 hedefleyen T\u00dc\u0130OSB\u2019nin yerli ve yabanc\u0131 yat\u0131r\u0131mc\u0131lar i\u00e7in cazip bir merkez olmas\u0131 i\u00e7in b\u00fcy\u00fck gayret g\u00f6steriyoruz\u201d dedi.\u00a0<\/p>\n<p>\u201cYat\u0131r\u0131mc\u0131lara ciddi avantajlar sunaca\u011f\u0131z\u201d\u00a0<br \/>\nB\u00f6lgede yer alacak yat\u0131r\u0131mc\u0131lara devlet te\u015fviklerinin yan\u0131 s\u0131ra yenilenebilir enerji, at\u0131k sular\u0131n ar\u0131t\u0131lmas\u0131 ve lojistik maliyetlerin azalt\u0131lmas\u0131 gibi ba\u015fl\u0131klarda da ciddi avantajlar sunacaklar\u0131n\u0131 belirten Balta, \u201cYenilenebilir enerji yat\u0131r\u0131mlar\u0131 yaparak kat\u0131l\u0131mc\u0131lar\u0131n enerji birim fiyatlar\u0131n\u0131 daha uygun hale getirmeyi planl\u0131yoruz. Fabrikalar\u0131n \u00e7at\u0131lar\u0131n\u0131n g\u00fcne\u015f enerji panelleri ile donat\u0131larak ye\u015fil enerji kullan\u0131m\u0131n\u0131 te\u015fvik edece\u011fiz. Ar\u0131tma tesisimizde ise en son teknolojiyi kullanarak ar\u0131taca\u011f\u0131m\u0131z at\u0131k suyu, sulama suyu olarak de\u011ferlendirece\u011fiz. Bunun yan\u0131 s\u0131ra b\u00f6lgemiz s\u0131n\u0131rlar\u0131 i\u00e7inde at\u0131k y\u00f6netim tesisi de olu\u015fturaca\u011f\u0131z. Lojistik maliyetleri azaltmak i\u00e7in de alternatifli \u00e7al\u0131\u015fmalar\u0131m\u0131z devam ediyor. Ortak sa\u011fl\u0131k g\u00fcvenlik birimi, \u00e7evre laboratuvar\u0131 ile giri\u015fimcilerimizin bu alanlardaki giderlerini de minimize etmek i\u00e7in planlamalar\u0131m\u0131z\u0131 olgunla\u015ft\u0131rd\u0131k. Kad\u0131n i\u015f g\u00fcc\u00fcn\u00fcn sanayi ve ticarette en verimli \u015fekilde kullan\u0131lmas\u0131n\u0131 ve yepyeni k\u00fcresel markalar olu\u015fturmay\u0131 hedefleyen T\u00dc\u0130OSB, tohumdan paketlemeye kadar g\u0131da \u00fcretim zincirinin t\u00fcm halkalar\u0131n\u0131 tamamlayarak uygun maliyetli, y\u00fcksek katma de\u011ferli, g\u00fcvenli g\u0131da, bitkisel kozmetik ve bitkisel ila\u00e7 \u00fcr\u00fcnlerinin \u00fcretimi konusunda \u00fclkemizin ve d\u00fcnyan\u0131n say\u0131l\u0131 b\u00f6lgelerinden biri olacak\u201d diye konu\u015ftu.\u00a0<\/p>\n","protected":false},"excerpt":{"rendered":"<p>\u00a0Mersin-Tarsus Tar\u0131msal \u00dcr\u00fcn \u0130\u015fleme \u0130htisas Organize Sanayi B\u00f6lgesi\u2019nde (T\u00dc\u0130OSB) altyap\u0131 s\u00fcreci ba\u015flad\u0131. T\u00dc\u0130OSB M\u00fcte\u015febbis Heyet toplant\u0131s\u0131nda, 245 hektar alanda en az 100 yat\u0131r\u0131mc\u0131yla 10 bin ki\u015fiye istihdam imkan\u0131 sa\u011flayacak modern &hellip; <a href=\"https:\/\/akdenizolaygazetesi.com\/?p=8535\" class=\"more-link\">Devam\u0131n\u0131 Oku&#8230;<\/a><\/p>\n","protected":false},"author":1,"featured_media":0,"comment_status":"open","ping_status":"open","sticky":false,"template":"","format":"standard","meta":[],"categories":[],"tags":[],"_links":{"self":[{"href":"https:\/\/akdenizolaygazetesi.com\/index.php?rest_route=\/wp\/v2\/posts\/8535"}],"collection":[{"href":"https:\/\/akdenizolaygazetesi.com\/index.php?rest_route=\/wp\/v2\/posts"}],"about":[{"href":"https:\/\/akdenizolaygazetesi.com\/index.php?rest_route=\/wp\/v2\/types\/post"}],"author":[{"embeddable":true,"href":"https:\/\/akdenizolaygazetesi.com\/index.php?rest_route=\/wp\/v2\/users\/1"}],"replies":[{"embeddable":true,"href":"https:\/\/akdenizolaygazetesi.com\/index.php?rest_route=%2Fwp%2Fv2%2Fcomments&post=8535"}],"version-history":[{"count":0,"href":"https:\/\/akdenizolaygazetesi.com\/index.php?rest_route=\/wp\/v2\/posts\/8535\/revisions"}],"wp:attachment":[{"href":"https:\/\/akdenizolaygazetesi.com\/index.php?rest_route=%2Fwp%2Fv2%2Fmedia&parent=8535"}],"wp:term":[{"taxonomy":"category","embeddable":true,"href":"https:\/\/akdenizolaygazetesi.com\/index.php?rest_route=%2Fwp%2Fv2%2Fcategories&post=8535"},{"taxonomy":"post_tag","embeddable":true,"href":"https:\/\/akdenizolaygazetesi.com\/index.php?rest_route=%2Fwp%2Fv2%2Ftags&post=8535"}],"curies":[{"name":"wp","href":"https:\/\/api.w.org\/{rel}","templated":true}]}}