{"id":8539,"date":"2020-11-04T18:29:00","date_gmt":"2020-11-04T15:29:00","guid":{"rendered":"http:\/\/mersinekonomipolitikagazetesi.com\/?p=8539"},"modified":"2020-11-04T18:29:00","modified_gmt":"2020-11-04T15:29:00","slug":"meunun-italya-ve-yunanistan-ile-hazirladigi-ab-projesi-kabul-edildi","status":"publish","type":"post","link":"https:\/\/akdenizolaygazetesi.com\/?p=8539","title":{"rendered":"ME\u00dc\u2019n\u00fcn \u0130talya ve Yunanistan ile haz\u0131rlad\u0131\u011f\u0131 AB projesi kabul edildi"},"content":{"rendered":"<p>Mersin \u00dcniversitesi (ME\u00dc) D\u0131\u015f \u0130li\u015fkiler ve Projeler Koordinat\u00f6rl\u00fc\u011f\u00fc taraf\u0131ndan \u0130talya Roma Associazione Instituto Ecoambientale ve Yunanistan Agronomists\u2019 Association of Kavala kurumlar\u0131 ile i\u015fbirli\u011finde haz\u0131rlanan \u2018\u00c7evre Koruma El\u00e7ileri Olarak Jeoteknik M\u00fchendisleri\u2019 projesi Avrupa Birli\u011fi (AB) taraf\u0131ndan kabul edildi.\u00a0<br \/>\nME\u00dc\u2019den yap\u0131lan a\u00e7\u0131klamaya g\u00f6re, ERASMUS+ KA202 Mesleki E\u011fitim ve \u00d6\u011fretim \u0130\u00e7in Stratejik Ortakl\u0131klar Program\u0131 kapsam\u0131nda haz\u0131rlanan proje, bilim insanlar\u0131 ve profesyonellerin \u00e7evre koruma uygulamalar\u0131, \u00f6zellikle de istilac\u0131 t\u00fcrlerin etkileri hakk\u0131nda bilgi d\u00fczeylerini iyile\u015ftirme ve fark\u0131ndal\u0131k olu\u015fturmay\u0131 ama\u00e7l\u0131yor. Proje ile istilac\u0131 t\u00fcrlerin \u00fc\u00e7 Akdeniz \u00fclkesi olan Yunanistan, T\u00fcrkiye ve \u0130talya\u2019n\u0131n k\u0131rsal kesimindeki etkileri \u00fczerine \u00e7al\u0131\u015fmalar yap\u0131lacak. \u0130klim de\u011fi\u015fikli\u011finin k\u0131rsal kesimdeki etkilerini hafifletmeye y\u00f6nelik uygulamalara da \u00f6nayak olacak proje, bu uygulamalar\u0131 yerelde hayata ge\u00e7irmeyi de hedefliyor.\u00a0<br \/>\nAyr\u0131ca proje kapsam\u0131nda, yerel, b\u00f6lgesel, ulusal, uluslararas\u0131 ve AB d\u00fczeyinde \u00e7evre politikalar\u0131n\u0131n olu\u015fturulmas\u0131 ve uygulanmas\u0131na y\u00f6nelik kat\u0131l\u0131mc\u0131 s\u00fcrecin de y\u00fcr\u00fct\u00fclmesi planlan\u0131yor.\u00a0<\/p>\n","protected":false},"excerpt":{"rendered":"<p>Mersin \u00dcniversitesi (ME\u00dc) D\u0131\u015f \u0130li\u015fkiler ve Projeler Koordinat\u00f6rl\u00fc\u011f\u00fc taraf\u0131ndan \u0130talya Roma Associazione Instituto Ecoambientale ve Yunanistan Agronomists\u2019 Association of Kavala kurumlar\u0131 ile i\u015fbirli\u011finde haz\u0131rlanan \u2018\u00c7evre Koruma El\u00e7ileri Olarak Jeoteknik M\u00fchendisleri\u2019 &hellip; <a href=\"https:\/\/akdenizolaygazetesi.com\/?p=8539\" class=\"more-link\">Devam\u0131n\u0131 Oku&#8230;<\/a><\/p>\n","protected":false},"author":1,"featured_media":0,"comment_status":"open","ping_status":"open","sticky":false,"template":"","format":"standard","meta":[],"categories":[],"tags":[],"_links":{"self":[{"href":"https:\/\/akdenizolaygazetesi.com\/index.php?rest_route=\/wp\/v2\/posts\/8539"}],"collection":[{"href":"https:\/\/akdenizolaygazetesi.com\/index.php?rest_route=\/wp\/v2\/posts"}],"about":[{"href":"https:\/\/akdenizolaygazetesi.com\/index.php?rest_route=\/wp\/v2\/types\/post"}],"author":[{"embeddable":true,"href":"https:\/\/akdenizolaygazetesi.com\/index.php?rest_route=\/wp\/v2\/users\/1"}],"replies":[{"embeddable":true,"href":"https:\/\/akdenizolaygazetesi.com\/index.php?rest_route=%2Fwp%2Fv2%2Fcomments&post=8539"}],"version-history":[{"count":0,"href":"https:\/\/akdenizolaygazetesi.com\/index.php?rest_route=\/wp\/v2\/posts\/8539\/revisions"}],"wp:attachment":[{"href":"https:\/\/akdenizolaygazetesi.com\/index.php?rest_route=%2Fwp%2Fv2%2Fmedia&parent=8539"}],"wp:term":[{"taxonomy":"category","embeddable":true,"href":"https:\/\/akdenizolaygazetesi.com\/index.php?rest_route=%2Fwp%2Fv2%2Fcategories&post=8539"},{"taxonomy":"post_tag","embeddable":true,"href":"https:\/\/akdenizolaygazetesi.com\/index.php?rest_route=%2Fwp%2Fv2%2Ftags&post=8539"}],"curies":[{"name":"wp","href":"https:\/\/api.w.org\/{rel}","templated":true}]}}