{"id":854,"date":"2020-11-04T18:21:28","date_gmt":"2020-11-04T15:21:28","guid":{"rendered":"http:\/\/mersinekonomipolitikagazetesi.com\/?p=854"},"modified":"2020-11-04T18:21:28","modified_gmt":"2020-11-04T15:21:28","slug":"avgadi-yaylasi-yaza-hazirlaniyor","status":"publish","type":"post","link":"https:\/\/akdenizolaygazetesi.com\/?p=854","title":{"rendered":"Avgad\u0131 yaylas\u0131 yaza haz\u0131rlan\u0131yor"},"content":{"rendered":"<p>Mersin\u2019in Erdemli Belediyesi, Avgad\u0131 (Ayd\u0131nlar) yaylas\u0131n\u0131 yaza haz\u0131rl\u0131yor. Avgad\u0131 sokaklar\u0131nda asfalt haz\u0131rl\u0131\u011f\u0131 yapan belediye \u00e7al\u0131\u015fanlar\u0131, mahallenin meydan\u0131 i\u00e7in de malzeme serme \u00e7al\u0131\u015fmalar\u0131na ba\u015flad\u0131.<\/p>\n<p><span style=\"font-family: Tahoma, Arial, 'Times New Roman TUR', Verdana; font-size: 15px; background-color: rgb(255, 255, 255);\">Erdemli Belediye Ba\u015fkan\u0131 M\u00fckerrem Tollu, yapt\u0131\u011f\u0131 yaz\u0131l\u0131 a\u00e7\u0131klamada, Avgad\u0131 yaylas\u0131n\u0131n Erdemli\u2019ye yak\u0131n olmas\u0131ndan dolay\u0131 en \u00e7ok tercih edilen yayla oldu\u011funu belirterek, vatanda\u015flar\u0131n sorunsuz bir yayla mevsimi ge\u00e7irmeleri i\u00e7in \u00e7al\u0131\u015fmalara ba\u015flan\u0131ld\u0131\u011f\u0131n\u0131 bildirdi. Avgad\u0131\u2019n\u0131n \u00e7ok h\u0131zl\u0131 geli\u015fti\u011fini ifade eden Ba\u015fkan Tollu, \u201cAvgad\u0131 yaylas\u0131n\u0131n t\u00fcm hizmet ihtiyac\u0131n\u0131 tespit etmi\u015f durumday\u0131z. H\u0131zl\u0131 bir \u015fekilde hizmetleri tamamlayarak vatanda\u015f\u0131m\u0131z\u0131n sorunsuz bir yaz mevsimi ge\u00e7irmesini ama\u00e7l\u0131yoruz. Hizmetlerin zaman\u0131nda ve kaliteli yap\u0131labilmesi i\u00e7in yollar\u0131n kullan\u0131labilir olmas\u0131 \u00e7ok \u00f6nemli. \u015eu an ekiplerimiz yollar\u0131 asfalta haz\u0131rl\u0131yor. Ayr\u0131ca Avgad\u0131\u2019ya yak\u0131\u015f\u0131r bir meydan yap\u0131m\u0131 i\u00e7in \u00e7al\u0131\u015fmalar\u0131m\u0131z ba\u015flad\u0131. \u0130lerleyen g\u00fcnlerde semt pazar\u0131 ve otopark alan\u0131 i\u00e7in de \u00e7al\u0131\u015fmalara ba\u015flan\u0131lacak. Avgad\u0131 i\u00e7in yapmay\u0131 planlad\u0131\u011f\u0131m\u0131z en \u00f6nemli hizmet olan ve i\u00e7erisinde tenis kortunun da olaca\u011f\u0131 spor tesisini de bir an \u00f6nce hizmete a\u00e7aca\u011f\u0131z. Bu hizmetlerin ger\u00e7ekle\u015fmesi konusunda kimsenin en ufak bir \u015f\u00fcphesi olmas\u0131n. Bu konuda son derece ciddi \u00e7al\u0131\u015f\u0131yoruz. Avgad\u0131 yaylam\u0131zda ya\u015fayan vatanda\u015flar\u0131m\u0131za \u015fimdiden hay\u0131rl\u0131 u\u011furlu olsun\u201d dedi.<\/span><br style=\"font-family: Tahoma, Arial, 'Times New Roman TUR', Verdana; font-size: 15px; background-color: rgb(255, 255, 255);\" \/><br \/>\n<span style=\"font-family: Tahoma, Arial, 'Times New Roman TUR', Verdana; font-size: 15px; background-color: rgb(255, 255, 255);\">Erdemli\u2019nin geli\u015fmesi ve g\u00f6zde bir turizm il\u00e7esi olmas\u0131 i\u00e7in \u00e7al\u0131\u015ft\u0131klar\u0131n\u0131 vurgulayan Tollu, yayla turizminin geli\u015fmesi i\u00e7in de t\u00fcm imkanlar\u0131n\u0131 seferber edeceklerini kaydetti.<\/span><\/p>\n","protected":false},"excerpt":{"rendered":"<p>Mersin\u2019in Erdemli Belediyesi, Avgad\u0131 (Ayd\u0131nlar) yaylas\u0131n\u0131 yaza haz\u0131rl\u0131yor. Avgad\u0131 sokaklar\u0131nda asfalt haz\u0131rl\u0131\u011f\u0131 yapan belediye \u00e7al\u0131\u015fanlar\u0131, mahallenin meydan\u0131 i\u00e7in de malzeme serme \u00e7al\u0131\u015fmalar\u0131na ba\u015flad\u0131. Erdemli Belediye Ba\u015fkan\u0131 M\u00fckerrem Tollu, yapt\u0131\u011f\u0131 yaz\u0131l\u0131 &hellip; <a href=\"https:\/\/akdenizolaygazetesi.com\/?p=854\" class=\"more-link\">Devam\u0131n\u0131 Oku&#8230;<\/a><\/p>\n","protected":false},"author":1,"featured_media":0,"comment_status":"open","ping_status":"open","sticky":false,"template":"","format":"standard","meta":[],"categories":[],"tags":[],"_links":{"self":[{"href":"https:\/\/akdenizolaygazetesi.com\/index.php?rest_route=\/wp\/v2\/posts\/854"}],"collection":[{"href":"https:\/\/akdenizolaygazetesi.com\/index.php?rest_route=\/wp\/v2\/posts"}],"about":[{"href":"https:\/\/akdenizolaygazetesi.com\/index.php?rest_route=\/wp\/v2\/types\/post"}],"author":[{"embeddable":true,"href":"https:\/\/akdenizolaygazetesi.com\/index.php?rest_route=\/wp\/v2\/users\/1"}],"replies":[{"embeddable":true,"href":"https:\/\/akdenizolaygazetesi.com\/index.php?rest_route=%2Fwp%2Fv2%2Fcomments&post=854"}],"version-history":[{"count":0,"href":"https:\/\/akdenizolaygazetesi.com\/index.php?rest_route=\/wp\/v2\/posts\/854\/revisions"}],"wp:attachment":[{"href":"https:\/\/akdenizolaygazetesi.com\/index.php?rest_route=%2Fwp%2Fv2%2Fmedia&parent=854"}],"wp:term":[{"taxonomy":"category","embeddable":true,"href":"https:\/\/akdenizolaygazetesi.com\/index.php?rest_route=%2Fwp%2Fv2%2Fcategories&post=854"},{"taxonomy":"post_tag","embeddable":true,"href":"https:\/\/akdenizolaygazetesi.com\/index.php?rest_route=%2Fwp%2Fv2%2Ftags&post=854"}],"curies":[{"name":"wp","href":"https:\/\/api.w.org\/{rel}","templated":true}]}}