{"id":8542,"date":"2020-11-04T18:29:00","date_gmt":"2020-11-04T15:29:00","guid":{"rendered":"http:\/\/mersinekonomipolitikagazetesi.com\/?p=8542"},"modified":"2020-11-04T18:29:00","modified_gmt":"2020-11-04T15:29:00","slug":"melemezin-yurt-capinda-taninmasi-icin-calisacagiz","status":"publish","type":"post","link":"https:\/\/akdenizolaygazetesi.com\/?p=8542","title":{"rendered":"\u201cMelemez\u2019in yurt \u00e7ap\u0131nda  tan\u0131nmas\u0131 i\u00e7in \u00e7al\u0131\u015faca\u011f\u0131z\u201d"},"content":{"rendered":"<p>Akdeniz Belediye Ba\u015fkan\u0131 M. Mustafa G\u00fcltak; il\u00e7enin k\u0131rsal yerle\u015fim b\u00f6lgeleri olan ve \u00f6zellikle tar\u0131msal \u00fcretimle \u00f6ne \u00e7\u0131kan \u0130hsaniye (Melemez), Sar\u0131ibrahimli, Evci, Nacarl\u0131 ve Ba\u011flarba\u015f\u0131 mahallelerini ziyaret etti.\u00a0<br \/>\nAK Parti Akdeniz \u0130l\u00e7e Ba\u015fkan\u0131 Emin Gen\u00e7 ve Akdeniz Belediye Ba\u015fkan Yard\u0131mc\u0131lar\u0131n\u0131n da e\u015flik etti\u011fi ziyaretlerinde Ba\u015fkan G\u00fcltak; yap\u0131lmas\u0131 gereken hizmetleri yerinde tespit etti, asfalt yama, kald\u0131r\u0131m, okul, cami ve spor sahalar\u0131n\u0131n tadilat\u0131 gibi konularda ilgili birimlere talimat verdi.\u00a0<br \/>\n\u0130hsaniye (Melemez) Mahallesi\u2019ni ziyaretinde konu\u015fan Ba\u015fkan G\u00fcltak, tarihi de\u011fere sahip Girit k\u00f6y\u00fc olan \u0130hsaniye Mahallesi\u2019ni, yurt \u00e7ap\u0131nda tan\u0131tmak ve hak etti\u011fi de\u011fere ula\u015ft\u0131rmak i\u00e7in \u00fczerlerine d\u00fc\u015feni yapacaklar\u0131n\u0131 vurgulad\u0131. Belediye olarak; Melemez\u2019e 4 adet \u201cEk\u015fi Maya Girit Ekme\u011fi F\u0131r\u0131n\u0131\u201d yapt\u0131klar\u0131n\u0131, yak\u0131nda 1 tane de daha yapacaklar\u0131n\u0131 kaydeden Ba\u015fkan G\u00fcltak, \u201cMahalleli kad\u0131nlar; bu tand\u0131rlarda geleneksel ek\u015fi mayal\u0131 ekmeklerini \u00fcretiyor, b\u00f6ylece k\u00fclt\u00fcrel bir miras\u0131 da s\u00fcrd\u00fcr\u00fcyorlar. Ayr\u0131ca kurdu\u011fumuz kad\u0131n kooperatifinde de kendilerine yer verdik. Kad\u0131nlar; kooperatif \u00fczerinden veya bireysel olarak \u00fcrettikleri ekmekleri satabilecek. \u0130hsaniye\u2019yi, Melemez\u2019i, di\u011fer ad\u0131yla da Girit k\u00f6y\u00fcm\u00fcz\u00fc, t\u00fcm \u00fclkemize tan\u0131tmak i\u00e7in elimizden geleni yapaca\u011f\u0131z\u201d dedi.<\/p>\n<p>Bir kamu hizmeti veren, vatanda\u015flarla devlet kurumlar\u0131 aras\u0131nda ileti\u015fim kuran muhtarlar\u0131 \u00e7ok \u00f6nemsedi\u011finin de alt\u0131n\u0131 \u00e7izen Ba\u015fkan Mustafa G\u00fcltak, Ekim ay\u0131ndan itibaren Akdeniz il\u00e7esine ba\u011fl\u0131 65 mahalle muhtarl\u0131k binas\u0131n\u0131n elektrik, su, telefon ve internet faturalar\u0131n\u0131n 400 liraya kadar olan k\u0131sm\u0131n\u0131 belediye olarak kar\u015f\u0131layacaklar\u0131n\u0131 da ifade etti.\u00a0<\/p>\n<p>\u201cVatanda\u015flar\u0131m\u0131z\u0131n taleplerini yerinde dinliyoruz\u201d<\/p>\n<p>Mahallelerde bulunan okul, cami ve spor sahalar\u0131n\u0131n yan\u0131 s\u0131ra, yard\u0131ma muhta\u00e7 vatanda\u015flar\u0131 da evlerinde ziyaret eden Ba\u015fkan G\u00fcltak; bizzat g\u00f6rd\u00fc\u011f\u00fc eksiklikleri not ettirip, giderilmesi i\u00e7in m\u00fcd\u00fcrl\u00fckleri aray\u0131p talimat verdi. Ba\u015fkan G\u00fcltak; \u201cHalk\u0131m\u0131zla bir araya geldi\u011fimiz ziyarette, muhtar\u0131m\u0131z\u0131n ve vatanda\u015flar\u0131m\u0131z\u0131n sorunlar\u0131n\u0131 dinliyoruz. Bu ziyaretlerimiz \u00e7ok verimli ge\u00e7iyor. Mahallelerimizin ve vatanda\u015flar\u0131m\u0131z\u0131n ihtiyac\u0131n\u0131 duydu\u011fu hizmet ve \u00e7al\u0131\u015fmalar\u0131 sunaca\u011f\u0131z. \u00d6zellikle asfalt, yol veya kald\u0131r\u0131m gibi eksiklikleri olan b\u00f6lgelerimizde en yak\u0131n zamanda gereken \u00e7al\u0131\u015fmalar\u0131 ba\u015flataca\u011f\u0131z\u201d diye konu\u015ftu.\u00a0<br \/>\nVatanda\u015flara maske ve dezenfektan da\u011f\u0131t\u0131ld\u0131<br \/>\nAkdeniz Belediye Ba\u015fkan\u0131 Mustafa G\u00fcltak\u2019\u0131n; \u0130hsaniye (Melemez), Sar\u0131ibrahimli, Evci, Nacarl\u0131 ve Ba\u011flarba\u015f\u0131 ziyaretleri s\u0131ras\u0131nda zab\u0131ta ekipleri de Koronavir\u00fcs salg\u0131n\u0131na kar\u015f\u0131 mahalle sakinlerine maske ve dezenfektan da\u011f\u0131tt\u0131.\u00a0<\/p>\n","protected":false},"excerpt":{"rendered":"<p>Akdeniz Belediye Ba\u015fkan\u0131 M. Mustafa G\u00fcltak; il\u00e7enin k\u0131rsal yerle\u015fim b\u00f6lgeleri olan ve \u00f6zellikle tar\u0131msal \u00fcretimle \u00f6ne \u00e7\u0131kan \u0130hsaniye (Melemez), Sar\u0131ibrahimli, Evci, Nacarl\u0131 ve Ba\u011flarba\u015f\u0131 mahallelerini ziyaret etti.\u00a0 AK Parti Akdeniz &hellip; <a href=\"https:\/\/akdenizolaygazetesi.com\/?p=8542\" class=\"more-link\">Devam\u0131n\u0131 Oku&#8230;<\/a><\/p>\n","protected":false},"author":1,"featured_media":0,"comment_status":"open","ping_status":"open","sticky":false,"template":"","format":"standard","meta":[],"categories":[],"tags":[],"_links":{"self":[{"href":"https:\/\/akdenizolaygazetesi.com\/index.php?rest_route=\/wp\/v2\/posts\/8542"}],"collection":[{"href":"https:\/\/akdenizolaygazetesi.com\/index.php?rest_route=\/wp\/v2\/posts"}],"about":[{"href":"https:\/\/akdenizolaygazetesi.com\/index.php?rest_route=\/wp\/v2\/types\/post"}],"author":[{"embeddable":true,"href":"https:\/\/akdenizolaygazetesi.com\/index.php?rest_route=\/wp\/v2\/users\/1"}],"replies":[{"embeddable":true,"href":"https:\/\/akdenizolaygazetesi.com\/index.php?rest_route=%2Fwp%2Fv2%2Fcomments&post=8542"}],"version-history":[{"count":0,"href":"https:\/\/akdenizolaygazetesi.com\/index.php?rest_route=\/wp\/v2\/posts\/8542\/revisions"}],"wp:attachment":[{"href":"https:\/\/akdenizolaygazetesi.com\/index.php?rest_route=%2Fwp%2Fv2%2Fmedia&parent=8542"}],"wp:term":[{"taxonomy":"category","embeddable":true,"href":"https:\/\/akdenizolaygazetesi.com\/index.php?rest_route=%2Fwp%2Fv2%2Fcategories&post=8542"},{"taxonomy":"post_tag","embeddable":true,"href":"https:\/\/akdenizolaygazetesi.com\/index.php?rest_route=%2Fwp%2Fv2%2Ftags&post=8542"}],"curies":[{"name":"wp","href":"https:\/\/api.w.org\/{rel}","templated":true}]}}