{"id":8543,"date":"2020-11-04T18:29:00","date_gmt":"2020-11-04T15:29:00","guid":{"rendered":"http:\/\/mersinekonomipolitikagazetesi.com\/?p=8543"},"modified":"2020-11-04T18:29:00","modified_gmt":"2020-11-04T15:29:00","slug":"koydeki-engelli-cocuklar-unutulmadi","status":"publish","type":"post","link":"https:\/\/akdenizolaygazetesi.com\/?p=8543","title":{"rendered":"K\u00f6ydeki engelli \u00e7ocuklar unutulmad\u0131"},"content":{"rendered":"<p><span style=\"line-height: 1.6em;\">\u00a0Mersin Aile \u00c7al\u0131\u015fma ve Sosyal Hizmetler \u0130l M\u00fcd\u00fcrl\u00fc\u011f\u00fc b\u00fcnyesinde faaliyet g\u00f6steren \u00c7ocuk Haklar\u0131 \u00c7ocuk Komitesi \u00fcyeleri, D\u00fcnya \u00c7ocuk G\u00fcn\u00fc&#8217;nde k\u00f6ydeki engelli \u00e7ocuklar\u0131 ziyaret ederek \u00e7e\u015fitli hediyeler verdi.\u00a0<\/span><\/p>\n<p>\u0130l \u00c7ocuk Haklar\u0131 Koordinat\u00f6r\u00fc Mustafa Sar\u0131, pandemiden dolay\u0131 D\u00fcnya \u00c7ocuk G\u00fcn\u00fc&#8217;n\u00fcn kutlama etkinli\u011fi yapamad\u0131klar\u0131n\u0131 belirterek, &#8220;Ancak fark\u0131ndal\u0131k olu\u015fturmak amac\u0131yla k\u00f6ylerde ya\u015fayan engelli \u00e7ocuklar\u0131m\u0131z\u0131, Bakanl\u0131\u011f\u0131m\u0131z\u0131n &#8216;Engelli \u00e7ocuklarla bulu\u015fma projesi&#8217; kapsam\u0131nda ziyaret ettik. Proje kapsam\u0131nda Mersin merkez beldelerinde engelli \u00e7ocuklar\u0131m\u0131z\u0131 ziyaretimiz devam edecektir. Amac\u0131m\u0131z onlarla birlikteli\u011fimizi peki\u015ftirmek ve yaln\u0131z olmad\u0131klar\u0131n\u0131 hissettirmektir&#8221; dedi.\u00a0<\/p>\n","protected":false},"excerpt":{"rendered":"<p>\u00a0Mersin Aile \u00c7al\u0131\u015fma ve Sosyal Hizmetler \u0130l M\u00fcd\u00fcrl\u00fc\u011f\u00fc b\u00fcnyesinde faaliyet g\u00f6steren \u00c7ocuk Haklar\u0131 \u00c7ocuk Komitesi \u00fcyeleri, D\u00fcnya \u00c7ocuk G\u00fcn\u00fc&#8217;nde k\u00f6ydeki engelli \u00e7ocuklar\u0131 ziyaret ederek \u00e7e\u015fitli hediyeler verdi.\u00a0 \u0130l \u00c7ocuk Haklar\u0131 &hellip; <a href=\"https:\/\/akdenizolaygazetesi.com\/?p=8543\" class=\"more-link\">Devam\u0131n\u0131 Oku&#8230;<\/a><\/p>\n","protected":false},"author":1,"featured_media":0,"comment_status":"open","ping_status":"open","sticky":false,"template":"","format":"standard","meta":[],"categories":[],"tags":[],"_links":{"self":[{"href":"https:\/\/akdenizolaygazetesi.com\/index.php?rest_route=\/wp\/v2\/posts\/8543"}],"collection":[{"href":"https:\/\/akdenizolaygazetesi.com\/index.php?rest_route=\/wp\/v2\/posts"}],"about":[{"href":"https:\/\/akdenizolaygazetesi.com\/index.php?rest_route=\/wp\/v2\/types\/post"}],"author":[{"embeddable":true,"href":"https:\/\/akdenizolaygazetesi.com\/index.php?rest_route=\/wp\/v2\/users\/1"}],"replies":[{"embeddable":true,"href":"https:\/\/akdenizolaygazetesi.com\/index.php?rest_route=%2Fwp%2Fv2%2Fcomments&post=8543"}],"version-history":[{"count":0,"href":"https:\/\/akdenizolaygazetesi.com\/index.php?rest_route=\/wp\/v2\/posts\/8543\/revisions"}],"wp:attachment":[{"href":"https:\/\/akdenizolaygazetesi.com\/index.php?rest_route=%2Fwp%2Fv2%2Fmedia&parent=8543"}],"wp:term":[{"taxonomy":"category","embeddable":true,"href":"https:\/\/akdenizolaygazetesi.com\/index.php?rest_route=%2Fwp%2Fv2%2Fcategories&post=8543"},{"taxonomy":"post_tag","embeddable":true,"href":"https:\/\/akdenizolaygazetesi.com\/index.php?rest_route=%2Fwp%2Fv2%2Ftags&post=8543"}],"curies":[{"name":"wp","href":"https:\/\/api.w.org\/{rel}","templated":true}]}}