{"id":8550,"date":"2020-11-04T18:29:02","date_gmt":"2020-11-04T15:29:02","guid":{"rendered":"http:\/\/mersinekonomipolitikagazetesi.com\/?p=8550"},"modified":"2020-11-04T18:29:02","modified_gmt":"2020-11-04T15:29:02","slug":"mersinde-teror-operasyonu-6-gozalti","status":"publish","type":"post","link":"https:\/\/akdenizolaygazetesi.com\/?p=8550","title":{"rendered":"Mersin\u2019de ter\u00f6r operasyonu: 6 g\u00f6zalt\u0131"},"content":{"rendered":"<p><span style=\"line-height: 1.6em;\">Mersin\u2019de jandarma ekiplerince PKK\/KCK-PYD\/YPG silahl\u0131 ter\u00f6r \u00f6rg\u00fct\u00fcne y\u00f6nelik d\u00fczenlenen operasyonda, biri Suriye\u2019de silahl\u0131 olarak faaliyet g\u00f6steren 6 \u015f\u00fcphelinin yakalanarak g\u00f6zalt\u0131na al\u0131nd\u0131\u011f\u0131 bildirildi.\u00a0<\/span><\/p>\n<p>\u0130l Jandarma Komutanl\u0131\u011f\u0131ndan yap\u0131lan a\u00e7\u0131klamada, PKK\/KCK-PYD\/YPG silahl\u0131 ter\u00f6r \u00f6rg\u00fct\u00fcn\u00fcn faaliyetlerinin engellemesi ve de\u015fifre edilmesi amac\u0131yla yap\u0131lan \u00e7al\u0131\u015fmalar kapsam\u0131nda; 6-10 Ekim 2014 Kobani olaylar\u0131n\u0131n y\u0131l d\u00f6n\u00fcm\u00fcnde eylem ve etkinlik yapabilecekleri de\u011ferlendirilen \u015f\u00fcphelilere y\u00f6nelik operasyon d\u00fczenlendi\u011fi belirtildi. Mersin\u2019in merkez Toroslar ve Tarsus il\u00e7elerinde 6 \u015f\u00fcpheliye y\u00f6nelik e\u015f zamanl\u0131 d\u00fczenlenen operasyonda, Suriye\u2019de PKK\/KCK-PYD\/YPG i\u00e7erisinde silahl\u0131 olarak faaliyet g\u00f6sterdi\u011fi tespit edilen bir \u015f\u00fcpheli ile \u00f6rg\u00fct ad\u0131na milis\/i\u015fbirlik\u00e7i faaliyetlerinde bulunan ve sosyal medya hesaplar\u0131 \u00fczerinden \u00f6rg\u00fct propagandas\u0131 yapt\u0131klar\u0131 iddia edilen 5 \u015f\u00fcphelinin yakaland\u0131\u011f\u0131 kaydedildi.\u00a0<br \/>\nJandarma taraf\u0131ndan g\u00f6zalt\u0131na al\u0131nan 6 \u015f\u00fcpheli hakk\u0131nda adli i\u015flemlerin ba\u015flat\u0131ld\u0131\u011f\u0131 bildirildi.\u00a0<\/p>\n","protected":false},"excerpt":{"rendered":"<p>Mersin\u2019de jandarma ekiplerince PKK\/KCK-PYD\/YPG silahl\u0131 ter\u00f6r \u00f6rg\u00fct\u00fcne y\u00f6nelik d\u00fczenlenen operasyonda, biri Suriye\u2019de silahl\u0131 olarak faaliyet g\u00f6steren 6 \u015f\u00fcphelinin yakalanarak g\u00f6zalt\u0131na al\u0131nd\u0131\u011f\u0131 bildirildi.\u00a0 \u0130l Jandarma Komutanl\u0131\u011f\u0131ndan yap\u0131lan a\u00e7\u0131klamada, PKK\/KCK-PYD\/YPG silahl\u0131 ter\u00f6r &hellip; <a href=\"https:\/\/akdenizolaygazetesi.com\/?p=8550\" class=\"more-link\">Devam\u0131n\u0131 Oku&#8230;<\/a><\/p>\n","protected":false},"author":1,"featured_media":0,"comment_status":"open","ping_status":"open","sticky":false,"template":"","format":"standard","meta":[],"categories":[],"tags":[],"_links":{"self":[{"href":"https:\/\/akdenizolaygazetesi.com\/index.php?rest_route=\/wp\/v2\/posts\/8550"}],"collection":[{"href":"https:\/\/akdenizolaygazetesi.com\/index.php?rest_route=\/wp\/v2\/posts"}],"about":[{"href":"https:\/\/akdenizolaygazetesi.com\/index.php?rest_route=\/wp\/v2\/types\/post"}],"author":[{"embeddable":true,"href":"https:\/\/akdenizolaygazetesi.com\/index.php?rest_route=\/wp\/v2\/users\/1"}],"replies":[{"embeddable":true,"href":"https:\/\/akdenizolaygazetesi.com\/index.php?rest_route=%2Fwp%2Fv2%2Fcomments&post=8550"}],"version-history":[{"count":0,"href":"https:\/\/akdenizolaygazetesi.com\/index.php?rest_route=\/wp\/v2\/posts\/8550\/revisions"}],"wp:attachment":[{"href":"https:\/\/akdenizolaygazetesi.com\/index.php?rest_route=%2Fwp%2Fv2%2Fmedia&parent=8550"}],"wp:term":[{"taxonomy":"category","embeddable":true,"href":"https:\/\/akdenizolaygazetesi.com\/index.php?rest_route=%2Fwp%2Fv2%2Fcategories&post=8550"},{"taxonomy":"post_tag","embeddable":true,"href":"https:\/\/akdenizolaygazetesi.com\/index.php?rest_route=%2Fwp%2Fv2%2Ftags&post=8550"}],"curies":[{"name":"wp","href":"https:\/\/api.w.org\/{rel}","templated":true}]}}