{"id":8553,"date":"2020-11-04T18:29:02","date_gmt":"2020-11-04T15:29:02","guid":{"rendered":"http:\/\/mersinekonomipolitikagazetesi.com\/?p=8553"},"modified":"2020-11-04T18:29:02","modified_gmt":"2020-11-04T15:29:02","slug":"mersin-ve-adananin-eylul-enflasyonu-yuzde-1180","status":"publish","type":"post","link":"https:\/\/akdenizolaygazetesi.com\/?p=8553","title":{"rendered":"Mersin ve Adana\u2019n\u0131n eyl\u00fcl enflasyonu y\u00fczde 11,80"},"content":{"rendered":"<p><span style=\"line-height: 1.6em;\">\u00a0Mersin ve Adana\u2019dan olu\u015fan TR62 b\u00f6lgesinin eyl\u00fcl ay\u0131 enflasyonu y\u00fczde 11,80 olarak a\u00e7\u0131kland\u0131. Mersin ve Adana\u2019da eyl\u00fcl ay\u0131nda fiyat\u0131 en \u00e7ok artan \u00fcr\u00fcn kabak olurken, en \u00e7ok d\u00fc\u015fen \u00fcr\u00fcn ise limon oldu.\u00a0<\/span><\/p>\n<p>T\u00fcrkiye \u0130statistik Kurumu (T\u00dc\u0130K) Adana B\u00f6lge M\u00fcd\u00fcrl\u00fc\u011f\u00fc, kurumun a\u00e7\u0131klad\u0131\u011f\u0131 eyl\u00fcl ay\u0131 enflasyon rakamlar\u0131n\u0131, Mersin ve Adana illerinden olu\u015fan TR62 B\u00f6lgesi a\u00e7\u0131s\u0131ndan de\u011ferlendirdi.\u00a0<\/p>\n<p>Mersin ve Adana\u2019n\u0131n eyl\u00fcl ay\u0131 enflasyonu y\u00fczde 11,80\u00a0<br \/>\nT\u00dc\u0130K Adana B\u00f6lge M\u00fcd\u00fcrl\u00fc\u011f\u00fcnden yap\u0131lan a\u00e7\u0131klamada, Mersin ve Adana\u2019da eyl\u00fcl ay\u0131 t\u00fcketici fiyat endeksi (T\u00dcFE) de\u011fi\u015fim oranlar\u0131 payla\u015f\u0131ld\u0131. Buna g\u00f6re, Mersin ve Adana illerinden olu\u015fan TR62 B\u00f6lgesinde, T\u00dcFE\u2019de 2020 y\u0131l\u0131 eyl\u00fcl ay\u0131nda bir \u00f6nceki aya g\u00f6re y\u00fczde 1,08; bir \u00f6nceki y\u0131l\u0131n aral\u0131k ay\u0131na g\u00f6re y\u00fczde 8,32; bir \u00f6nceki y\u0131l\u0131n ayn\u0131 ay\u0131na g\u00f6re y\u00fczde 11,80 ve on iki ayl\u0131k ortalamalara g\u00f6re y\u00fczde 11,51 oran\u0131nda art\u0131\u015f ger\u00e7ekle\u015fti.\u00a0<\/p>\n<p>Mersin ve Adana\u2019da zam \u015fampiyonu kabak oldu\u00a0<br \/>\nT\u00fcrkiye genelinde T\u00dcFE&#8217;de ayl\u0131k olarak fiyat\u0131 en y\u00fcksek art\u0131\u015f g\u00f6steren maddenin y\u00fczde 18,65 de\u011fi\u015fim oran\u0131 ile patl\u0131can oldu\u011fu, TR62 B\u00f6lgesinde ise ayl\u0131k olarak en y\u00fcksek art\u0131\u015f g\u00f6steren maddenin y\u00fczde 25,60 ile kabak oldu\u011fu belirtildi.\u00a0<br \/>\nT\u00fcrkiye genelinde T\u00dcFE&#8217;de ayl\u0131k olarak fiyat\u0131 en fazla d\u00fc\u015f\u00fc\u015f g\u00f6steren maddenin y\u00fczde 22,07 de\u011fi\u015fim oran\u0131 ile limon oldu\u011fu, TR62 Adana B\u00f6lgesinde ise ayl\u0131k olarak en fazla d\u00fc\u015f\u00fc\u015f g\u00f6steren maddenin y\u00fczde 19,71 ile limon oldu\u011fu ifade edildi.\u00a0<\/p>\n","protected":false},"excerpt":{"rendered":"<p>\u00a0Mersin ve Adana\u2019dan olu\u015fan TR62 b\u00f6lgesinin eyl\u00fcl ay\u0131 enflasyonu y\u00fczde 11,80 olarak a\u00e7\u0131kland\u0131. Mersin ve Adana\u2019da eyl\u00fcl ay\u0131nda fiyat\u0131 en \u00e7ok artan \u00fcr\u00fcn kabak olurken, en \u00e7ok d\u00fc\u015fen \u00fcr\u00fcn ise &hellip; <a href=\"https:\/\/akdenizolaygazetesi.com\/?p=8553\" class=\"more-link\">Devam\u0131n\u0131 Oku&#8230;<\/a><\/p>\n","protected":false},"author":1,"featured_media":0,"comment_status":"open","ping_status":"open","sticky":false,"template":"","format":"standard","meta":[],"categories":[],"tags":[],"_links":{"self":[{"href":"https:\/\/akdenizolaygazetesi.com\/index.php?rest_route=\/wp\/v2\/posts\/8553"}],"collection":[{"href":"https:\/\/akdenizolaygazetesi.com\/index.php?rest_route=\/wp\/v2\/posts"}],"about":[{"href":"https:\/\/akdenizolaygazetesi.com\/index.php?rest_route=\/wp\/v2\/types\/post"}],"author":[{"embeddable":true,"href":"https:\/\/akdenizolaygazetesi.com\/index.php?rest_route=\/wp\/v2\/users\/1"}],"replies":[{"embeddable":true,"href":"https:\/\/akdenizolaygazetesi.com\/index.php?rest_route=%2Fwp%2Fv2%2Fcomments&post=8553"}],"version-history":[{"count":0,"href":"https:\/\/akdenizolaygazetesi.com\/index.php?rest_route=\/wp\/v2\/posts\/8553\/revisions"}],"wp:attachment":[{"href":"https:\/\/akdenizolaygazetesi.com\/index.php?rest_route=%2Fwp%2Fv2%2Fmedia&parent=8553"}],"wp:term":[{"taxonomy":"category","embeddable":true,"href":"https:\/\/akdenizolaygazetesi.com\/index.php?rest_route=%2Fwp%2Fv2%2Fcategories&post=8553"},{"taxonomy":"post_tag","embeddable":true,"href":"https:\/\/akdenizolaygazetesi.com\/index.php?rest_route=%2Fwp%2Fv2%2Ftags&post=8553"}],"curies":[{"name":"wp","href":"https:\/\/api.w.org\/{rel}","templated":true}]}}