{"id":8555,"date":"2020-11-04T18:29:02","date_gmt":"2020-11-04T15:29:02","guid":{"rendered":"http:\/\/mersinekonomipolitikagazetesi.com\/?p=8555"},"modified":"2020-11-04T18:29:02","modified_gmt":"2020-11-04T15:29:02","slug":"yumuktepede-kazilara-salgin-engeli","status":"publish","type":"post","link":"https:\/\/akdenizolaygazetesi.com\/?p=8555","title":{"rendered":"Yumuktepe&#8217;de kaz\u0131lara salg\u0131n engeli"},"content":{"rendered":"<p><span style=\"line-height: 1.6em;\">Mersin\u2019de ge\u00e7mi\u015fi 9 bin y\u0131l \u00f6ncesine dayanan Yumuktepe H\u00f6y\u00fc\u011f\u00fcnde bu y\u0131l kaz\u0131lar korona vir\u00fcs (Covid-19) dolay\u0131s\u0131yla yap\u0131lam\u0131yor. Salg\u0131n dolay\u0131s\u0131yla Kaz\u0131 Ba\u015fkan\u0131 Isabella Caneva da bu y\u0131l gelemezken, 3 ki\u015filik ekip b\u00f6lgede temizlik ve koruma \u00e7al\u0131\u015fmas\u0131 yap\u0131yor.\u00a0<\/span><\/p>\n<p>M.\u00d6. 7 binli y\u0131llarda Neolitik \u00c7a\u011fda yerle\u015fim yeri olan Mersin\u2019in merkez Toroslar il\u00e7esindeki Yumuktepe H\u00f6y\u00fc\u011f\u00fcnde, bu y\u0131l pandemi dolay\u0131s\u0131yla kaz\u0131 yap\u0131lam\u0131yor. K\u00fclt\u00fcr ve Turizm Bakanl\u0131\u011f\u0131, b\u00f6lgenin korunmas\u0131 ve yap\u0131lan kaz\u0131 \u00e7al\u0131\u015fmalar\u0131n\u0131n zarar g\u00f6rmemesi i\u00e7in temizlik ve koruma amac\u0131yla \u00e7al\u0131\u015fma ba\u015flatt\u0131. Kaz\u0131 Ba\u015fkan\u0131 \u0130talya Lecce \u00dcniversitesi Arkeoloji B\u00f6l\u00fcm\u00fc \u00d6\u011fretim \u00dcyesi Prof. Dr. Isabella Caneva da pandemi dolay\u0131s\u0131yla T\u00fcrkiye&#8217;ye gelemezken, K\u00fctahya Dumlup\u0131nar \u00dcniversitesi Arkeoloji B\u00f6l\u00fcm\u00fcnden Dr. Orkun Hamza Kayci&#8217;nin kaz\u0131 ba\u015fkan yard\u0131mc\u0131l\u0131\u011f\u0131n\u0131 yapt\u0131\u011f\u0131 3 ki\u015filik ekip, b\u00f6lgede temizlik ve koruma \u00e7al\u0131\u015fmas\u0131 yap\u0131yor. 15 g\u00fcnl\u00fck \u00e7al\u0131\u015fma ile t\u00fcm alanda temizlik ve koruma \u00e7al\u0131\u015fmas\u0131 yap\u0131lacak.\u00a0<\/p>\n<p>&#8220;Temizlik ve duvarlar\u0131 korumak i\u00e7in \u00e7al\u0131\u015fma yap\u0131yoruz&#8221;\u00a0<br \/>\nYapt\u0131klar\u0131 \u00e7al\u0131\u015fmalarla ilgili konu\u015fan Kaz\u0131 Ba\u015fkan Yard\u0131mc\u0131s\u0131 Dr. Orkun Hamza Kayci, bu sene pandemiden dolay\u0131 kaz\u0131 \u00e7al\u0131\u015fmalar\u0131n\u0131n yap\u0131lamad\u0131\u011f\u0131n\u0131 s\u00f6yledi. K\u00fclt\u00fcr ve Turizm Bakanl\u0131\u011f\u0131\u2019n\u0131n sadece \u00e7evre temizli\u011fi ve kaz\u0131 alanlar\u0131nda koruma yap\u0131lmaya y\u00f6nelik izin \u00e7\u0131kard\u0131\u011f\u0131n\u0131 belirten Kayci, \u201cTemizlik ile kerpi\u00e7 ve ta\u015f duvarlar\u0131 korumak i\u00e7in \u00e7al\u0131\u015fma yap\u0131yoruz. Daha \u00e7ok bu koruma ot temizli\u011finden sonra \u00f6zel \u00f6rt\u00fclerle mevcut ta\u015f ve kerpi\u00e7 duvarlar\u0131 kapat\u0131p, \u00fczerini topraklayarak korumaya al\u0131yoruz ki herhangi bir zarar gelmesin, bir erozyonda y\u0131k\u0131l\u0131p, tahribata u\u011framas\u0131n. Bu sene \u00e7al\u0131\u015ft\u0131\u011f\u0131m\u0131z t\u00fcm alanlarda koruma ger\u00e7ekle\u015ftirdik. Yani hem neolitikte hem kalkolitik k\u00fclt\u00fcr katmalar\u0131nda hem de Hitit ve orta\u00e7a\u011f katmanlar\u0131nda korumaya y\u00f6nelik \u00e7al\u0131\u015fmalar ger\u00e7ekle\u015ftirdik. \u015eu anda kalkolitik tabanda koruma yap\u0131yoruz. \u00c7ok \u00f6nemli bir ilkleri temsil ediyor. \u00d6zellikle a\u015fa\u011f\u0131daki alan Yumuktepe\u2019nin me\u015fhur 16. Tabakas\u0131d\u0131r. Buras\u0131 Kalkolitik d\u00f6nemin ba\u015f\u0131na tarihleniyor. Sonras\u0131nda 15. Tabaka geliyor. Yo\u011fun kerpi\u00e7 malzemeden olu\u015fan bir mimariyi i\u00e7eriyor. Buras\u0131 da \u00e7ok \u00f6nemli bir tabaka&#8221; dedi.\u00a0<\/p>\n<p>&#8220;Yumuktepe \u00c7ukurova i\u00e7in \u00e7ok \u00f6nemli bir de\u011fer&#8221;\u00a0<br \/>\nYumuktepe&#8217;nin \u00e7ok \u00f6nemli bir de\u011fer oldu\u011funu vurgulayan Kayci, &#8220;O y\u00fczden bu sene \u00e7ok k\u00fc\u00e7\u00fck bir ekipte olsa burada \u00e7al\u0131\u015fma yapmak istedik ve buray\u0131 korumaya al\u0131yoruz. Tabi bunlar k\u0131smi koruma. Daha sonras\u0131nda bir arkeopark projemiz var. \u00d6zellikle bu Kalkolitik alan\u0131n \u00fcst\u00fc bir \u00e7at\u0131 ile kaplanacak. Umar\u0131m gerekli kurullardan, kurumlardan bu proje ge\u00e7tikten sonra yerel kurulu\u015flar\u0131m\u0131zla beraber bunun uygulamas\u0131n\u0131 ger\u00e7ekle\u015ftirece\u011fiz. Yumuktepe ve Mersinliler i\u00e7in asl\u0131nda t\u00fcm \u00c7ukurova i\u00e7in \u00e7ok \u00f6nemli bir de\u011fer olacak ve proje ger\u00e7ekle\u015ftikten sonra ziyarete a\u00e7\u0131lacak. Seneye yine bu d\u00f6nelerde kaz\u0131 \u00e7al\u0131\u015fmas\u0131 yapmay\u0131 planl\u0131yoruz. Kaz\u0131 Ba\u015fkan\u0131m\u0131z Prof. Dr. Isabella Caneva pandemi dolay\u0131s\u0131yla gelemedi. Umar\u0131m bu pandemiyi t\u00fcm d\u00fcnya olarak atlatt\u0131ktan sonra, kendisinin ba\u015fkanl\u0131\u011f\u0131nda b\u00fcy\u00fck bir ekiple burada kaz\u0131 \u00e7al\u0131\u015fmalar\u0131m\u0131za devam edece\u011fiz\u201d diye konu\u015ftu.\u00a0<\/p>\n<p>&#8220;D\u00fcnyada arkeoloji e\u011fitimi alan herkes Yumuktepe&#8217;yi bilir&#8221;\u00a0<br \/>\nYumuktepe kaz\u0131lar\u0131n\u0131n 1930\u2019lu y\u0131llarda ba\u015flad\u0131\u011f\u0131na dikkat \u00e7eken Kayci, \u201cBir kere yak\u0131n do\u011fu \u00fczerine arkeoloji e\u011fitimi alan herkes, t\u00fcm d\u00fcnyadaki okullarda bu b\u00f6l\u00fcm\u00fc okuyanlar Yumuktepe\u2019yi bilir. \u00d6zellikle ilk \u0130ngiliz kaz\u0131lar\u0131nda buras\u0131 &#8216;tarih \u00f6ncesi&#8217; Mersin olarak adland\u0131r\u0131lm\u0131\u015ft\u0131r. Asl\u0131nda buran\u0131n bir\u00e7ok \u00f6nemi var. M.\u00d6. 7 binli y\u0131llardan ba\u015flay\u0131p, M.S. 13\u2019\u00fcnc\u00fc y\u00fczy\u0131la kadar devam eden kesintisiz bir tabakala\u015fma var. Buna biz yakla\u015f\u0131k 9 bin y\u0131ll\u0131k bir bilgi ar\u015fivi diyoruz. O y\u00f6nden Mersin i\u00e7in \u00f6nemli. \u00c7ukurova da bir\u00e7ok h\u00f6y\u00fck bulunmakta ama b\u00fct\u00fcn katmanlarda kaz\u0131s\u0131 ger\u00e7ekle\u015ftirilen tek h\u00f6y\u00fck Yumuktepe. O y\u00fczden \u00c7ukurova&#8217;n\u0131n t\u00fcm kronolojisini Yumuktepe\u2019de elde edebiliyoruz. O y\u00fczden de referans bir yerle\u015fim konumuna geliyor\u201d \u015feklinde konu\u015ftu.\u00a0<\/p>\n","protected":false},"excerpt":{"rendered":"<p>Mersin\u2019de ge\u00e7mi\u015fi 9 bin y\u0131l \u00f6ncesine dayanan Yumuktepe H\u00f6y\u00fc\u011f\u00fcnde bu y\u0131l kaz\u0131lar korona vir\u00fcs (Covid-19) dolay\u0131s\u0131yla yap\u0131lam\u0131yor. Salg\u0131n dolay\u0131s\u0131yla Kaz\u0131 Ba\u015fkan\u0131 Isabella Caneva da bu y\u0131l gelemezken, 3 ki\u015filik ekip &hellip; <a href=\"https:\/\/akdenizolaygazetesi.com\/?p=8555\" class=\"more-link\">Devam\u0131n\u0131 Oku&#8230;<\/a><\/p>\n","protected":false},"author":1,"featured_media":0,"comment_status":"open","ping_status":"open","sticky":false,"template":"","format":"standard","meta":[],"categories":[],"tags":[],"_links":{"self":[{"href":"https:\/\/akdenizolaygazetesi.com\/index.php?rest_route=\/wp\/v2\/posts\/8555"}],"collection":[{"href":"https:\/\/akdenizolaygazetesi.com\/index.php?rest_route=\/wp\/v2\/posts"}],"about":[{"href":"https:\/\/akdenizolaygazetesi.com\/index.php?rest_route=\/wp\/v2\/types\/post"}],"author":[{"embeddable":true,"href":"https:\/\/akdenizolaygazetesi.com\/index.php?rest_route=\/wp\/v2\/users\/1"}],"replies":[{"embeddable":true,"href":"https:\/\/akdenizolaygazetesi.com\/index.php?rest_route=%2Fwp%2Fv2%2Fcomments&post=8555"}],"version-history":[{"count":0,"href":"https:\/\/akdenizolaygazetesi.com\/index.php?rest_route=\/wp\/v2\/posts\/8555\/revisions"}],"wp:attachment":[{"href":"https:\/\/akdenizolaygazetesi.com\/index.php?rest_route=%2Fwp%2Fv2%2Fmedia&parent=8555"}],"wp:term":[{"taxonomy":"category","embeddable":true,"href":"https:\/\/akdenizolaygazetesi.com\/index.php?rest_route=%2Fwp%2Fv2%2Fcategories&post=8555"},{"taxonomy":"post_tag","embeddable":true,"href":"https:\/\/akdenizolaygazetesi.com\/index.php?rest_route=%2Fwp%2Fv2%2Ftags&post=8555"}],"curies":[{"name":"wp","href":"https:\/\/api.w.org\/{rel}","templated":true}]}}