{"id":8556,"date":"2020-11-04T18:29:02","date_gmt":"2020-11-04T15:29:02","guid":{"rendered":"http:\/\/mersinekonomipolitikagazetesi.com\/?p=8556"},"modified":"2020-11-04T18:29:02","modified_gmt":"2020-11-04T15:29:02","slug":"27-yillik-karacaoglan-goleti-projesinde-calismalar-yeniden-basladi","status":"publish","type":"post","link":"https:\/\/akdenizolaygazetesi.com\/?p=8556","title":{"rendered":"27 y\u0131ll\u0131k Karacao\u011flan G\u00f6leti Projesi&#8217;nde \u00e7al\u0131\u015fmalar yeniden ba\u015flad\u0131"},"content":{"rendered":"<p><span style=\"line-height: 1.6em;\">\u00a0Mersin&#8217;in Erdemli il\u00e7esinde proje \u00e7al\u0131\u015fmas\u0131 27 y\u0131l \u00f6nce ba\u015flayan, yap\u0131m\u0131na ba\u015flansa da \u00e7e\u015fitli sebeplerle bir t\u00fcrl\u00fc tamamlanamayan Karacao\u011flan G\u00f6leti&#8217;de yap\u0131m \u00e7al\u0131\u015fmas\u0131na yeniden ba\u015fland\u0131. 30 metre g\u00f6vde y\u00fcksekli\u011fine sahip g\u00f6let, in\u015faat\u0131 tamamland\u0131\u011f\u0131nda 2 milyon 723 bin metrek\u00fcp su tutacak ve 8 mahalledeki 14 bin dekar verimli tar\u0131m arazisinin sulanmas\u0131n\u0131 sa\u011flayacak.\u00a0<\/span><\/p>\n<p>AK Parti Mersin \u0130l Ba\u015fkan Yard\u0131mc\u0131s\u0131 ve Te\u015fkilat Ba\u015fkan\u0131 Ali G\u00f6lc\u00fck, AK Parti Erdemli \u0130l\u00e7e Ba\u015fkan\u0131 Serdal Kaya ve Erdemli Ziraat Odas\u0131 Ba\u015fkan\u0131 Rasim \u015eahin, yap\u0131m\u0131na yeniden ba\u015flanan g\u00f6leti mahalle muhtarlar\u0131 ve vatanda\u015flarla birlikte inceledi.\u00a0<br \/>\n\u0130l\u00e7e Ba\u015fkan\u0131 Serdal Kaya, TBMM Plan B\u00fct\u00e7e Komisyonu Ba\u015fkan\u0131 Mersin Milletvekili L\u00fctfi Elvan, Mersin Milletvekilleri Hac\u0131 \u00d6zkan, Zeynep G\u00fcl Y\u0131lmaz, Ali Cumhur Ta\u015fk\u0131n ve \u0130l Ba\u015fkan\u0131 Cesim Ercik\u2019in giri\u015fimleri sonucu g\u00f6let in\u015faat\u0131n\u0131n yeniden ba\u015flad\u0131\u011f\u0131n\u0131 belirtti.\u00a0<\/p>\n<p>&#8216;Neredeyse baraj denginde bir g\u00f6let&#8217;\u00a0<br \/>\nKaya, &#8220;Daha \u00f6nceden buran\u0131n y\u00fczde 30&#8217;u tamamlanm\u0131\u015ft\u0131, ihalesine \u00e7\u0131k\u0131lm\u0131\u015ft\u0131 ama herhangi bir hareketlilik olmam\u0131\u015ft\u0131. Bug\u00fcn Aks\u0131fat Baraj\u0131 g\u00f6vdesi tamamland\u0131, Sorgun Baraj\u0131m\u0131zda \u00e7al\u0131\u015fmalar devam ediyor, Karacao\u011flan G\u00f6leti&#8217;mizin de yap\u0131m\u0131na ba\u015flad\u0131k. Karacao\u011flan G\u00f6leti&#8217;miz burada 8 mahalleye hitap ediyor. Bu \u00e7ok \u00f6nemli bir proje. Neredeyse baraj denginde bir g\u00f6letimiz. Erdemlimize, memleketimize hay\u0131rl\u0131 olsun&#8221; diye konu\u015ftu.\u00a0<\/p>\n<p>&#8220;14 bin dekar arazi sulayacak&#8221;\u00a0<br \/>\nHac\u0131halil Arpa\u00e7 Mahallesi Muhtar\u0131 H\u00fcseyin Nergiz de, &#8220;Torak suyla bulu\u015ftu\u011fu zaman daha verimlidir. Bu topra\u011f\u0131m\u0131z\u0131n suyla bulu\u015fmas\u0131na vesile olan Cumhurba\u015fkan\u0131m\u0131zdan, il\u00e7e ba\u015fkan\u0131m\u0131za, bakanlar\u0131m\u0131za \u00e7ok te\u015fekk\u00fcr ediyoruz. Bu g\u00f6letimiz 14 bin dekar arazi sulayacakt\u0131r. Burada i\u015fsize i\u015f, a\u015fs\u0131za a\u015f olacakt\u0131r. Sulanacak 14 bin d\u00f6n\u00fcm arazide her t\u00fcrl\u00fc meyve a\u011fa\u00e7lar\u0131, sebze, hepsi yeti\u015fmektedir&#8221; dedi.\u00a0<br \/>\nSar\u0131yer Mahalle Muhtar\u0131 Bekir Demiraslan da, &#8220;\u00c7e\u015fmeli, Sar\u0131yer, Arpa\u00e7&#8217;ta limon \u00fcretiliyor. \u00dcr\u00fcnlerin sulanmas\u0131 i\u00e7in harcad\u0131\u011f\u0131m\u0131z elektrik dolay\u0131s\u0131yla a\u011f\u0131r fatura tutar\u0131 geliyor. Allah&#8217;\u0131n izniyle bu g\u00f6let bitti\u011finde k\u00f6yl\u00fclerimiz ekonomik olarak rahata kavu\u015facak. Vesile olan siyasilerden, muhtarlar\u0131m\u0131zdan Allah raz\u0131 olsun&#8221; diye konu\u015ftu.\u00a0<br \/>\nS\u0131ra\u00e7 Mahalle Muhtar\u0131 Musa \u00d6zdeniz de, Karak\u0131z G\u00f6letini mahalleleri ile bulu\u015fturduklar\u0131n\u0131 ve s\u0131ran\u0131n Karacao\u011flan g\u00f6letin de oldu\u011funu belirtti. \u00d6zdeniz, &#8220;8 y\u0131ld\u0131r Karak\u0131z G\u00f6leti boynu b\u00fck\u00fck ak\u0131yor. Nasip olurda Karacao\u011flun G\u00f6leti&#8217;nin suyunu da S\u0131ra\u00e7 Mahallemize getirebilirsek, el birli\u011fi ile iki a\u015f\u0131\u011f\u0131 bulu\u015fturaca\u011f\u0131z&#8221; dedi.\u00a0<\/p>\n<p>&#8220;\u00dcr\u00fcn \u00e7e\u015fitlili\u011fi ve katma de\u011fer artacak&#8221;\u00a0<br \/>\nErdemli Ziraat Odas\u0131 Ba\u015fkan\u0131 Rasim \u015eahin ise, &#8220;G\u00f6let i\u00e7in ilk kazma vuruldu. Daha \u00f6nce de bir miktar yap\u0131lm\u0131\u015ft\u0131 ama \u015fimdi \u00fcst tamamlamas\u0131 ba\u015flad\u0131. G\u00f6letimizin \u00e7ift\u00e7ilerimize, \u00fcreticilerimize, b\u00f6lge insan\u0131m\u0131za \u00e7ok b\u00fcy\u00fck faydas\u0131 olacakt\u0131r. Gerek \u00fcr\u00fcn \u00e7e\u015fitlili\u011fi y\u00f6n\u00fcnden gerekse de \u00fclkemize katma de\u011fer y\u00f6n\u00fcnden b\u00fcy\u00fck faydas\u0131 olacakt\u0131r&#8221; \u015feklinde konu\u015ftu.\u00a0<br \/>\nBin 600 rak\u0131m\u0131ndaki Karacao\u011flan G\u00f6leti k\u0131\u015f aylar\u0131nda akan sular\u0131n tek bir noktada toplanmas\u0131n\u0131 sa\u011flayacak. 20<\/p>\n","protected":false},"excerpt":{"rendered":"<p>\u00a0Mersin&#8217;in Erdemli il\u00e7esinde proje \u00e7al\u0131\u015fmas\u0131 27 y\u0131l \u00f6nce ba\u015flayan, yap\u0131m\u0131na ba\u015flansa da \u00e7e\u015fitli sebeplerle bir t\u00fcrl\u00fc tamamlanamayan Karacao\u011flan G\u00f6leti&#8217;de yap\u0131m \u00e7al\u0131\u015fmas\u0131na yeniden ba\u015fland\u0131. 30 metre g\u00f6vde y\u00fcksekli\u011fine sahip g\u00f6let, in\u015faat\u0131 &hellip; <a href=\"https:\/\/akdenizolaygazetesi.com\/?p=8556\" class=\"more-link\">Devam\u0131n\u0131 Oku&#8230;<\/a><\/p>\n","protected":false},"author":1,"featured_media":0,"comment_status":"open","ping_status":"open","sticky":false,"template":"","format":"standard","meta":[],"categories":[],"tags":[],"_links":{"self":[{"href":"https:\/\/akdenizolaygazetesi.com\/index.php?rest_route=\/wp\/v2\/posts\/8556"}],"collection":[{"href":"https:\/\/akdenizolaygazetesi.com\/index.php?rest_route=\/wp\/v2\/posts"}],"about":[{"href":"https:\/\/akdenizolaygazetesi.com\/index.php?rest_route=\/wp\/v2\/types\/post"}],"author":[{"embeddable":true,"href":"https:\/\/akdenizolaygazetesi.com\/index.php?rest_route=\/wp\/v2\/users\/1"}],"replies":[{"embeddable":true,"href":"https:\/\/akdenizolaygazetesi.com\/index.php?rest_route=%2Fwp%2Fv2%2Fcomments&post=8556"}],"version-history":[{"count":0,"href":"https:\/\/akdenizolaygazetesi.com\/index.php?rest_route=\/wp\/v2\/posts\/8556\/revisions"}],"wp:attachment":[{"href":"https:\/\/akdenizolaygazetesi.com\/index.php?rest_route=%2Fwp%2Fv2%2Fmedia&parent=8556"}],"wp:term":[{"taxonomy":"category","embeddable":true,"href":"https:\/\/akdenizolaygazetesi.com\/index.php?rest_route=%2Fwp%2Fv2%2Fcategories&post=8556"},{"taxonomy":"post_tag","embeddable":true,"href":"https:\/\/akdenizolaygazetesi.com\/index.php?rest_route=%2Fwp%2Fv2%2Ftags&post=8556"}],"curies":[{"name":"wp","href":"https:\/\/api.w.org\/{rel}","templated":true}]}}