{"id":8557,"date":"2020-11-04T18:29:02","date_gmt":"2020-11-04T15:29:02","guid":{"rendered":"http:\/\/mersinekonomipolitikagazetesi.com\/?p=8557"},"modified":"2020-11-04T18:29:02","modified_gmt":"2020-11-04T15:29:02","slug":"ozel-gereksinimli-gokhanin-yol-sevinci","status":"publish","type":"post","link":"https:\/\/akdenizolaygazetesi.com\/?p=8557","title":{"rendered":"\u00d6zel gereksinimli G\u00f6khan&#8217;\u0131n yol sevinci"},"content":{"rendered":"<p><span style=\"line-height: 1.6em;\">\u00a0Mersin&#8217;de merkez Toroslar il\u00e7esi Kerimler Mahallesi\u2019nde ikamet eden \u00f6zel gereksinimli G\u00f6khan Yal\u00e7\u0131n\u2019\u0131n evinin oldu\u011fu b\u00f6lgede yol \u00e7al\u0131\u015fmas\u0131 ger\u00e7ekle\u015ftirildi. G\u00f6khan Yal\u00e7\u0131n\u2019\u0131n ailesinin talebi \u00fczerine harekete ge\u00e7en ekipler, yapt\u0131klar\u0131 yolla hem G\u00f6khan\u2019\u0131n hem de ailesinin y\u00fcz\u00fcn\u00fc g\u00fcld\u00fcrd\u00fc.\u00a0<\/span><\/p>\n<p>Evlerinin \u00f6n\u00fcndeki ve etraf\u0131ndaki yolda G\u00f6khan\u2019\u0131n tekerlekli sandalyesini daha rahat bir \u015fekilde kullanabilmek i\u00e7in asfalt talebinde bulunan Yal\u00e7\u0131n ailesi, ayn\u0131 zamanda evde bak\u0131m hizmet arac\u0131 ve ambulans\u0131n soka\u011fa rahatl\u0131kla ula\u015fabilmesi amac\u0131yla d\u00fczenleme yap\u0131lmas\u0131n\u0131n gerekli oldu\u011funu iletti.\u00a0<br \/>\nMersin B\u00fcy\u00fck\u015fehir Belediyesi Yol Yap\u0131m Bak\u0131m ve Onar\u0131m Dairesi Ba\u015fkanl\u0131\u011f\u0131\u2019na ba\u011fl\u0131 ekipler, harekete ge\u00e7erek, yolda talep edilen t\u00fcm d\u00fczenlemeleri yap\u0131p, G\u00f6khan Yal\u00e7\u0131n ve ailesini yaln\u0131z b\u0131rakmad\u0131. Ekipler, yapt\u0131klar\u0131 \u00e7al\u0131\u015fmalar\u0131yla G\u00f6khan Yal\u00e7\u0131n&#8217;\u0131n istedi\u011fi yolu yapt\u0131. Y\u0131llard\u0131r her yere ba\u015fvuru yapt\u0131klar\u0131n\u0131 fakat bir t\u00fcrl\u00fc sonu\u00e7 alamad\u0131klar\u0131n\u0131 belirten ailenin talebine kulak veren B\u00fcy\u00fck\u015fehir Belediyesi, 20 y\u0131ll\u0131k sorunu ortadan kald\u0131rd\u0131.\u00a0<br \/>\nKerimler Mahallesi Muhtar\u0131 Mehmet Ersoy, G\u00f6khan Yal\u00e7\u0131n\u2019\u0131n evine ambulans ve hasta bak\u0131m arac\u0131n\u0131n \u00e7\u0131kamad\u0131\u011f\u0131n\u0131 s\u00f6yleyerek, \u201cAnne ve babas\u0131n\u0131n da kronik rahats\u0131zl\u0131\u011f\u0131ndan dolay\u0131 b\u00fcy\u00fck s\u0131k\u0131nt\u0131 ya\u015f\u0131yorduk. Verilen b\u00fct\u00fcn s\u00f6zlere ra\u011fmen hi\u00e7bir il\u00e7e belediyemizden yard\u0131m almam\u0131\u015ft\u0131k. B\u00fcy\u00fck\u015fehir Belediyemizin yapm\u0131\u015f oldu\u011fu bu hizmetlerden dolay\u0131 \u00e7ok te\u015fekk\u00fcr ediyoruz. \u00c7al\u0131\u015fan t\u00fcm ekiplere ve \u00f6zellikle Vahap Se\u00e7er Ba\u015fkan\u0131m\u0131za \u00e7ok te\u015fekk\u00fcr ediyoruz. \u00c7\u00fcnk\u00fc elzem bir ihtiya\u00e7t\u0131, insan can\u0131 s\u00f6z konusuydu. B\u00f6yle bir hizmete \u00e7ok ihtiyac\u0131m\u0131z vard\u0131\u201d dedi.\u00a0<br \/>\nY\u0131llard\u0131r bekledikleri hizmetin bir telefonla yap\u0131ld\u0131\u011f\u0131n\u0131 belirten G\u00f6khan Yal\u00e7\u0131n\u2019\u0131n ailesi, mutluluklar\u0131n\u0131 dile getirerek, Mersin B\u00fcy\u00fck\u015fehir Belediye Ba\u015fkan\u0131 Vahap Se\u00e7er\u2019e te\u015fekk\u00fcrlerini ve selamlar\u0131n\u0131 iletti.\u00a0<\/p>\n","protected":false},"excerpt":{"rendered":"<p>\u00a0Mersin&#8217;de merkez Toroslar il\u00e7esi Kerimler Mahallesi\u2019nde ikamet eden \u00f6zel gereksinimli G\u00f6khan Yal\u00e7\u0131n\u2019\u0131n evinin oldu\u011fu b\u00f6lgede yol \u00e7al\u0131\u015fmas\u0131 ger\u00e7ekle\u015ftirildi. G\u00f6khan Yal\u00e7\u0131n\u2019\u0131n ailesinin talebi \u00fczerine harekete ge\u00e7en ekipler, yapt\u0131klar\u0131 yolla hem G\u00f6khan\u2019\u0131n &hellip; <a href=\"https:\/\/akdenizolaygazetesi.com\/?p=8557\" class=\"more-link\">Devam\u0131n\u0131 Oku&#8230;<\/a><\/p>\n","protected":false},"author":1,"featured_media":0,"comment_status":"open","ping_status":"open","sticky":false,"template":"","format":"standard","meta":[],"categories":[],"tags":[],"_links":{"self":[{"href":"https:\/\/akdenizolaygazetesi.com\/index.php?rest_route=\/wp\/v2\/posts\/8557"}],"collection":[{"href":"https:\/\/akdenizolaygazetesi.com\/index.php?rest_route=\/wp\/v2\/posts"}],"about":[{"href":"https:\/\/akdenizolaygazetesi.com\/index.php?rest_route=\/wp\/v2\/types\/post"}],"author":[{"embeddable":true,"href":"https:\/\/akdenizolaygazetesi.com\/index.php?rest_route=\/wp\/v2\/users\/1"}],"replies":[{"embeddable":true,"href":"https:\/\/akdenizolaygazetesi.com\/index.php?rest_route=%2Fwp%2Fv2%2Fcomments&post=8557"}],"version-history":[{"count":0,"href":"https:\/\/akdenizolaygazetesi.com\/index.php?rest_route=\/wp\/v2\/posts\/8557\/revisions"}],"wp:attachment":[{"href":"https:\/\/akdenizolaygazetesi.com\/index.php?rest_route=%2Fwp%2Fv2%2Fmedia&parent=8557"}],"wp:term":[{"taxonomy":"category","embeddable":true,"href":"https:\/\/akdenizolaygazetesi.com\/index.php?rest_route=%2Fwp%2Fv2%2Fcategories&post=8557"},{"taxonomy":"post_tag","embeddable":true,"href":"https:\/\/akdenizolaygazetesi.com\/index.php?rest_route=%2Fwp%2Fv2%2Ftags&post=8557"}],"curies":[{"name":"wp","href":"https:\/\/api.w.org\/{rel}","templated":true}]}}