{"id":8558,"date":"2020-11-04T18:29:02","date_gmt":"2020-11-04T15:29:02","guid":{"rendered":"http:\/\/mersinekonomipolitikagazetesi.com\/?p=8558"},"modified":"2020-11-04T18:29:02","modified_gmt":"2020-11-04T15:29:02","slug":"sosyal-medyada-feryadi-duydular-akulu-arac-alip-babayi-sevindirdiler","status":"publish","type":"post","link":"https:\/\/akdenizolaygazetesi.com\/?p=8558","title":{"rendered":"Sosyal medyada feryad\u0131 duydular, ak\u00fcl\u00fc ara\u00e7 al\u0131p babay\u0131 sevindirdiler"},"content":{"rendered":"<p><span style=\"line-height: 1.6em;\">Mersin\u2019in Tarsus il\u00e7esinde, &#8216;Tarsus&#8217;ta Do\u011fup B\u00fcy\u00fcyenler Kimsiniz Grubu&#8217; Kurucusu Bayram Y\u0131ld\u0131z\u2019\u0131n ihtiya\u00e7 sahibi bir ki\u015fiye ak\u00fcl\u00fc araba iste\u011fine grup \u00fcyeleri kay\u0131ts\u0131z kalmayarak ak\u00fcl\u00fc ara\u00e7 ald\u0131.\u00a0<\/span><\/p>\n<p>Yeni Mahalle&#8217;de ikamet eden 3 \u00e7ocuk babas\u0131 i\u015fsiz Mehmet \u00c7evirgeno\u011flu\u2019nun bir aya\u011f\u0131 \u015feker hastal\u0131\u011f\u0131ndan dolay\u0131 ge\u00e7en \u015eubat ay\u0131nda kesildi. Tekerlekli sandalyeye binmek zorunda kalan Mehmet \u00c7evirgeno\u011flu\u2019nun \u00e7ar\u015f\u0131ya veya kent i\u00e7inde bir yerlere gidip gelebilmesi i\u00e7in ak\u00fcl\u00fc bir engelli arac\u0131na ihtiyac\u0131 oldu. Maddi durumu elvermedi\u011fi i\u00e7in Mehmet \u00c7evirgeno\u011flu, bu ak\u00fcl\u00fc arabay\u0131 alamazken \u00e7ocuklar\u0131ndan biri durumu sosyal medyada payla\u015ft\u0131.\u00a0<br \/>\nTarsus&#8217;ta Do\u011fup B\u00fcy\u00fcyenler Kimsiniz Grubu Kurucusu Bayram Y\u0131ld\u0131z, ihtiya\u00e7 sahibi ki\u015fi i\u00e7in ak\u00fcl\u00fc araba iste\u011fini grup \u00fcyelerine duyurdu. Ad\u0131n\u0131n a\u00e7\u0131klanmas\u0131n\u0131 istemeyen aslen Tarsuslu olup Adana\u2019da \u00e7al\u0131\u015fan bir gen\u00e7 k\u0131z, ak\u00fcl\u00fc arac\u0131n giderlerini tek ba\u015f\u0131na kar\u015f\u0131layarak Adana\u2019da bir firmadan ak\u00fcl\u00fc tekerlekli sandalye alarak Tarsus\u2019a getirdi. Grup kurucusu Bayram Y\u0131ld\u0131z ve y\u00f6netimden G\u00fcler \u00d6zgan ile birlikte hay\u0131rsever gen\u00e7 k\u0131z, Yeni Mahalle&#8217;ye giderek ak\u00fcl\u00fc tekerlekli sandalyeyi Mehmet \u00c7evirgeno\u011flu\u2019na hediye ettiler.\u00a0<br \/>\nE\u015fi Fatma ve \u00e7ocuklar\u0131 ile birlikte Tarsus&#8217;ta Do\u011fup B\u00fcy\u00fcyenler Kimsiniz Grubu Kurucusu Bayram Y\u0131ld\u0131z ve grup \u00fcyelerini evlerinde a\u011f\u0131rlayan \u00c7evirgeno\u011flu ailesi, bu hediye kar\u015f\u0131s\u0131nda \u00e7ok duyguland\u0131 ve hay\u0131r duas\u0131nda bulundu.\u00a0<\/p>\n","protected":false},"excerpt":{"rendered":"<p>Mersin\u2019in Tarsus il\u00e7esinde, &#8216;Tarsus&#8217;ta Do\u011fup B\u00fcy\u00fcyenler Kimsiniz Grubu&#8217; Kurucusu Bayram Y\u0131ld\u0131z\u2019\u0131n ihtiya\u00e7 sahibi bir ki\u015fiye ak\u00fcl\u00fc araba iste\u011fine grup \u00fcyeleri kay\u0131ts\u0131z kalmayarak ak\u00fcl\u00fc ara\u00e7 ald\u0131.\u00a0 Yeni Mahalle&#8217;de ikamet eden 3 &hellip; <a href=\"https:\/\/akdenizolaygazetesi.com\/?p=8558\" class=\"more-link\">Devam\u0131n\u0131 Oku&#8230;<\/a><\/p>\n","protected":false},"author":1,"featured_media":0,"comment_status":"open","ping_status":"open","sticky":false,"template":"","format":"standard","meta":[],"categories":[],"tags":[],"_links":{"self":[{"href":"https:\/\/akdenizolaygazetesi.com\/index.php?rest_route=\/wp\/v2\/posts\/8558"}],"collection":[{"href":"https:\/\/akdenizolaygazetesi.com\/index.php?rest_route=\/wp\/v2\/posts"}],"about":[{"href":"https:\/\/akdenizolaygazetesi.com\/index.php?rest_route=\/wp\/v2\/types\/post"}],"author":[{"embeddable":true,"href":"https:\/\/akdenizolaygazetesi.com\/index.php?rest_route=\/wp\/v2\/users\/1"}],"replies":[{"embeddable":true,"href":"https:\/\/akdenizolaygazetesi.com\/index.php?rest_route=%2Fwp%2Fv2%2Fcomments&post=8558"}],"version-history":[{"count":0,"href":"https:\/\/akdenizolaygazetesi.com\/index.php?rest_route=\/wp\/v2\/posts\/8558\/revisions"}],"wp:attachment":[{"href":"https:\/\/akdenizolaygazetesi.com\/index.php?rest_route=%2Fwp%2Fv2%2Fmedia&parent=8558"}],"wp:term":[{"taxonomy":"category","embeddable":true,"href":"https:\/\/akdenizolaygazetesi.com\/index.php?rest_route=%2Fwp%2Fv2%2Fcategories&post=8558"},{"taxonomy":"post_tag","embeddable":true,"href":"https:\/\/akdenizolaygazetesi.com\/index.php?rest_route=%2Fwp%2Fv2%2Ftags&post=8558"}],"curies":[{"name":"wp","href":"https:\/\/api.w.org\/{rel}","templated":true}]}}