{"id":8560,"date":"2020-11-04T18:29:02","date_gmt":"2020-11-04T15:29:02","guid":{"rendered":"http:\/\/mersinekonomipolitikagazetesi.com\/?p=8560"},"modified":"2020-11-04T18:29:02","modified_gmt":"2020-11-04T15:29:02","slug":"ttbnin-hedef-gosterilmesinin-onune-gecmek-icin-herhangi-bir-girisim-olacak-mi","status":"publish","type":"post","link":"https:\/\/akdenizolaygazetesi.com\/?p=8560","title":{"rendered":"\u201cTTB\u2019nin hedef g\u00f6sterilmesinin \u00f6n\u00fcne ge\u00e7mek i\u00e7in herhangi bir giri\u015fim olacak m\u0131?\u201d"},"content":{"rendered":"<p>HDP Mersin Milletvekili Dr. R\u0131dvan Turan, pandemi s\u00fcrecindeki sa\u011fl\u0131k \u00e7al\u0131\u015fanlar\u0131n\u0131n \u00e7al\u0131\u015fma ko\u015fullar\u0131n\u0131 meclis g\u00fcndemine ta\u015f\u0131d\u0131.<br \/>\nHDP Mersin Milletvekili Dr. R\u0131dvan Turan, konuyla ilgili Sa\u011fl\u0131k Bakan\u0131 Dr. Fahrettin Koca\u2019n\u0131n yan\u0131tlamas\u0131 i\u00e7in soru \u00f6nergesi verdi. Turan, \u201cCovid 19 salg\u0131n\u0131 ile m\u00fccadelede en \u00f6zverili \u00e7al\u0131\u015fan kesimlerden biri ku\u015fkusuz sa\u011fl\u0131k \u00e7al\u0131\u015fanlar\u0131d\u0131r. Sa\u011fl\u0131k Bakanl\u0131\u011f\u0131n\u0131n Eyl\u00fcl 2020 verilerine g\u00f6re T\u00fcrkiye\u2019de Covid 19 testi pozitif olan sa\u011fl\u0131k \u00e7al\u0131\u015fan\u0131 say\u0131s\u0131 7 bin 428, Covid 19 salg\u0131n\u0131ndan vefat eden sa\u011fl\u0131k \u00e7al\u0131\u015fan\u0131 say\u0131s\u0131 ise 100\u2019\u00fcn \u00fczerindedir.<br \/>\nSa\u011fl\u0131k \u00e7al\u0131\u015fanlar\u0131, adeta \u00f6l\u00fcmle y\u00fcz y\u00fcze kalarak b\u00fcy\u00fck fedakarl\u0131klarla \u00e7al\u0131\u015fmas\u0131na ra\u011fmen \u00e7al\u0131\u015ft\u0131klar\u0131 sa\u011fl\u0131k birimlerinde her t\u00fcrl\u00fc \u015fiddete, mobbinge maruz kalmakta ve elveri\u015fsiz ko\u015fullarda \u00e7al\u0131\u015fmaya zorlanmaktad\u0131r. Sa\u011fl\u0131k Bakanl\u0131\u011f\u0131, Covid 19 salg\u0131n\u0131yla birlikte sa\u011fl\u0131k \u00e7al\u0131\u015fanlar\u0131n\u0131n \u00e7al\u0131\u015fma ko\u015fullar\u0131n\u0131n iyile\u015ftirilmesine y\u00f6nelik kapsaml\u0131 politikalar\u0131 maalesef uygulamaktan ka\u00e7\u0131nmaktad\u0131r. Sa\u011fl\u0131k \u00e7al\u0131\u015fanlar\u0131n\u0131n sa\u011fl\u0131k maske, dezenfektan, Covid 19 sa\u011fl\u0131k testi vb. ve bar\u0131nma sorunlar\u0131 Bakanl\u0131k taraf\u0131ndan bir t\u00fcrl\u00fc giderilmemektedir.\u00a0<br \/>\nVekili oldu\u011fum Mersin\u2019den \u00f6rnek verecek olursam; testi pozitif \u00e7\u0131kan veya pozitif olma ihtimali olan sa\u011fl\u0131k \u00e7al\u0131\u015fanlar\u0131n\u0131n hastane sonras\u0131 kalacak yerlerinin ayarlanmas\u0131 gerekmektedir. \u00c7\u00fcnk\u00fc sa\u011fl\u0131k \u00e7al\u0131\u015fanlar\u0131n\u0131n aileleri de Covid 19 riskiyle kar\u015f\u0131 kar\u015f\u0131yad\u0131r.\u201d dedi.<br \/>\nB\u00f6ylesi ko\u015fullarda \u00e7al\u0131\u015fan sa\u011fl\u0131k \u00e7al\u0131\u015fan\u0131 ne hastalar\u0131na ne kendisine ne de ailesine kar\u015f\u0131 sorumluluklar\u0131n\u0131 yerine getiremez diyen Turan, \u201cSalg\u0131n\u0131n\u0131n T\u00fcrkiye\u2019de yay\u0131lmaya ba\u015flad\u0131\u011f\u0131 11 Mart 2020 tarihinden itibaren sa\u011fl\u0131k \u00e7al\u0131\u015fanlar\u0131n\u0131n Covid 19 salg\u0131n\u0131yla m\u00fccadeledeki de\u011feri ve \u00f6nemi fark edilmi\u015fken, sa\u011fl\u0131k hakk\u0131 gibi insan\u0131n temel hakk\u0131ndan mahrum b\u0131rak\u0131lmas\u0131 kabul edilemez. \u00a0B\u00fct\u00fcn bunlar\u0131n \u00f6tesinde T\u00fcrkiye\u2019deki hekimlerin yakla\u015f\u0131k y\u00fczde 88\u2019nin \u00fcye oldu\u011fu T\u00fcrk Tabipler Birli\u011fi (TTB) AKP-MHP ittifak\u0131 taraf\u0131ndan lin\u00e7 edilmektedir. Halbuki TTB sivil toplumunun sa\u011fl\u0131\u011f\u0131n\u0131 savunan ilkelerden hareketle kamuoyunu bilgilendirir, yeri geldi\u011finde h\u00fck\u00fcmete \u00f6neriler ve ele\u015ftiriler sunabilir. TTB, AKP h\u00fck\u00fcmetinin salg\u0131nla m\u00fccadele konusunda yeterli d\u00fczeyde imkanlar\u0131 olu\u015fturmad\u0131\u011f\u0131 y\u00f6n\u00fcndeki \u00f6neri veya ele\u015ftirilerini kamuoyuna deklare ettiklerinde AKP ve MHP iktidar\u0131 taraf\u0131ndan hedef g\u00f6sterilmi\u015ftir. Dolay\u0131s\u0131yla sa\u011fl\u0131k \u00e7al\u0131\u015fanlar\u0131n\u0131 hem Covid 19 salg\u0131n\u0131n\u0131 olu\u015fturdu\u011fu riskten hem de siyasi partilerin propagandas\u0131yla hedef g\u00f6sterilmesi tehlikesinden korumal\u0131y\u0131z. \u00c7\u00fcnk\u00fc sa\u011fl\u0131k \u00e7al\u0131\u015fanlar\u0131, sa\u011fl\u0131k hakk\u0131 konusunda beyan ettikleri ifadelerinin AKP-MHP ittifak\u0131 taraf\u0131ndan siyasi propaganda konusu yap\u0131lmas\u0131 en ba\u015fta salg\u0131nla m\u00fccadeleyi zay\u0131flatacakt\u0131r. Sa\u011fl\u0131k \u00e7al\u0131\u015fanlar\u0131n\u0131 hedef haline getirmek amac\u0131yla yap\u0131lan her t\u00fcrl\u00fc siyasi propaganda s\u00f6ylemi salg\u0131n\u0131n\u0131n yay\u0131ld\u0131\u011f\u0131 bu d\u00f6nemde bir b\u00fct\u00fcn olarak toplum sa\u011fl\u0131\u011f\u0131n\u0131 riske atmaktad\u0131r. \u0130nsanlar\u0131m\u0131z\u0131n ve b\u00fct\u00fcn kurumlar\u0131m\u0131z\u0131n dayan\u0131\u015fma i\u00e7inde olmas\u0131n\u0131n salg\u0131nla m\u00fccadelede \u00f6nemi ortadayken toplumu ayr\u0131\u015ft\u0131ran ve \u00f6tekile\u015ftiren bir s\u00f6ylem yerine birlikte ya\u015fayabilmenin dilini in\u015fa etmeliyiz. Dolay\u0131s\u0131yla salg\u0131nla m\u00fccadelede en \u00f6n s\u0131ralarda kendi hayatlar\u0131n\u0131 b\u00fcy\u00fck bir riske atan sa\u011fl\u0131k \u00e7al\u0131\u015fanlar\u0131n\u0131n sa\u011fl\u0131\u011f\u0131n\u0131 koruyan \u00e7al\u0131\u015fma ko\u015fullar\u0131n\u0131 Covid 19 salg\u0131n\u0131yla m\u00fccadeleye g\u00f6re yeniden d\u00fczenleyen mekanizmalar\u0131 olu\u015fturmal\u0131y\u0131z.\u201d \u015feklinde konu\u015farak \u00f6nergede \u015fu sorular\u0131 sordu;<\/p>\n<p>1) Covid 19 salg\u0131n\u0131yla m\u00fccadelede \u00f6zellikle pandemi hastanelerinde g\u00f6revli olan sa\u011fl\u0131k \u00e7al\u0131\u015fanlar\u0131n\u0131n bar\u0131nma sorunlar\u0131 ile kar\u015f\u0131la\u015ft\u0131klar\u0131 do\u011fru mudur?<br \/>\n2) Bakanl\u0131\u011f\u0131n\u0131z taraf\u0131ndan testi pozitif veya testi pozitif olma ihtimali y\u00fcksek olan sa\u011fl\u0131k \u00e7al\u0131\u015fanlar\u0131n\u0131n hastaneler d\u0131\u015f\u0131nda bar\u0131nmas\u0131 i\u00e7in sa\u011flanan imkanlar nelerdir?\u00a0<br \/>\n3) Sa\u011fl\u0131k \u00e7al\u0131\u015fanlar\u0131n\u0131n Covid 19 salg\u0131n\u0131yla m\u00fccadele konusunda elveri\u015fsiz \u00e7al\u0131\u015fma ko\u015fullar\u0131n\u0131n iyile\u015ftirilmesine ili\u015fkin Bakanl\u0131\u011f\u0131n\u0131z taraf\u0131ndan herhangi bir \u00e7al\u0131\u015fma var m\u0131d\u0131r?<br \/>\n4) TTB\u2019nin siyasi partiler taraf\u0131ndan hedef g\u00f6sterilmesinin \u00f6n\u00fcne ge\u00e7mek amac\u0131yla Bakanl\u0131\u011f\u0131n\u0131z\u0131n herhangi bir giri\u015fimi olacak m\u0131d\u0131r?<br \/>\n5) \u00a0Covid 19 salg\u0131n\u0131yla m\u00fccadele konusunda \u00f6n\u00fcm\u00fczdeki d\u00f6nem sa\u011fl\u0131k \u00e7al\u0131\u015fanlar\u0131n\u0131n haklar\u0131na ili\u015fkin Bakanl\u0131\u011f\u0131n\u0131z taraf\u0131ndan sa\u011fl\u0131k \u00e7al\u0131\u015fanlar\u0131n\u0131 koruyacak herhangi bir yasal d\u00fczenleme plan\u0131 var m\u0131d\u0131r?\u00a0<br \/>\n6) Bakanl\u0131\u011f\u0131n\u0131z taraf\u0131ndan Covid 19 salg\u0131n\u0131 ile m\u00fccadele konusunda sa\u011fl\u0131k \u00e7al\u0131\u015fanlar\u0131n\u0131n \u00e7al\u0131\u015fma risklerini azaltmak amac\u0131yla hangi \u00e7al\u0131\u015fmalar yap\u0131lmaktad\u0131r?<br \/>\n7) Sa\u011fl\u0131k \u00e7al\u0131\u015fanlar\u0131n\u0131n sosyal hayat ve aile fertlerinin ihtiya\u00e7lar\u0131n\u0131n kar\u015f\u0131lanmas\u0131 i\u00e7in bakanl\u0131\u011f\u0131n\u0131z taraf\u0131ndan hangi \u00e7al\u0131\u015fmalar y\u00fcr\u00fct\u00fclmektedir?<br \/>\n8) Sa\u011fl\u0131k \u00e7al\u0131\u015fanlar\u0131n\u0131n beden ve ruh sa\u011fl\u0131\u011f\u0131n\u0131n korunmas\u0131 i\u00e7in Bakanl\u0131\u011f\u0131n\u0131z taraf\u0131ndan y\u00fcr\u00fct\u00fclen \u00e7al\u0131\u015fmalar nelerdir?<br \/>\n9) Covid 19 salg\u0131n\u0131n b\u00fcy\u00fck oranda yay\u0131ld\u0131\u011f\u0131 \u00fclkemizde sa\u011fl\u0131k \u00e7al\u0131\u015fanlar\u0131na y\u00f6nelik Bakanl\u0131\u011f\u0131n\u0131z taraf\u0131ndan psikolojik destek sunulmakta m\u0131d\u0131r?<br \/>\n10) Covid 19 s\u00fcrecinde sa\u011fl\u0131k \u00e7al\u0131\u015fanlar\u0131n\u0131n ihtiya\u00e7lar\u0131n\u0131n kar\u015f\u0131lanmas\u0131 amac\u0131yla Bakanl\u0131\u011f\u0131n\u0131z taraf\u0131ndan herhangi bir \u00f6denek ayr\u0131lm\u0131\u015f m\u0131d\u0131r?<br \/>\n\u00a0<\/p>\n","protected":false},"excerpt":{"rendered":"<p>HDP Mersin Milletvekili Dr. R\u0131dvan Turan, pandemi s\u00fcrecindeki sa\u011fl\u0131k \u00e7al\u0131\u015fanlar\u0131n\u0131n \u00e7al\u0131\u015fma ko\u015fullar\u0131n\u0131 meclis g\u00fcndemine ta\u015f\u0131d\u0131. HDP Mersin Milletvekili Dr. R\u0131dvan Turan, konuyla ilgili Sa\u011fl\u0131k Bakan\u0131 Dr. Fahrettin Koca\u2019n\u0131n yan\u0131tlamas\u0131 i\u00e7in &hellip; <a href=\"https:\/\/akdenizolaygazetesi.com\/?p=8560\" class=\"more-link\">Devam\u0131n\u0131 Oku&#8230;<\/a><\/p>\n","protected":false},"author":1,"featured_media":0,"comment_status":"open","ping_status":"open","sticky":false,"template":"","format":"standard","meta":[],"categories":[],"tags":[],"_links":{"self":[{"href":"https:\/\/akdenizolaygazetesi.com\/index.php?rest_route=\/wp\/v2\/posts\/8560"}],"collection":[{"href":"https:\/\/akdenizolaygazetesi.com\/index.php?rest_route=\/wp\/v2\/posts"}],"about":[{"href":"https:\/\/akdenizolaygazetesi.com\/index.php?rest_route=\/wp\/v2\/types\/post"}],"author":[{"embeddable":true,"href":"https:\/\/akdenizolaygazetesi.com\/index.php?rest_route=\/wp\/v2\/users\/1"}],"replies":[{"embeddable":true,"href":"https:\/\/akdenizolaygazetesi.com\/index.php?rest_route=%2Fwp%2Fv2%2Fcomments&post=8560"}],"version-history":[{"count":0,"href":"https:\/\/akdenizolaygazetesi.com\/index.php?rest_route=\/wp\/v2\/posts\/8560\/revisions"}],"wp:attachment":[{"href":"https:\/\/akdenizolaygazetesi.com\/index.php?rest_route=%2Fwp%2Fv2%2Fmedia&parent=8560"}],"wp:term":[{"taxonomy":"category","embeddable":true,"href":"https:\/\/akdenizolaygazetesi.com\/index.php?rest_route=%2Fwp%2Fv2%2Fcategories&post=8560"},{"taxonomy":"post_tag","embeddable":true,"href":"https:\/\/akdenizolaygazetesi.com\/index.php?rest_route=%2Fwp%2Fv2%2Ftags&post=8560"}],"curies":[{"name":"wp","href":"https:\/\/api.w.org\/{rel}","templated":true}]}}