{"id":8561,"date":"2020-11-04T18:29:02","date_gmt":"2020-11-04T15:29:02","guid":{"rendered":"http:\/\/mersinekonomipolitikagazetesi.com\/?p=8561"},"modified":"2020-11-04T18:29:02","modified_gmt":"2020-11-04T15:29:02","slug":"tarsusta-covid-19dan-olen-doktorlarin-ismi-tesislerde-yasatilacak","status":"publish","type":"post","link":"https:\/\/akdenizolaygazetesi.com\/?p=8561","title":{"rendered":"Tarsus&#8217;ta Covid-19&#8217;dan \u00f6len doktorlar\u0131n ismi tesislerde ya\u015fat\u0131lacak"},"content":{"rendered":"<p>Salg\u0131nla m\u00fccadele ederken Covid-19\u2019a yakalanarak hayat\u0131n\u0131 kaybeden doktorlar\u0131n isimleri, Tarsus Belediyesi&#8217;nin hizmete kazand\u0131\u011f\u0131 2 tesiste ya\u015fat\u0131lacak.\u00a0<br \/>\nTarsus Belediyesi Ola\u011fan Meclis Toplant\u0131s\u0131n\u0131n 8. Birle\u015fimi, Belediye Ba\u015fkan\u0131 Haluk Bozdo\u011fan ba\u015fkanl\u0131\u011f\u0131nda yap\u0131ld\u0131. M\u00fcd\u00fcrl\u00fck ile komisyonlardan gelen maddelerin g\u00f6r\u00fc\u015f\u00fcld\u00fc\u011f\u00fc mecliste, 2021 mali y\u0131l\u0131 performans program\u0131, 2022-2023 mali y\u0131l\u0131n\u0131n tasar\u0131s\u0131 ile turizm i\u00e7in sokak ve cephe sa\u011fl\u0131kla\u015ft\u0131rma projesi konular\u0131 g\u00f6r\u00fc\u015f\u00fclerek oy birli\u011fiyle kabul edildi. G\u00f6r\u00fc\u015f\u00fclen maddeler aras\u0131nda ge\u00e7en aylarda Tarsus Belediyesi taraf\u0131ndan hizmete kazand\u0131r\u0131lan iki tesise korona vir\u00fcs nedeniyle hayat\u0131n\u0131 kaybeden doktorlar\u0131n isimleri verildi. B\u00f6ylece Gen\u00e7lik Merkezi&#8217;ne Dr. Erdin\u00e7 \u015eahin, Bilim E\u011fitim Sanat ve K\u00fclt\u00fcr Akademisi\u2019ne de Dr. Turgut Erkutlu isimleri verildi.\u00a0<br \/>\nKonuya ili\u015fkin s\u00f6z alan Tarsus Belediye Ba\u015fkan\u0131 Dr. Haluk Bozdo\u011fan, &#8221; Korona vir\u00fcs\u00fcn yol a\u00e7t\u0131\u011f\u0131 kriz tablosu devam ediyor. Covid-19 s\u00fcreci boyunca \u00e7aresizli\u011fe, \u00f6l\u00fcmlere ve ya\u015fad\u0131\u011f\u0131m\u0131z s\u0131k\u0131nt\u0131lara hepimiz tan\u0131k olduk. Korona vir\u00fcs s\u00fcrecini, bir y\u00fczle\u015fme d\u00f6nemini kabul etmek gerekir. Ya\u015fad\u0131\u011f\u0131m\u0131z bu d\u00fcnyay\u0131 t\u00fcm canl\u0131 varl\u0131klarla payla\u015ft\u0131\u011f\u0131m\u0131z\u0131n fark\u0131na vard\u0131k&#8221; dedi.\u00a0<br \/>\nSalg\u0131nla m\u00fccadele kapsam\u0131nda sa\u011fl\u0131k \u00e7al\u0131\u015fmalar\u0131n\u0131n b\u00fcy\u00fck bir \u00f6zveriyle en \u00f6n safta yer ald\u0131klar\u0131n\u0131 s\u00f6yleyen Bozdo\u011fan,&#8221; Korona vir\u00fcs nedeniyle hayatlar\u0131n\u0131 kaybeden Dr. Erdin\u00e7 \u015eahin ile Dr. Turgut Erkutlu&#8217;nun isimlerinin iki tesisimizde ya\u015fat\u0131lmas\u0131 bizleri duyguland\u0131r\u0131r. T\u00fcm pandemi kahramanlar\u0131n\u0131 sayg\u0131 ve rahmetle an\u0131yorum&#8221; ifadelerini kulland\u0131.\u00a0<br \/>\nAyr\u0131ca Belediye Meclis \u00dcyesi Hakan Canan Can taraf\u0131ndan Tarsus sporuna hizmet veren ve ge\u00e7ti\u011fim y\u0131l vefat eden Niyazi Oksal\u2019\u0131n isminin K\u0131rklar Stadyumuna verilmesi \u00f6nerildi. G\u00fcndeme al\u0131nan \u00f6nerge oy birli\u011fi ile kabul edildi. B\u00f6ylece stadyumun ismi &#8216;K\u0131rklars\u0131rt\u0131 Niyazi Oksal Stadyumu&#8217; olarak de\u011fi\u015ftirildi. \u00a0<\/p>\n","protected":false},"excerpt":{"rendered":"<p>Salg\u0131nla m\u00fccadele ederken Covid-19\u2019a yakalanarak hayat\u0131n\u0131 kaybeden doktorlar\u0131n isimleri, Tarsus Belediyesi&#8217;nin hizmete kazand\u0131\u011f\u0131 2 tesiste ya\u015fat\u0131lacak.\u00a0 Tarsus Belediyesi Ola\u011fan Meclis Toplant\u0131s\u0131n\u0131n 8. Birle\u015fimi, Belediye Ba\u015fkan\u0131 Haluk Bozdo\u011fan ba\u015fkanl\u0131\u011f\u0131nda yap\u0131ld\u0131. M\u00fcd\u00fcrl\u00fck &hellip; <a href=\"https:\/\/akdenizolaygazetesi.com\/?p=8561\" class=\"more-link\">Devam\u0131n\u0131 Oku&#8230;<\/a><\/p>\n","protected":false},"author":1,"featured_media":0,"comment_status":"open","ping_status":"open","sticky":false,"template":"","format":"standard","meta":[],"categories":[],"tags":[],"_links":{"self":[{"href":"https:\/\/akdenizolaygazetesi.com\/index.php?rest_route=\/wp\/v2\/posts\/8561"}],"collection":[{"href":"https:\/\/akdenizolaygazetesi.com\/index.php?rest_route=\/wp\/v2\/posts"}],"about":[{"href":"https:\/\/akdenizolaygazetesi.com\/index.php?rest_route=\/wp\/v2\/types\/post"}],"author":[{"embeddable":true,"href":"https:\/\/akdenizolaygazetesi.com\/index.php?rest_route=\/wp\/v2\/users\/1"}],"replies":[{"embeddable":true,"href":"https:\/\/akdenizolaygazetesi.com\/index.php?rest_route=%2Fwp%2Fv2%2Fcomments&post=8561"}],"version-history":[{"count":0,"href":"https:\/\/akdenizolaygazetesi.com\/index.php?rest_route=\/wp\/v2\/posts\/8561\/revisions"}],"wp:attachment":[{"href":"https:\/\/akdenizolaygazetesi.com\/index.php?rest_route=%2Fwp%2Fv2%2Fmedia&parent=8561"}],"wp:term":[{"taxonomy":"category","embeddable":true,"href":"https:\/\/akdenizolaygazetesi.com\/index.php?rest_route=%2Fwp%2Fv2%2Fcategories&post=8561"},{"taxonomy":"post_tag","embeddable":true,"href":"https:\/\/akdenizolaygazetesi.com\/index.php?rest_route=%2Fwp%2Fv2%2Ftags&post=8561"}],"curies":[{"name":"wp","href":"https:\/\/api.w.org\/{rel}","templated":true}]}}