{"id":8562,"date":"2020-11-04T18:29:02","date_gmt":"2020-11-04T15:29:02","guid":{"rendered":"http:\/\/mersinekonomipolitikagazetesi.com\/?p=8562"},"modified":"2020-11-04T18:29:02","modified_gmt":"2020-11-04T15:29:02","slug":"cennet-yaylami-cehennem-yapma","status":"publish","type":"post","link":"https:\/\/akdenizolaygazetesi.com\/?p=8562","title":{"rendered":"CENNET YAYLAMI  CEHENNEM YAPMA!"},"content":{"rendered":"<p>G\u00f6zne\u2019deki mermer oca\u011f\u0131 \u00c7ED toplant\u0131s\u0131n\u0131,<br \/>\nSTK\u2019lar, CHP ve mahalleliler protesto etti..!<br \/>\n\u201cHalk\u0131n \u00e7\u0131kar\u0131, \u00fclkenin uzun vadeli yarar\u0131 de\u011fil,<br \/>\nyat\u0131r\u0131mc\u0131n\u0131n k\u00e2r\u0131 \u00f6n planda tutulmaktad\u0131r..!\u2019\u2019<\/p>\n<p>Mersin\u2019in Toroslar il\u00e7esine ba\u011fl\u0131 G\u00f6zne Mahallesi\u2019nde kurulmak istenen mermer oca\u011f\u0131na ili\u015fkin yap\u0131lmak istenilen \u00c7evre Etki De\u011ferlendirme (\u00c7ED) toplant\u0131s\u0131 yo\u011fun tepkiler \u00fczerine iptal edildi.<br \/>\nKamuoyunun uzun s\u00fcredir takip\u00e7isi oldu\u011fu ve CHP Mersin \u0130l Ba\u015fkanl\u0131\u011f\u0131 ile birlikte \u00e7evreci STK\u2019lar ile \u015f G\u00f6zne\u2019de ya\u015fayanlar\u0131n da tepkisine neden olan Mermer Oca\u011f\u0131 \u00c7ED raporu haz\u0131rlama toplant\u0131s\u0131 b\u00fcy\u00fck tepkiler nedeniyle iptal edildi. . Do\u011fakan Madencilik A.\u015e. yetkililerince yap\u0131lmas\u0131 planlanan projeye yo\u011fun bir kar\u015f\u0131 duru\u015f ger\u00e7ekle\u015ftirildi.<\/p>\n<p>\u201cTA\u015e OCA\u011eI, MERMER OCA\u011eI \u0130STEM\u0130YORUZ&#8230;\u201c<\/p>\n<p>Protesto esnas\u0131nda yo\u011fun sloganlar dikkat \u00e7ekiciydi. Sloganlar aras\u0131nda, \u201cDolar\u0131n ye\u015filine de\u011fil do\u011fan\u0131n ye\u015filine sevdal\u0131y\u0131z\u201d, \u201cCennet yaylam\u0131 cehennem yapma\u201d, \u00a0\u201cTa\u015f oca\u011f\u0131, mermer oca\u011f\u0131 istemiyoruz\u201d \u015feklinde yaz\u0131l\u0131 d\u00f6vizler de vatanda\u015flarca haz\u0131rlanm\u0131\u015f ve sloganlarla tepkilerini dile getirmi\u015fti. Yo\u011fun tepki ve sloganlara kar\u015f\u0131n Do\u011fakan Madencilik A.\u015e. yetkilileri, \u201cHalk\u0131n protestolar\u0131 nedeniyle toplant\u0131 ger\u00e7ekle\u015ftirilemedi\u201d \u015feklinde tutanak tutarak mahalleden ayr\u0131ld\u0131. \u00a0 \u00a0 \u00a0 \u00a0 \u00a0\u00a0<\/p>\n<p>\u201cHALKIN \u00c7IKARI, \u00dcLKEN\u0130N \u00a0YARARI DE\u011e\u0130L, YATIRIMCININ KARI \u00d6N PLANDA!\u201d<\/p>\n<p>CHP Mersin \u0130l Ba\u015fkanl\u0131\u011f\u0131\u2019n\u0131n da kat\u0131l\u0131m sa\u011flayarak protesto etti\u011fi maden oca\u011f\u0131 ile ilgili CHP Mersin \u0130l Ba\u015fkan\u0131 Ali Aktay da a\u00e7\u0131klamalarda bulundu. Madencilik faaliyetlerinin \u00fclke a\u00e7\u0131s\u0131ndan \u00f6nemine dikkat \u00e7eken Aktay, \u2018\u2019Maden yat\u0131r\u0131mlar\u0131 geri d\u00f6n\u00fc\u015f\u00fc olmayan tahribatlar yaratan, \u00e7ok riskli giri\u015fimlerdir. Bu nedenle, maden yat\u0131r\u0131m kararlar\u0131n\u0131n uzun vadeli, merkezi bir ekonomik ve sosyal plan \u00e7er\u00e7evesinde al\u0131nmas\u0131 \u015fartt\u0131r. Maalesef \u00fclkemizde planl\u0131 ekonomi anlay\u0131\u015f\u0131 son 20 y\u0131lda tamamen terk edilmi\u015ftir. Yat\u0131r\u0131m kararlar\u0131n\u0131 k\u0131sa vadeli hesaplar, dar gruplar\u0131n \u00e7\u0131karlar\u0131 belirlemektedir. Halk\u0131n \u00e7\u0131kar\u0131, \u00fclkenin uzun vadeli yarar\u0131 de\u011fil, yat\u0131r\u0131mc\u0131n\u0131n k\u00e2r\u0131 \u00f6n planda tutulmaktad\u0131r.\u2019\u2019 dedi.<\/p>\n<p>\u201cG\u00d6ZNE\u2019N\u0130N HEBA ED\u0130LMES\u0130N\u0130 KABULLENM\u0130YORUZ\u201d<\/p>\n<p>Adil Aktay, \u201cBu ortam i\u00e7erisinde maden i\u015fletmelerinin nas\u0131l korkun\u00e7 sonu\u00e7lara yol a\u00e7t\u0131\u011f\u0131n\u0131 \u00fclkenin her yan\u0131nda g\u00f6rebiliyoruz. G\u00f6zne\u2019de maalesef \u00fclkemizdeki plans\u0131z ekonominin, kontrols\u00fcz maden yat\u0131r\u0131mc\u0131l\u0131\u011f\u0131n\u0131n yeni ma\u011fduru haline getirilmek isteniyor. B\u00f6lgenin havas\u0131n\u0131 ve suyunu kirletecek, bitki \u00f6rt\u00fcs\u00fcne zarar verecek, ya\u015fam alanlar\u0131n\u0131 riskli hale getirecek bu madende \u2018kamu yarar\u0131\u2019 yoktur. Madenin sa\u011flayaca\u011f\u0131 varsay\u0131lan faydalar, yol a\u00e7aca\u011f\u0131 zararlar\u0131n, yarataca\u011f\u0131 risklerin yan\u0131nda devede kulakt\u0131r. Elbette, gerekli \u00f6nlemlerin al\u0131naca\u011f\u0131, insana ve \u00e7evreye zarar vermeyecek \u015fekilde \u00fcretim yap\u0131laca\u011f\u0131 s\u00f6ylenecektir. Bunun i\u00e7in raporlar, belgeler sunulacakt\u0131r. Ancak hepimiz biliyoruz ki, bu \u00fclkede baz\u0131 kesimlerin \u00e7\u0131karlar\u0131 s\u00f6z konusu oldu\u011funda hi\u00e7bir \u015fey kural\u0131na g\u00f6re yap\u0131lmaz. Her zaman halk sa\u011fl\u0131\u011f\u0131ndan, \u00e7evreden, dar gelirli kesimlerin \u00e7\u0131karlar\u0131ndan feragat edilir. Kurallar, denetlemeler, yapt\u0131r\u0131mlar ka\u011f\u0131t \u00fcst\u00fcnde kal\u0131r. Son y\u0131llarda y\u00fczlerce \u00f6rne\u011fini g\u00f6rd\u00fc\u011f\u00fcm\u00fcz bir senaryonun bu g\u00fczel co\u011frafyada tekrarlanmas\u0131n\u0131 istemiyoruz. G\u00f6zne\u2019nin g\u00f6z g\u00f6re g\u00f6re heba edilmesini, G\u00f6znelilerin ma\u011fdur edilmesini kabullenmiyoruz. Bunun i\u00e7in m\u00fccadelemizi her platformda s\u00fcrd\u00fcrece\u011fiz.\u201d ifadelerini kulland\u0131.<\/p>\n","protected":false},"excerpt":{"rendered":"<p>G\u00f6zne\u2019deki mermer oca\u011f\u0131 \u00c7ED toplant\u0131s\u0131n\u0131, STK\u2019lar, CHP ve mahalleliler protesto etti..! \u201cHalk\u0131n \u00e7\u0131kar\u0131, \u00fclkenin uzun vadeli yarar\u0131 de\u011fil, yat\u0131r\u0131mc\u0131n\u0131n k\u00e2r\u0131 \u00f6n planda tutulmaktad\u0131r..!\u2019\u2019 Mersin\u2019in Toroslar il\u00e7esine ba\u011fl\u0131 G\u00f6zne Mahallesi\u2019nde kurulmak &hellip; <a href=\"https:\/\/akdenizolaygazetesi.com\/?p=8562\" class=\"more-link\">Devam\u0131n\u0131 Oku&#8230;<\/a><\/p>\n","protected":false},"author":1,"featured_media":0,"comment_status":"open","ping_status":"open","sticky":false,"template":"","format":"standard","meta":[],"categories":[],"tags":[],"_links":{"self":[{"href":"https:\/\/akdenizolaygazetesi.com\/index.php?rest_route=\/wp\/v2\/posts\/8562"}],"collection":[{"href":"https:\/\/akdenizolaygazetesi.com\/index.php?rest_route=\/wp\/v2\/posts"}],"about":[{"href":"https:\/\/akdenizolaygazetesi.com\/index.php?rest_route=\/wp\/v2\/types\/post"}],"author":[{"embeddable":true,"href":"https:\/\/akdenizolaygazetesi.com\/index.php?rest_route=\/wp\/v2\/users\/1"}],"replies":[{"embeddable":true,"href":"https:\/\/akdenizolaygazetesi.com\/index.php?rest_route=%2Fwp%2Fv2%2Fcomments&post=8562"}],"version-history":[{"count":0,"href":"https:\/\/akdenizolaygazetesi.com\/index.php?rest_route=\/wp\/v2\/posts\/8562\/revisions"}],"wp:attachment":[{"href":"https:\/\/akdenizolaygazetesi.com\/index.php?rest_route=%2Fwp%2Fv2%2Fmedia&parent=8562"}],"wp:term":[{"taxonomy":"category","embeddable":true,"href":"https:\/\/akdenizolaygazetesi.com\/index.php?rest_route=%2Fwp%2Fv2%2Fcategories&post=8562"},{"taxonomy":"post_tag","embeddable":true,"href":"https:\/\/akdenizolaygazetesi.com\/index.php?rest_route=%2Fwp%2Fv2%2Ftags&post=8562"}],"curies":[{"name":"wp","href":"https:\/\/api.w.org\/{rel}","templated":true}]}}