{"id":8574,"date":"2020-11-04T18:29:03","date_gmt":"2020-11-04T15:29:03","guid":{"rendered":"http:\/\/mersinekonomipolitikagazetesi.com\/?p=8574"},"modified":"2020-11-04T18:29:03","modified_gmt":"2020-11-04T15:29:03","slug":"ince-artik-eski-tip-siyaset-bitti","status":"publish","type":"post","link":"https:\/\/akdenizolaygazetesi.com\/?p=8574","title":{"rendered":"\u0130nce: &#8220;Art\u0131k eski tip siyaset bitti&#8221;"},"content":{"rendered":"<p>CHP eski milletvekili Muharrem \u0130nce, &#8216;Memleket Hareketi&#8217; ziyaretleri kapsam\u0131nda Mersin&#8217;e geldi.<br \/>\n\u00a0<br \/>\n\u0130nce, merkez Akdeniz il\u00e7esinde bulunan \u00d6zg\u00fcr \u00c7ocuk Park\u0131 \u00f6n\u00fcnden ba\u015flayan Mersin program\u0131nda, \u0130stiklal ve Kuvayi Milliye caddelerinde esnaf ve halk ile bir araya geldi. Burada gazetecilere a\u00e7\u0131klamalarda bulunan \u0130nce, T\u00fcrkiye&#8217;yi Memleket Harekat\u0131n\u0131n g\u00f6n\u00fcll\u00fcleriyle gezdi\u011fini s\u00f6yledi. Her g\u00fcn ba\u015fka bir ile gidip, vatanda\u015flarla bulu\u015farak sohbet ettiklerini kaydeden \u0130nce, &#8220;Art\u0131k eski tip siyaset bitti. Sal\u0131dan sal\u0131ya Ankara&#8217;da birbiriyle kavga eden siyaset devri kapand\u0131. \u0130nsanlar\u0131 meydanlara toplay\u0131p, miting yapma devri de kapand\u0131. Art\u0131k geleceksiniz caddelere, k\u00f6ylere, kasabalara, T\u00fcrkiye&#8217;yi dola\u015facaks\u0131n\u0131z. Bug\u00fcn 30. ilimizdeyiz. Biz 81 vilayeti gezece\u011fiz. Bu iktidar bu muhalefetten, bu muhalefet bu iktidardan memnun. Biz rahat\u0131 se\u00e7enler de\u011filiz. Kenara \u00e7ekilip, milletvekili emekli maa\u015f\u0131n\u0131 al\u0131p, bu pandemi ortam\u0131nda deniz kenar\u0131nda keyif yapanlardan de\u011filiz. \u015e\u0131rnak&#8217;a da Hakkari&#8217;ye de gittik, \u015fimdi Mersin&#8217;deyiz. Biz se\u00e7imimizi milletin dertlerini dinlemekten, ona \u00e7\u00f6z\u00fcm \u00f6nerisi \u00fcretmekten, milletle kucakla\u015fmaktan yana yapt\u0131k. Her ne kadar bu ortamda fiziken kucakla\u015famazsak da tokala\u015famazsak da g\u00f6n\u00fclleri bulu\u015fturmaya geldik. T\u00fcrkiye&#8217;nin bar\u0131\u015fmaya, \u00fcretmeye ihtiyac\u0131 var. T\u00fcrkiye \u00f6nce bar\u0131\u015fmal\u0131, T\u00fcrkiye \u00f6nce \u00fcretmeli, ondan sonra da adil b\u00f6l\u00fc\u015fmelidir&#8221; dedi. \u00a0<\/p>\n","protected":false},"excerpt":{"rendered":"<p>CHP eski milletvekili Muharrem \u0130nce, &#8216;Memleket Hareketi&#8217; ziyaretleri kapsam\u0131nda Mersin&#8217;e geldi. \u00a0 \u0130nce, merkez Akdeniz il\u00e7esinde bulunan \u00d6zg\u00fcr \u00c7ocuk Park\u0131 \u00f6n\u00fcnden ba\u015flayan Mersin program\u0131nda, \u0130stiklal ve Kuvayi Milliye caddelerinde esnaf &hellip; <a href=\"https:\/\/akdenizolaygazetesi.com\/?p=8574\" class=\"more-link\">Devam\u0131n\u0131 Oku&#8230;<\/a><\/p>\n","protected":false},"author":1,"featured_media":0,"comment_status":"open","ping_status":"open","sticky":false,"template":"","format":"standard","meta":[],"categories":[],"tags":[],"_links":{"self":[{"href":"https:\/\/akdenizolaygazetesi.com\/index.php?rest_route=\/wp\/v2\/posts\/8574"}],"collection":[{"href":"https:\/\/akdenizolaygazetesi.com\/index.php?rest_route=\/wp\/v2\/posts"}],"about":[{"href":"https:\/\/akdenizolaygazetesi.com\/index.php?rest_route=\/wp\/v2\/types\/post"}],"author":[{"embeddable":true,"href":"https:\/\/akdenizolaygazetesi.com\/index.php?rest_route=\/wp\/v2\/users\/1"}],"replies":[{"embeddable":true,"href":"https:\/\/akdenizolaygazetesi.com\/index.php?rest_route=%2Fwp%2Fv2%2Fcomments&post=8574"}],"version-history":[{"count":0,"href":"https:\/\/akdenizolaygazetesi.com\/index.php?rest_route=\/wp\/v2\/posts\/8574\/revisions"}],"wp:attachment":[{"href":"https:\/\/akdenizolaygazetesi.com\/index.php?rest_route=%2Fwp%2Fv2%2Fmedia&parent=8574"}],"wp:term":[{"taxonomy":"category","embeddable":true,"href":"https:\/\/akdenizolaygazetesi.com\/index.php?rest_route=%2Fwp%2Fv2%2Fcategories&post=8574"},{"taxonomy":"post_tag","embeddable":true,"href":"https:\/\/akdenizolaygazetesi.com\/index.php?rest_route=%2Fwp%2Fv2%2Ftags&post=8574"}],"curies":[{"name":"wp","href":"https:\/\/api.w.org\/{rel}","templated":true}]}}