{"id":8575,"date":"2020-11-04T18:29:03","date_gmt":"2020-11-04T15:29:03","guid":{"rendered":"http:\/\/mersinekonomipolitikagazetesi.com\/?p=8575"},"modified":"2020-11-04T18:29:03","modified_gmt":"2020-11-04T15:29:03","slug":"polipropilen-tesisi-projesi-cevre-ve-halk-sagligi-cinayetidir","status":"publish","type":"post","link":"https:\/\/akdenizolaygazetesi.com\/?p=8575","title":{"rendered":"POL\u0130PROP\u0130LEN TES\u0130S\u0130 PROJES\u0130 \u00c7EVRE VE HALK SA\u011eLI\u011eI C\u0130NAYET\u0130D\u0130R..!"},"content":{"rendered":"<p>N\u0130HAYET GER\u00c7E\u011e\u0130 G\u00d6RD\u00dcLER!<br \/>\n\u201cMersin\u2019in havas\u0131n\u0131, suyunu, topra\u011f\u0131n\u0131, denizini plastikle kirletecek olan bu tesisin, atmosfere yayaca\u011f\u0131 a\u011f\u0131r ve zehirli gazlar topra\u011f\u0131, havay\u0131 ve suyu, geri d\u00f6n\u00fc\u015fs\u00fcz bir bi\u00e7imde kirletecektir. Ayr\u0131ca, tesisin so\u011futulmas\u0131 i\u00e7in yeralt\u0131 sular\u0131n\u0131n kullan\u0131lacak olmas\u0131, zamanla topraklar\u0131n \u00e7orakla\u015fmas\u0131na ve b\u00f6lgede tar\u0131m\u0131n bitmesine neden olacakt\u0131r. So\u011futma suyunun denize verilmesiyle birlikte deniz hayat\u0131 da olumsuz etkilenecek, b\u00f6lgede bal\u0131k\u00e7\u0131l\u0131k yap\u0131lamayacakt\u0131r.\u201d<\/p>\n<p>Mersin\u2019de ba\u015f\u0131ndan beri tart\u0131\u015fmalara neden olan ve kent sakinlerinin t\u00fcm\u00fcn\u00fcn kar\u015f\u0131 \u00e7\u0131kt\u0131\u011f\u0131 polipropilen tesisi i\u00e7in CHP \u0130l Ba\u015fkanl\u0131\u011f\u0131 da a\u00e7\u0131klamalarda bulundu. CHP \u0130l Ba\u015fkan\u0131 Adil Aktay, \u201cHalk sa\u011fl\u0131\u011f\u0131 ya da \u00e7evre bilinciyle de\u011fil, tamamen ticari bir bak\u0131\u015f a\u00e7\u0131s\u0131yla davran\u0131l\u0131yor.\u201d dedi. Mersinliler ge\u00e7 de olsa CHP \u0130l Ba\u015fkanl\u0131\u011f\u0131\u2019n\u0131n ger\u00e7ekleri g\u00f6r\u00fcp kar\u015f\u0131 a\u00e7\u0131klama yapmas\u0131ndan memnun olduklar\u0131n\u0131 s\u00f6yledi.<br \/>\nCumhuriyet Halk Partisi Mersin \u0130l Ba\u015fkanl\u0131\u011f\u0131, Karaduvar\u2019da yap\u0131lacak olan \u2018Polipropilen Tesisi\u2019 i\u00e7in tepkilerini dile getirmek \u00fczere \u00d6zg\u00fcr \u00c7ocuk Park\u0131\u2019nda a\u00e7\u0131klamalarda bulundu. CHP Mersin \u0130l Ba\u015fkan\u0131 Adil Aktay Mersin\u2019in T\u00fcrkiye\u2019de havas\u0131 en kirli kentler aras\u0131nda oldu\u011funu belirterek, \u201cB\u00f6yle bir kentin ortas\u0131na, son derece tehlikeli at\u0131klar \u00fcreten bir tesis kurulmaya \u00e7al\u0131\u015f\u0131l\u0131yor. Bu tesis, y\u0131lda 500 bin ton plasti\u011fin hammaddesini \u00fcretecek. Bilim insanlar\u0131, polipropilen \u00fcretiminin \u00e7evreye verece\u011fi zararlara kar\u015f\u0131 uyar\u0131yorlar. \u00c7evre M\u00fchendisleri Odas\u0131 Mersin \u015eubesi\u2019nin \u00e7ok \u00f6nemli tespitleri var. Ya\u015fam alanlar\u0131nda, tar\u0131m ve bal\u0131k\u00e7\u0131l\u0131k b\u00f6lgelerinde plastik \u00fcretiminin do\u011faya ve insan sa\u011fl\u0131\u011f\u0131na \u00e7ok a\u011f\u0131r bedelleri olaca\u011f\u0131, kan\u0131tlar\u0131yla, \u00f6rnekleriyle ortaya konuluyor. Buna ra\u011fmen, bilimin sesi dinlenmiyor, insan ya\u015fam\u0131 ve do\u011fa yok say\u0131l\u0131yor. Halk sa\u011fl\u0131\u011f\u0131 ya da \u00e7evre bilinciyle de\u011fil, tamamen ticari bir bak\u0131\u015f a\u00e7\u0131s\u0131yla davran\u0131l\u0131yor.\u201d dedi. \u00a0\u00a0 \u00a0 \u00a0 \u00a0 \u00a0 \u00a0 \u00a0<\/p>\n<p>\u201cBiz sizi g\u00f6zden \u00e7\u0131kard\u0131k\u2019 deniyor!\u2019\u2019<br \/>\n\u00a0<br \/>\nKentin \u00f6nemli bir n\u00fcfusuna sahip Karaduvar\u2019da yap\u0131lmas\u0131 planlanan polipropilen tesisi i\u00e7in Aktay, \u201cKaraduvar gibi, zaten a\u011f\u0131r \u00e7evre sorunlar\u0131yla bo\u011fu\u015fan bir b\u00f6lgenin insanlar\u0131na, \u2018Biz sizi g\u00f6zden \u00e7\u0131kard\u0131k\u2019 deniyor. Yaln\u0131z Karaduvar de\u011fil, Mersin\u2019in t\u00fcm kent merkezi tehlikeye at\u0131l\u0131yor.\u00a0<br \/>\nMersin\u2019in havas\u0131n\u0131, suyunu, topra\u011f\u0131n\u0131, denizini plastikle kirletecek bu proje bir \u00e7evre ve halk sa\u011fl\u0131\u011f\u0131 cinayetidir. Tesisinin atmosfere yayaca\u011f\u0131 a\u011f\u0131r ve zehirli gazlar topra\u011f\u0131, havay\u0131 ve suyu, geri d\u00f6n\u00fc\u015fs\u00fcz bir bi\u00e7imde kirletecektir. Ayr\u0131ca, tesisin so\u011futulmas\u0131 i\u00e7in yeralt\u0131 sular\u0131n\u0131n kullan\u0131lacak olmas\u0131, zamanla topraklar\u0131n \u00e7orakla\u015fmas\u0131na ve b\u00f6lgede tar\u0131m\u0131n bitmesine neden olacakt\u0131r.<br \/>\nSo\u011futma suyunun denize verilmesiyle birlikte deniz hayat\u0131 da olumsuz etkilenecek, b\u00f6lgede bal\u0131k\u00e7\u0131l\u0131k yap\u0131lamayacakt\u0131r. B\u00fct\u00fcn bu korkun\u00e7 risklere kar\u015f\u0131, bu tesisin \u00fclkemizin polipropilen \u00a0ithalat\u0131n\u0131 azaltaca\u011f\u0131, cari a\u00e7\u0131\u011f\u0131 d\u00fc\u015f\u00fcrece\u011fi \u00f6ne s\u00fcr\u00fcl\u00fcyor.\u201d diye konu\u015ftu.<br \/>\n\u00a0<br \/>\n\u201cD\u0131\u015fa ba\u011f\u0131ml\u0131l\u0131k ve cari a\u00e7\u0131k bak\u0131m\u0131ndan sonu\u00e7 de\u011fi\u015fmeyecek\u2019\u2019<br \/>\n\u00a0<br \/>\nTesisin yap\u0131lmas\u0131n\u0131n ard\u0131ndan da d\u0131\u015fa ba\u011f\u0131ml\u0131l\u0131\u011f\u0131n devam edece\u011fini belirten Aktay, \u201cHava, su, toprak kirlenecek, insanlar hastalanacak ama ekonomiye \u00e7ok faydas\u0131 olacak deniyor. Halbuki, polipropilen \u00fcretebilmek i\u00e7in s\u0131v\u0131la\u015ft\u0131r\u0131lm\u0131\u015f propan gaz\u0131na ihtiya\u00e7 var ve biz bunu yine d\u0131\u015far\u0131dan ithal edece\u011fiz. Yani d\u0131\u015fa ba\u011f\u0131ml\u0131l\u0131k ve cari a\u00e7\u0131k bak\u0131m\u0131ndan sonu\u00e7 de\u011fi\u015fmeyecek. \u00a0Bu proje \u00fclkenin de\u011fil, birilerinin ekonomisine iyi gelecek. \u00dcstelik bu proje, Mersin ekonomisine de bir darbe vuracakt\u0131r. Bu kimyasal tesis, liman\u0131n ve serbest b\u00f6lgenin geli\u015fimini olumsuz etkileyecektir. Mersin i\u00e7in stratejik \u00f6nemi bulunan lojistik sekt\u00f6r\u00fc zarar g\u00f6recektir. Bu proje, ayn\u0131 zamanda, Mersin &#8211; Tarsus K\u00fclt\u00fcr ve Turizm Koruma ve Geli\u015fim B\u00f6lgesi a\u00e7\u0131s\u0131ndan da b\u00fcy\u00fck bir risktir. Turizm alan\u0131 ile a\u011f\u0131r kirlilik olu\u015fturan b\u00f6yle bir tesisin yan yana olmas\u0131 m\u00fcmk\u00fcn de\u011fildir. Elbette hepimiz Mersin\u2019e yat\u0131r\u0131mlar\u0131n artmas\u0131n\u0131 istiyoruz. Ama bunlar, \u00e7evreyi kirletmeyen, halk sa\u011fl\u0131\u011f\u0131n\u0131 tehdit etmeyen, ekonomik, sosyal ve insani boyutlar\u0131yla bilimin \u0131\u015f\u0131\u011f\u0131nda planlanm\u0131\u015f yat\u0131r\u0131mlar olmal\u0131.\u2019\u2019 ifadelerini kulland\u0131.<br \/>\n\u00a0<br \/>\n\u2018\u2019Kirli teknolojiye kar\u015f\u0131 olaca\u011f\u0131z\u2019\u2019<br \/>\n\u00a0<br \/>\nDo\u011faya ciddi zarar verecek yat\u0131r\u0131mlar\u0131n yap\u0131lmamas\u0131 gerekti\u011finin alt\u0131n\u0131 \u00e7izen Aktay, \u2018\u2019Tar\u0131m, bal\u0131k\u00e7\u0131l\u0131k, turizm, lojistik gibi sekt\u00f6rleri olumsuz etkileyecek yat\u0131r\u0131mlar Mersin ekonomisine b\u00fcy\u00fck zarar verir. \u0130nsan ve \u00e7evre sa\u011fl\u0131\u011f\u0131 a\u00e7\u0131s\u0131ndan da, ekonomik getirileri itibar\u0131yla da, bu projenin savunulabilir yan\u0131 yoktur. Mersin halk\u0131 olarak, konuyla ilgili t\u00fcm makamlar\u0131, t\u00fcm uzmanlar\u0131 sa\u011fduyuyla ve bilimsel bir yakla\u015f\u0131mla davranmaya davet ediyoruz. \u00a0 Akl\u0131n ve halk\u0131n sesine kulak vermelerini bekliyoruz. Son ald\u0131\u011f\u0131m\u0131z bilgiye g\u00f6re Karaduvar\u2019da yap\u0131lacak polipropilen tesisinin \u00c7ED iptal davas\u0131n\u0131n ke\u015ffi bilirki\u015filerden birinin kovid-19\u2019a yakalanmas\u0131 nedeniyle ke\u015fif iptal edilmi\u015ftir. Kovid-19 vir\u00fcs\u00fcn\u00fcn d\u00fcnyay\u0131 etkiledi\u011fi gibi bizleri de nas\u0131l etkilendi\u011fi ortadad\u0131r. Bu nedenle kirli teknolojiye kar\u015f\u0131 olaca\u011f\u0131z.\u2019\u2019 diye konu\u015ftu.\u00a0<\/p>\n","protected":false},"excerpt":{"rendered":"<p>N\u0130HAYET GER\u00c7E\u011e\u0130 G\u00d6RD\u00dcLER! \u201cMersin\u2019in havas\u0131n\u0131, suyunu, topra\u011f\u0131n\u0131, denizini plastikle kirletecek olan bu tesisin, atmosfere yayaca\u011f\u0131 a\u011f\u0131r ve zehirli gazlar topra\u011f\u0131, havay\u0131 ve suyu, geri d\u00f6n\u00fc\u015fs\u00fcz bir bi\u00e7imde kirletecektir. Ayr\u0131ca, tesisin &hellip; <a href=\"https:\/\/akdenizolaygazetesi.com\/?p=8575\" class=\"more-link\">Devam\u0131n\u0131 Oku&#8230;<\/a><\/p>\n","protected":false},"author":1,"featured_media":0,"comment_status":"open","ping_status":"open","sticky":false,"template":"","format":"standard","meta":[],"categories":[],"tags":[],"_links":{"self":[{"href":"https:\/\/akdenizolaygazetesi.com\/index.php?rest_route=\/wp\/v2\/posts\/8575"}],"collection":[{"href":"https:\/\/akdenizolaygazetesi.com\/index.php?rest_route=\/wp\/v2\/posts"}],"about":[{"href":"https:\/\/akdenizolaygazetesi.com\/index.php?rest_route=\/wp\/v2\/types\/post"}],"author":[{"embeddable":true,"href":"https:\/\/akdenizolaygazetesi.com\/index.php?rest_route=\/wp\/v2\/users\/1"}],"replies":[{"embeddable":true,"href":"https:\/\/akdenizolaygazetesi.com\/index.php?rest_route=%2Fwp%2Fv2%2Fcomments&post=8575"}],"version-history":[{"count":0,"href":"https:\/\/akdenizolaygazetesi.com\/index.php?rest_route=\/wp\/v2\/posts\/8575\/revisions"}],"wp:attachment":[{"href":"https:\/\/akdenizolaygazetesi.com\/index.php?rest_route=%2Fwp%2Fv2%2Fmedia&parent=8575"}],"wp:term":[{"taxonomy":"category","embeddable":true,"href":"https:\/\/akdenizolaygazetesi.com\/index.php?rest_route=%2Fwp%2Fv2%2Fcategories&post=8575"},{"taxonomy":"post_tag","embeddable":true,"href":"https:\/\/akdenizolaygazetesi.com\/index.php?rest_route=%2Fwp%2Fv2%2Ftags&post=8575"}],"curies":[{"name":"wp","href":"https:\/\/api.w.org\/{rel}","templated":true}]}}