{"id":8580,"date":"2020-11-04T18:29:03","date_gmt":"2020-11-04T15:29:03","guid":{"rendered":"http:\/\/mersinekonomipolitikagazetesi.com\/?p=8580"},"modified":"2020-11-04T18:29:03","modified_gmt":"2020-11-04T15:29:03","slug":"koca-sehven-yapilan-bir-yazim-hatasi","status":"publish","type":"post","link":"https:\/\/akdenizolaygazetesi.com\/?p=8580","title":{"rendered":"Koca: \u201cSehven yap\u0131lan bir yaz\u0131m hatas\u0131\u201d"},"content":{"rendered":"<p>Sa\u011fl\u0131k Bakan\u0131 Fahrettin Koca, Bakan Yard\u0131mc\u0131s\u0131 \u015euayip Birinci&#8217;nin de yazarlar\u0131 aras\u0131nda yer ald\u0131\u011f\u0131 makale ile ilgili iddialara ili\u015fkin, &#8220;Sehven yap\u0131lan ve d\u00fczeltilmesi i\u00e7in gerekli giri\u015fimin yap\u0131ld\u0131\u011f\u0131 bir yaz\u0131m hatas\u0131n\u0131 bahane ederek bu s\u00fcreci b\u00fcy\u00fck \u00f6zveri ve m\u00fccadele ile g\u00f6t\u00fcren, ayn\u0131 zamanda kendisi de bir t\u0131p doktoru olan Bakan Yard\u0131mc\u0131m Dr. \u015euayip Birinci&#8217;nin ve \u00e7al\u0131\u015fma arkada\u015flar\u0131n\u0131n y\u0131prat\u0131lma \u00e7abalar\u0131n\u0131 \u00fcz\u00fcnt\u00fcyle kar\u015f\u0131l\u0131yorum&#8221;dedi.<br \/>\n\u00a0<br \/>\nBakan Koca, bug\u00fcn baz\u0131 bas\u0131n yay\u0131n organlar\u0131nda Bakan Yard\u0131mc\u0131s\u0131 Dr. \u015euay\u0131p Birinci\u2019nin yazarlar\u0131 aras\u0131nda yer ald\u0131\u011f\u0131 makale ile ilgili iddialar hakk\u0131nda yaz\u0131l\u0131 bir a\u00e7\u0131klama yapt\u0131. Bakan Koca, \u0130lgili makalede sorumlu yazar taraf\u0131ndan vakalar\u0131n, hastaneye yat\u0131\u015f tarihleri sehven &#8216;Mart-Nisan&#8217; aylar\u0131 yerine &#8216;\u015eubat-Mart&#8217; olarak yaz\u0131ld\u0131\u011f\u0131n\u0131, yine vaka lokasyonu olarak &#8216;\u0130stanbul ve Mersin yerine sadece Tarsus&#8217; ifadesinin ge\u00e7ti\u011fini bildirdi.\u00a0<br \/>\nKoca, &#8220;Makale ile alakal\u0131 olarak dergi yay\u0131n kurulu ve edit\u00f6r\u00fcne sorumlu yazar taraf\u0131ndan d\u00fczeltme metni ve kan\u0131t dok\u00fcman\u0131 g\u00f6nderildi\u011fi ve dergi kurulunun bu d\u00fczeltmeyi en k\u0131sa zamanda yapaca\u011f\u0131n\u0131 bildirdi\u011fi \u00f6\u011frenilmi\u015ftir. Kay\u0131tlar\u0131m\u0131za g\u00f6re makaleye konu olan \u00e7al\u0131\u015fmadaki ilk hastan\u0131n bildirim tarihi 25 Mart 2020 olup tedavisine ba\u015flanm\u0131\u015ft\u0131r. Covid19 m\u00fccadele s\u00fcrecimizde hem ulusal hem uluslararas\u0131 kamuoyuna bilgi birikimimizi ve tecr\u00fcbelerimizi aktarmak i\u00e7in bilim insanlar\u0131n\u0131 desteklemek niyetiyle Covid19 s\u00fcrecinin hemen ba\u015f\u0131nda bilimselarastirma.saglik.gov.tr portal\u0131n\u0131 kurarak hizmete ald\u0131k&#8221; ifadelerini kulland\u0131.\u00a0<br \/>\nKoca, t\u00fcm bilimsel \u00e7al\u0131\u015fmalarla ilgili veriye eri\u015fim, etik ilkeler ve onam prosed\u00fcr\u00fcne ili\u015fkin kurallar belli oldu\u011funu makalenin yazarlar\u0131 aras\u0131nda olan Bakan Yard\u0131mc\u0131s\u0131n\u0131n Birinci&#8217;nin ve di\u011fer yazarlar belirlenen bilimsel ara\u015ft\u0131rma kurallar\u0131na uydu\u011funu ifade etti.<br \/>\n\u00a0<br \/>\nKoca, &#8220;Yukar\u0131da da zikretti\u011fim gibi sehven yap\u0131lan ve d\u00fczeltilmesi i\u00e7in gerekli giri\u015fimin yap\u0131ld\u0131\u011f\u0131 bir yaz\u0131m hatas\u0131n\u0131 bahane ederek, bu s\u00fcreci b\u00fcy\u00fck \u00f6zveri ve m\u00fccadele ile g\u00f6t\u00fcren, ayn\u0131 zamanda kendisi de bir t\u0131p doktoru olan Bakan Yard\u0131mc\u0131m Dr. \u015euay\u0131p Birinci\u2019nin ve \u00e7al\u0131\u015fma arkada\u015flar\u0131n\u0131n y\u0131prat\u0131lma \u00e7abalar\u0131n\u0131 \u00fcz\u00fcnt\u00fcyle kar\u015f\u0131l\u0131yorum&#8221; ifadelerine yer verdi. \u00a0<\/p>\n","protected":false},"excerpt":{"rendered":"<p>Sa\u011fl\u0131k Bakan\u0131 Fahrettin Koca, Bakan Yard\u0131mc\u0131s\u0131 \u015euayip Birinci&#8217;nin de yazarlar\u0131 aras\u0131nda yer ald\u0131\u011f\u0131 makale ile ilgili iddialara ili\u015fkin, &#8220;Sehven yap\u0131lan ve d\u00fczeltilmesi i\u00e7in gerekli giri\u015fimin yap\u0131ld\u0131\u011f\u0131 bir yaz\u0131m hatas\u0131n\u0131 bahane &hellip; <a href=\"https:\/\/akdenizolaygazetesi.com\/?p=8580\" class=\"more-link\">Devam\u0131n\u0131 Oku&#8230;<\/a><\/p>\n","protected":false},"author":1,"featured_media":0,"comment_status":"open","ping_status":"open","sticky":false,"template":"","format":"standard","meta":[],"categories":[],"tags":[],"_links":{"self":[{"href":"https:\/\/akdenizolaygazetesi.com\/index.php?rest_route=\/wp\/v2\/posts\/8580"}],"collection":[{"href":"https:\/\/akdenizolaygazetesi.com\/index.php?rest_route=\/wp\/v2\/posts"}],"about":[{"href":"https:\/\/akdenizolaygazetesi.com\/index.php?rest_route=\/wp\/v2\/types\/post"}],"author":[{"embeddable":true,"href":"https:\/\/akdenizolaygazetesi.com\/index.php?rest_route=\/wp\/v2\/users\/1"}],"replies":[{"embeddable":true,"href":"https:\/\/akdenizolaygazetesi.com\/index.php?rest_route=%2Fwp%2Fv2%2Fcomments&post=8580"}],"version-history":[{"count":0,"href":"https:\/\/akdenizolaygazetesi.com\/index.php?rest_route=\/wp\/v2\/posts\/8580\/revisions"}],"wp:attachment":[{"href":"https:\/\/akdenizolaygazetesi.com\/index.php?rest_route=%2Fwp%2Fv2%2Fmedia&parent=8580"}],"wp:term":[{"taxonomy":"category","embeddable":true,"href":"https:\/\/akdenizolaygazetesi.com\/index.php?rest_route=%2Fwp%2Fv2%2Fcategories&post=8580"},{"taxonomy":"post_tag","embeddable":true,"href":"https:\/\/akdenizolaygazetesi.com\/index.php?rest_route=%2Fwp%2Fv2%2Ftags&post=8580"}],"curies":[{"name":"wp","href":"https:\/\/api.w.org\/{rel}","templated":true}]}}