{"id":8582,"date":"2020-11-04T18:29:03","date_gmt":"2020-11-04T15:29:03","guid":{"rendered":"http:\/\/mersinekonomipolitikagazetesi.com\/?p=8582"},"modified":"2020-11-04T18:29:03","modified_gmt":"2020-11-04T15:29:03","slug":"orman-bolge-muduru-akdumandan-mersin-ormanlarinda-inceleme","status":"publish","type":"post","link":"https:\/\/akdenizolaygazetesi.com\/?p=8582","title":{"rendered":"Orman B\u00f6lge M\u00fcd\u00fcr\u00fc Akduman\u2019dan Mersin Ormanlar\u0131\u2019nda inceleme"},"content":{"rendered":"<p>Mersin Orman B\u00f6lge M\u00fcd\u00fcr\u00fc Kenan Akduman, F\u0131nd\u0131kp\u0131nar\u0131, G\u00f6zne ve K\u0131z\u0131lba\u011f ormanlar\u0131ndaki a\u011fa\u00e7land\u0131rma sahalar\u0131n\u0131 inceledi.\u00a0<br \/>\nMersin Orman B\u00f6lge m\u00fcd\u00fcrl\u00fc\u011f\u00fcnden yap\u0131lan a\u00e7\u0131klamaya g\u00f6re, Mersin Orman \u0130\u015fletme M\u00fcd\u00fcrl\u00fc\u011f\u00fc ormanc\u0131l\u0131k faaliyetlerini inceleyen B\u00f6lge M\u00fcd\u00fcr\u00fc Akduman\u2019a, Mersin Orman \u0130\u015fletme M\u00fcd\u00fcr\u00fc Adnan Zorlukan Aber, m\u00fcd\u00fcr yard\u0131mc\u0131lar\u0131, \u015fefler ve orman muhafaza memurlar\u0131 e\u015flik etti.\u00a0<br \/>\nF\u0131nd\u0131kp\u0131nar\u0131, G\u00f6zne, K\u0131z\u0131lba\u011f ve Mersin Orman \u0130\u015fletme \u015eeflikleri end\u00fcstriyel a\u011fa\u00e7land\u0131rma sahalar\u0131, s\u0131kl\u0131k bak\u0131m b\u00f6lmeleri ile yeni yol program\u0131nda bulunan sahalar\u0131 gezen Akduman, \u00fcretim hedefleri ile \u00fcretimde standardizasyon \u00fczerinde durdu. Ana nakliyat yollar\u0131nda bak\u0131m \u00e7al\u0131\u015fmalar\u0131n\u0131n mevzuata uygun olarak yap\u0131lmas\u0131 ve s\u0131kl\u0131k bak\u0131m \u00e7al\u0131\u015fmalar\u0131nda bak\u0131m patikalar\u0131n\u0131n a\u00e7\u0131lmas\u0131 gerekti\u011fini belirten Akduman, ayr\u0131ca yol \u015febeke plan\u0131ndaki \u00fcretim yollar\u0131n\u0131n yat\u0131r\u0131m program\u0131na konularak biran \u00f6nce yapt\u0131r\u0131lmas\u0131 i\u00e7in talimat verdi.\u00a0<\/p>\n<p>Orman B\u00f6lge M\u00fcd\u00fcrl\u00fc\u011f\u00fc personeline halkla ili\u015fkiler e\u011fitimi verildi\u00a0<\/p>\n<p>Mersin Orman B\u00f6lge M\u00fcd\u00fcrl\u00fc\u011f\u00fc Bilgi Teknolojileri ve \u0130leti\u015fim \u015eubesi ile her birimden birer personelin kat\u0131ld\u0131\u011f\u0131 toplant\u0131da, Orman Genel M\u00fcd\u00fcrl\u00fc\u011f\u00fc taraf\u0131ndan \u2018Halkla \u0130li\u015fkiler\u2019 e\u011fitimi verildi.\u00a0<br \/>\nMersin Orman B\u00f6lge M\u00fcd\u00fcrl\u00fc\u011f\u00fcnden yap\u0131lan a\u00e7\u0131klamada, e\u011fitim, orman-halk ili\u015fkilerini iyile\u015ftirmek ve geli\u015ftirmek, kurumun ama\u00e7 ve politikalar\u0131n\u0131 halka anlatmak, fedakarca y\u00fcr\u00fct\u00fclen ormanc\u0131l\u0131k \u00e7al\u0131\u015fmalar\u0131n\u0131n kamuoyuna daha do\u011fru ve etkin bir \u015fekilde tan\u0131t\u0131m\u0131na katk\u0131 sa\u011flamak amac\u0131 ile d\u00fczenlendi.\u00a0<br \/>\nMersin Orman B\u00f6lge M\u00fcd\u00fcrl\u00fc\u011f\u00fc toplant\u0131 salonunda ger\u00e7ekle\u015ftirilen e\u011fitime, Orman Genel M\u00fcd\u00fcrl\u00fc\u011f\u00fc Bas\u0131n M\u00fc\u015faviri M\u00fcmin D\u00f6ngez, Mersin Orman B\u00f6lge M\u00fcd\u00fcr\u00fc Kenan Akduman, B\u00f6lge M\u00fcd\u00fcr Yard\u0131mc\u0131s\u0131 Mehmet Fulin, Bilgi Teknolojileri ve \u0130leti\u015fim \u015eube M\u00fcd\u00fcr\u00fc Song\u00fcl Bahar U\u011fuz da kat\u0131ld\u0131.\u00a0<br \/>\nE\u011fitimde, etkili halkla ili\u015fkilerin temelleri, ileti\u015fim stratejisi, sosyal medya ve etkili ileti\u015fim kurma sanat\u0131 konular\u0131nda uzman e\u011fitimciler Abdi Baktur, Mehmet Balaban, Mehmet \u00dcney ve M\u00fcnir Ar\u0131kan taraf\u0131ndan kat\u0131l\u0131mc\u0131lara bilgiler aktar\u0131ld\u0131.\u00a0<br \/>\nB\u00f6lge M\u00fcd\u00fcr\u00fc Akduman yapt\u0131\u011f\u0131 a\u00e7\u0131l\u0131\u015f konu\u015fmas\u0131nda, \u201cOrman Genel M\u00fcd\u00fcrl\u00fc\u011f\u00fc olarak ormanlar\u0131n sa\u011fl\u0131\u011f\u0131n\u0131 korumak ve devaml\u0131l\u0131\u011f\u0131n\u0131 sa\u011flamak asli g\u00f6revimizdir. E\u011fitimin sonunda ormanc\u0131l\u0131k faaliyetlerimizi sosyal medyada halka tan\u0131tma noktas\u0131nda yol alaca\u011f\u0131m\u0131za inan\u0131yorum. Program\u0131n haz\u0131rlanmas\u0131 ve uygulanmas\u0131nda Orman Genel M\u00fcd\u00fcrl\u00fc\u011f\u00fcm\u00fcze ve katk\u0131 sa\u011flayan herkese te\u015fekk\u00fcrlerimi sunuyor, hay\u0131rlara vesile olmas\u0131n\u0131 diliyorum\u201d dedi. \u00a0<\/p>\n","protected":false},"excerpt":{"rendered":"<p>Mersin Orman B\u00f6lge M\u00fcd\u00fcr\u00fc Kenan Akduman, F\u0131nd\u0131kp\u0131nar\u0131, G\u00f6zne ve K\u0131z\u0131lba\u011f ormanlar\u0131ndaki a\u011fa\u00e7land\u0131rma sahalar\u0131n\u0131 inceledi.\u00a0 Mersin Orman B\u00f6lge m\u00fcd\u00fcrl\u00fc\u011f\u00fcnden yap\u0131lan a\u00e7\u0131klamaya g\u00f6re, Mersin Orman \u0130\u015fletme M\u00fcd\u00fcrl\u00fc\u011f\u00fc ormanc\u0131l\u0131k faaliyetlerini inceleyen B\u00f6lge M\u00fcd\u00fcr\u00fc &hellip; <a href=\"https:\/\/akdenizolaygazetesi.com\/?p=8582\" class=\"more-link\">Devam\u0131n\u0131 Oku&#8230;<\/a><\/p>\n","protected":false},"author":1,"featured_media":0,"comment_status":"open","ping_status":"open","sticky":false,"template":"","format":"standard","meta":[],"categories":[],"tags":[],"_links":{"self":[{"href":"https:\/\/akdenizolaygazetesi.com\/index.php?rest_route=\/wp\/v2\/posts\/8582"}],"collection":[{"href":"https:\/\/akdenizolaygazetesi.com\/index.php?rest_route=\/wp\/v2\/posts"}],"about":[{"href":"https:\/\/akdenizolaygazetesi.com\/index.php?rest_route=\/wp\/v2\/types\/post"}],"author":[{"embeddable":true,"href":"https:\/\/akdenizolaygazetesi.com\/index.php?rest_route=\/wp\/v2\/users\/1"}],"replies":[{"embeddable":true,"href":"https:\/\/akdenizolaygazetesi.com\/index.php?rest_route=%2Fwp%2Fv2%2Fcomments&post=8582"}],"version-history":[{"count":0,"href":"https:\/\/akdenizolaygazetesi.com\/index.php?rest_route=\/wp\/v2\/posts\/8582\/revisions"}],"wp:attachment":[{"href":"https:\/\/akdenizolaygazetesi.com\/index.php?rest_route=%2Fwp%2Fv2%2Fmedia&parent=8582"}],"wp:term":[{"taxonomy":"category","embeddable":true,"href":"https:\/\/akdenizolaygazetesi.com\/index.php?rest_route=%2Fwp%2Fv2%2Fcategories&post=8582"},{"taxonomy":"post_tag","embeddable":true,"href":"https:\/\/akdenizolaygazetesi.com\/index.php?rest_route=%2Fwp%2Fv2%2Ftags&post=8582"}],"curies":[{"name":"wp","href":"https:\/\/api.w.org\/{rel}","templated":true}]}}