{"id":8583,"date":"2020-11-04T18:29:03","date_gmt":"2020-11-04T15:29:03","guid":{"rendered":"http:\/\/mersinekonomipolitikagazetesi.com\/?p=8583"},"modified":"2020-11-04T18:29:03","modified_gmt":"2020-11-04T15:29:03","slug":"seher-ozkurtu-olduren-supheli-bursada-yakalandi","status":"publish","type":"post","link":"https:\/\/akdenizolaygazetesi.com\/?p=8583","title":{"rendered":"Seher \u00d6zkurt&#8217;u \u00f6ld\u00fcren \u015f\u00fcpheli Bursa&#8217;da yakaland\u0131"},"content":{"rendered":"<p>Mersin&#8217;de bir apartman\u0131 bas\u0131p Seher \u00d6zt\u00fcrk&#8217;\u00fc silahla \u00f6ld\u00fcren cinayet zanl\u0131s\u0131 Bursa&#8217;da yakaland\u0131.<br \/>\n\u00a0<br \/>\nOlay Mersin&#8217;in Yeni\u015fehir il\u00e7esinde meydana geldi. \u0130ddiaya g\u00f6re, sitenin \u00f6n\u00fcne gelen ara\u00e7tan inen silahl\u0131 adam, binan\u0131n 9. kat\u0131na \u00e7\u0131karak, Seher \u00d6zkurt&#8217;u kur\u015fun ya\u011fmuruna tuttu. Hunharca cinayet sonras\u0131nda geldi\u011fi otomobile binerek di\u011fer 3 ki\u015fi ile ka\u00e7an katilin yakalanmas\u0131 i\u00e7in polis geni\u015f \u00e7apl\u0131 \u00e7al\u0131\u015fma ba\u015flatt\u0131. \u015eahitler tek tek dinlendi ve olay yerini g\u00f6steren g\u00fcvenlik kameralar\u0131 incelendi. Yap\u0131lan \u00e7al\u0131\u015fma sonras\u0131nda olaya kar\u0131\u015fan ara\u00e7 baz\u0131 \u015fah\u0131slarla birlikte Adana&#8217;da yakalan\u0131rken, polis olayla ilgili soru\u015fturma ba\u015flatt\u0131.\u00a0<br \/>\nBursa polisinin yapt\u0131\u011f\u0131 \u00e7al\u0131\u015fmalar neticesinde, 30 ya\u015f\u0131ndaki cinayet zanl\u0131s\u0131 B.\u015e. Mersin&#8217;den ka\u00e7arak Bursa&#8217;ya geldi\u011fi ve merkez Osmangazi il\u00e7esinde bulunan bir apart da sakland\u0131\u011f\u0131 belirlendi. Yap\u0131lan operasyon sonucu yakalanarak g\u00f6zalt\u0131na al\u0131nan B.\u015e. gerekli i\u015flemlerinin yap\u0131labilmesi i\u00e7in Mersin \u0130l Emniyet M\u00fcd\u00fcrl\u00fc\u011f\u00fc ekiplerine teslim edildi. \u00a0\u00a0<\/p>\n","protected":false},"excerpt":{"rendered":"<p>Mersin&#8217;de bir apartman\u0131 bas\u0131p Seher \u00d6zt\u00fcrk&#8217;\u00fc silahla \u00f6ld\u00fcren cinayet zanl\u0131s\u0131 Bursa&#8217;da yakaland\u0131. \u00a0 Olay Mersin&#8217;in Yeni\u015fehir il\u00e7esinde meydana geldi. \u0130ddiaya g\u00f6re, sitenin \u00f6n\u00fcne gelen ara\u00e7tan inen silahl\u0131 adam, binan\u0131n 9. &hellip; <a href=\"https:\/\/akdenizolaygazetesi.com\/?p=8583\" class=\"more-link\">Devam\u0131n\u0131 Oku&#8230;<\/a><\/p>\n","protected":false},"author":1,"featured_media":0,"comment_status":"open","ping_status":"open","sticky":false,"template":"","format":"standard","meta":[],"categories":[],"tags":[],"_links":{"self":[{"href":"https:\/\/akdenizolaygazetesi.com\/index.php?rest_route=\/wp\/v2\/posts\/8583"}],"collection":[{"href":"https:\/\/akdenizolaygazetesi.com\/index.php?rest_route=\/wp\/v2\/posts"}],"about":[{"href":"https:\/\/akdenizolaygazetesi.com\/index.php?rest_route=\/wp\/v2\/types\/post"}],"author":[{"embeddable":true,"href":"https:\/\/akdenizolaygazetesi.com\/index.php?rest_route=\/wp\/v2\/users\/1"}],"replies":[{"embeddable":true,"href":"https:\/\/akdenizolaygazetesi.com\/index.php?rest_route=%2Fwp%2Fv2%2Fcomments&post=8583"}],"version-history":[{"count":0,"href":"https:\/\/akdenizolaygazetesi.com\/index.php?rest_route=\/wp\/v2\/posts\/8583\/revisions"}],"wp:attachment":[{"href":"https:\/\/akdenizolaygazetesi.com\/index.php?rest_route=%2Fwp%2Fv2%2Fmedia&parent=8583"}],"wp:term":[{"taxonomy":"category","embeddable":true,"href":"https:\/\/akdenizolaygazetesi.com\/index.php?rest_route=%2Fwp%2Fv2%2Fcategories&post=8583"},{"taxonomy":"post_tag","embeddable":true,"href":"https:\/\/akdenizolaygazetesi.com\/index.php?rest_route=%2Fwp%2Fv2%2Ftags&post=8583"}],"curies":[{"name":"wp","href":"https:\/\/api.w.org\/{rel}","templated":true}]}}