{"id":8687,"date":"2020-11-04T18:29:10","date_gmt":"2020-11-04T15:29:10","guid":{"rendered":"http:\/\/mersinekonomipolitikagazetesi.com\/?p=8687"},"modified":"2020-11-04T18:29:10","modified_gmt":"2020-11-04T15:29:10","slug":"chpden-sok-iddia-koronavirus-olumlerini-saklamak-icin-camilerde-sela-okunmasini-yasakladilar","status":"publish","type":"post","link":"https:\/\/akdenizolaygazetesi.com\/?p=8687","title":{"rendered":"CHP\u2019DEN \u015eOK \u0130DD\u0130A \u2018KORONAV\u0130R\u00dcS \u00d6L\u00dcMLER\u0130N\u0130 SAKLAMAK \u0130\u00c7\u0130N CAM\u0130LERDE SELA OKUNMASINI YASAKLADILAR\u2019"},"content":{"rendered":"<p>Koronavir\u00fcs vaka ve \u00f6l\u00fcm say\u0131lar\u0131 ile ilgili ya\u015fanan tart\u0131\u015fmalara bir yenisi daha eklendi. CHP Mersin Milletvekili Alpay Antmen, Covid-19 kaynakl\u0131 ger\u00e7ek \u00f6l\u00fcm say\u0131lar\u0131n\u0131n saklanmas\u0131 i\u00e7in baz\u0131 illerde camilerden cenaze selalar\u0131n\u0131n okunmas\u0131n\u0131n yasakland\u0131\u011f\u0131n\u0131 belirtti.<\/p>\n<p><span style=\"line-height: 1.6em;\">Antmen, Sa\u011fl\u0131k Bakan\u0131 Fahrettin Koca taraf\u0131ndan yaz\u0131l\u0131 olarak yan\u0131tlanmas\u0131 istemiyle verdi\u011fi soru \u00f6nergesinde resmi rakamlara g\u00f6re 12 Ekim 2020 tarihine kadar Koronavir\u00fcs nedeniyle 8895 vatanda\u015f\u0131n hayat\u0131n\u0131 kaybetti\u011fi bilgisinin eksik oldu\u011funu belirterek \u201cT\u00fcrk Tabipler Birli\u011fi hem vaka hem de \u00f6l\u00fcm say\u0131lar\u0131n\u0131n Sa\u011fl\u0131k Bakanl\u0131\u011f\u0131\u2019n\u0131n yay\u0131nlad\u0131\u011f\u0131 rakamlardan \u00e7ok daha fazla oldu\u011funu a\u00e7\u0131klam\u0131\u015ft\u0131r. Covid-19 ile ilgili verilen say\u0131lara g\u00fcvenilirlik her ge\u00e7en g\u00fcn azaltmakta; kamuoyunda ger\u00e7ek rakamlar\u0131n \u00e7ok daha y\u00fcksek oldu\u011fu uzman ki\u015filerce de konu\u015fulmaktad\u0131r\u201d ifadelerini kulland\u0131.<\/span><\/p>\n<p>Antmen, Covid-19 nedeniyle \u00f6len baz\u0131 ki\u015filerin ise \u00f6l\u00fcm raporlar\u0131na \u2018Do\u011fal \u00f6l\u00fcm\u2019 veya \u2018Bula\u015f\u0131c\u0131 hastal\u0131k\u2019 yaz\u0131ld\u0131\u011f\u0131n\u0131n ortaya \u00e7\u0131kt\u0131\u011f\u0131n\u0131 s\u00f6yleyerek \u201cE-Devletten Belediyelerin vefat bilgileri k\u0131sm\u0131nda \u2018\u00f6l\u00fcm nedeni\u2019 k\u0131sm\u0131n\u0131n \u00e7\u0131kar\u0131lmas\u0131 da koronavir\u00fcs kaynakl\u0131 \u00f6l\u00fcm say\u0131lar\u0131n\u0131n \u00e7ok daha y\u00fcksek oldu\u011fu iddialar\u0131n\u0131 daha fazla g\u00fc\u00e7lendirmektedir. \u015eimdi de koronavir\u00fcs nedeniyle \u00f6l\u00fcmlerin ve vaka say\u0131lar\u0131n\u0131n yo\u011fun oldu\u011fu illerde camilerden cenaze selas\u0131 okunmas\u0131na yasak getirilmi\u015ftir. B\u00f6ylece koronavir\u00fcs kaynakl\u0131 \u00f6l\u00fcmlerin art\u0131\u015f\u0131n\u0131n vatanda\u015ftan saklan\u0131lmas\u0131 ama\u00e7lanm\u0131\u015ft\u0131r\u201d dedi.<br \/>\nAntmen\u2019in \u00f6nergesinde yer alan sorular \u015fu \u015fekilde;<br \/>\n&#8211; Camilerde sela okunmas\u0131n\u0131n yasakland\u0131\u011f\u0131 ya da okunmama karar\u0131 al\u0131nd\u0131\u011f\u0131 il ve il\u00e7eler hangileridir?\u00a0<br \/>\n&#8211; Bu il ve il\u00e7elerde hangi tarihten bu yana cami ve mescitlerde sela okunmas\u0131 durdurulmu\u015ftur?\u00a0<br \/>\n&#8211; 1 Eyl\u00fcl 2020 tarihinden bu yana, \u00f6l\u00fcm belgesi olmas\u0131na ra\u011fmen sela okunmas\u0131 i\u00e7in ba\u015fvuruda bulunan ki\u015fi say\u0131s\u0131 ka\u00e7t\u0131r? Bunlar\u0131n ka\u00e7\u0131 camilerden okunmu\u015f, ka\u00e7\u0131 okunmam\u0131\u015ft\u0131r?\u00a0<br \/>\n\u2013Koronavir\u00fcsle ilgili ger\u00e7ek \u00f6l\u00fcm say\u0131s\u0131n\u0131n saklanma \u00e7abas\u0131 nedeniyle mi Camilerden cenaze selalar\u0131 okunmamaya ba\u015flam\u0131\u015ft\u0131r?<\/p>\n","protected":false},"excerpt":{"rendered":"<p>Koronavir\u00fcs vaka ve \u00f6l\u00fcm say\u0131lar\u0131 ile ilgili ya\u015fanan tart\u0131\u015fmalara bir yenisi daha eklendi. CHP Mersin Milletvekili Alpay Antmen, Covid-19 kaynakl\u0131 ger\u00e7ek \u00f6l\u00fcm say\u0131lar\u0131n\u0131n saklanmas\u0131 i\u00e7in baz\u0131 illerde camilerden cenaze selalar\u0131n\u0131n &hellip; <a href=\"https:\/\/akdenizolaygazetesi.com\/?p=8687\" class=\"more-link\">Devam\u0131n\u0131 Oku&#8230;<\/a><\/p>\n","protected":false},"author":1,"featured_media":0,"comment_status":"open","ping_status":"open","sticky":false,"template":"","format":"standard","meta":[],"categories":[],"tags":[],"_links":{"self":[{"href":"https:\/\/akdenizolaygazetesi.com\/index.php?rest_route=\/wp\/v2\/posts\/8687"}],"collection":[{"href":"https:\/\/akdenizolaygazetesi.com\/index.php?rest_route=\/wp\/v2\/posts"}],"about":[{"href":"https:\/\/akdenizolaygazetesi.com\/index.php?rest_route=\/wp\/v2\/types\/post"}],"author":[{"embeddable":true,"href":"https:\/\/akdenizolaygazetesi.com\/index.php?rest_route=\/wp\/v2\/users\/1"}],"replies":[{"embeddable":true,"href":"https:\/\/akdenizolaygazetesi.com\/index.php?rest_route=%2Fwp%2Fv2%2Fcomments&post=8687"}],"version-history":[{"count":0,"href":"https:\/\/akdenizolaygazetesi.com\/index.php?rest_route=\/wp\/v2\/posts\/8687\/revisions"}],"wp:attachment":[{"href":"https:\/\/akdenizolaygazetesi.com\/index.php?rest_route=%2Fwp%2Fv2%2Fmedia&parent=8687"}],"wp:term":[{"taxonomy":"category","embeddable":true,"href":"https:\/\/akdenizolaygazetesi.com\/index.php?rest_route=%2Fwp%2Fv2%2Fcategories&post=8687"},{"taxonomy":"post_tag","embeddable":true,"href":"https:\/\/akdenizolaygazetesi.com\/index.php?rest_route=%2Fwp%2Fv2%2Ftags&post=8687"}],"curies":[{"name":"wp","href":"https:\/\/api.w.org\/{rel}","templated":true}]}}