{"id":8711,"date":"2020-11-04T18:29:11","date_gmt":"2020-11-04T15:29:11","guid":{"rendered":"http:\/\/mersinekonomipolitikagazetesi.com\/?p=8711"},"modified":"2020-11-04T18:29:11","modified_gmt":"2020-11-04T15:29:11","slug":"mersinde-muhtarlar-gunu-torenle-kutlandi","status":"publish","type":"post","link":"https:\/\/akdenizolaygazetesi.com\/?p=8711","title":{"rendered":"Mersin\u2019de Muhtarlar G\u00fcn\u00fc t\u00f6renle kutland\u0131"},"content":{"rendered":"<p>ARZU \u00d6ZER<br \/>\nMuhtarlar G\u00fcn\u00fc Cumhuriyet Meydan\u0131\u2019nda d\u00fczenlenen t\u00f6renle kutland\u0131. Mersin Muhtarlar Derne\u011fi Ba\u015fkan\u0131 Ali G\u00fclgen, \u201cMuhtarl\u0131k, paraya de\u011fil, \u00f6zveriyle yap\u0131lacak bir i\u015f. Bu, g\u00f6n\u00fcl i\u015fi, biz de 50 bin g\u00f6n\u00fcll\u00fcy\u00fcz\u201d ifadelerini kulland\u0131.\u00a0<br \/>\n19 Ekim Muhtarlar G\u00fcn\u00fc, Covid-19 \u00f6nlemleri al\u0131narak k\u00fc\u00e7\u00fck bir t\u00f6renle kutland\u0131. Cumhuriyet Meydan\u0131\u2019nda ger\u00e7ekle\u015ftirilen t\u00f6rene, Mersin Muhtarlar Derne\u011fi Ba\u015fkan\u0131 ve Akdeniz Muhtarlar Derne\u011fi Federasyonu Genel Ba\u015fkan Yard\u0131mc\u0131s\u0131 Ali G\u00fclgen, T\u00fcrkiye Muhtarlar Federasyonu Mersin \u015eube Ba\u015fkan\u0131 Halil \u0130brahim Soysal, T\u00fcm Mersin Muhtarlar Derne\u011fi Ba\u015fkan\u0131 Erg\u00fcn \u00dcnl\u00fc, Mersin B\u00fcy\u00fck\u015fehir Belediyesi Muhtarl\u0131k \u0130\u015fleri Dairesi Ba\u015fkan Vekili Zeki Aksoy ve Mersin Valili\u011fi \u0130dare ve Denetim M\u00fcd\u00fcr Vekili Hilal Sulukaya kat\u0131ld\u0131.\u00a0<br \/>\nT\u00f6rende, Mersin Muhtarlar derne\u011fi Ba\u015fkan\u0131 G\u00fclgen ile d\u00f6rt merkez il\u00e7ede kurulan muhtarlar derneklerinin ba\u015fkanlar\u0131, Atat\u00fcrk An\u0131t\u0131na \u00e7elenk sundu. T\u00f6ren, sayg\u0131 duru\u015fu ve \u0130stiklal Mar\u015f\u0131n\u0131n okunmas\u0131n\u0131n ard\u0131ndan sona erdi.\u00a0<\/p>\n<p>\u201cSon se\u00e7imde kad\u0131n muhtarlar a\u00e7\u0131s\u0131ndan \u00e7ok b\u00fcy\u00fck bir ba\u015far\u0131 sa\u011fland\u0131\u201d<br \/>\n\u00a0<br \/>\nT\u00fcrkiye Muhtarlar Konfederasyonu Mersin \u0130l Temsilcisi olan Ali G\u00fclgen a\u00e7\u0131klamalarda bulundu. T\u00fcrkiye\u2019de muhtarl\u0131k camias\u0131n\u0131n 1829 y\u0131l\u0131nda 2. Mahmut taraf\u0131ndan atamayla, 1833\u2019te ise Bolu\u2019da ilk kez se\u00e7imle yap\u0131ld\u0131\u011f\u0131n\u0131 belirten G\u00fclgen, \u201cTa\u015frada da Kastamonu\u2019da ilk muhtarl\u0131k se\u00e7imi yap\u0131lm\u0131\u015f. O tarih 19 Ekim. Biz de konfederasyon olarak \u0130\u00e7i\u015fleri Bakanl\u0131\u011f\u0131na ba\u015fvurduk ve 19 Ekim\u2019i Muhtarlar G\u00fcn\u00fc olarak kutlamak istedi\u011fimizi ilettik. 19 Ekim\u2019i 5 y\u0131ld\u0131r Muhtarlar G\u00fcn\u00fc olarak kutluyoruz\u201d \u015feklinde konu\u015ftu.\u00a0<br \/>\nT\u00fcrkiye\u2019de 51 bin muhtar oldu\u011funu, bunun bin 70\u2019inin kad\u0131n oldu\u011funu vurgulayan G\u00fclgen, son se\u00e7imde kad\u0131n muhtarlar a\u00e7\u0131s\u0131ndan \u00e7ok b\u00fcy\u00fck bir ba\u015far\u0131 sa\u011fland\u0131\u011f\u0131n\u0131 s\u00f6yledi. T\u00fcm muhtarlar\u0131n yar\u0131s\u0131n\u0131n kad\u0131n olmas\u0131n\u0131 istediklerini dile getiren G\u00fclgen, her alanda kad\u0131n\u0131n e\u015fit temsil edilmesinden yana olduklar\u0131n\u0131 ifade etti.\u00a0<\/p>\n<p>\u201cBir\u00e7ok sorunumuz var ve yaln\u0131z b\u0131rak\u0131l\u0131yoruz\u201d<br \/>\n\u00a0<br \/>\n\u0130lgililerden \u00e7ok fazla destek g\u00f6rmediklerini ileten G\u00fclgen, \u201cBaz\u0131 yerlerde yaln\u0131z b\u0131rak\u0131l\u0131yoruz. Elimizde imkan\u0131m\u0131z yok. Vatanda\u015f\u0131n ilk geldi\u011fi yer biz oluyoruz. Vatanda\u015f\u0131n sorununu ilgili yerlere iletiyoruz ama kar\u015f\u0131l\u0131k bulam\u0131yor. Bu d\u00f6nemde daha iyiyiz, kaymakamlar\u0131m\u0131z ve belediye ba\u015fkanlar\u0131m\u0131z ilgileniyorlar fakat buna kar\u015f\u0131n ilgili birimlerde sorunlar\u0131m\u0131z s\u00fcr\u00fcyor. Telefonlara \u00e7\u0131km\u0131yorlar. Bu durumdan \u00e7ok s\u0131k\u0131nt\u0131 duyuyoruz. Biz kimsenin arka bah\u00e7esi de de\u011filiz. \u015eimdi Mersin\u2019de d\u00f6rt merkez il\u00e7ede d\u00f6rt dernek kurduk, \u00e7\u00fcnk\u00fc y\u0131lba\u015f\u0131ndan sonra birlik olma ihtimalimiz \u00e7ok kuvvetli. \u0130\u00e7i\u015fleri Bakanl\u0131\u011f\u0131 Muhtarlar Birli\u011fi Yasas\u0131n\u0131 \u00e7\u0131karacak. Bu kapsamda her il\u00e7enin bir ba\u015fkan\u0131, 13 il\u00e7eyi temsilen de bir ba\u015fkan olacak. Bundan sonra i\u015flerin daha da iyiye gitmesini bekliyoruz. Vatanda\u015f hizmet istiyor, biz hizmet istiyoruz. Se\u00e7imden \u00f6nce verilen s\u00f6zlerin tutulmas\u0131n\u0131 istiyoruz. Muhtarl\u0131k, paraya de\u011fil, \u00f6zveriyle yap\u0131lacak bir i\u015f. Ald\u0131\u011f\u0131n 2 bin 400 lira para, bunun yar\u0131s\u0131n\u0131 da zaten muhtarl\u0131\u011fa harc\u0131yorsun. Bu, g\u00f6n\u00fcl i\u015fi, biz de 50 bin g\u00f6n\u00fcll\u00fc el\u00e7iyiz.\u201d diyerek a\u00e7\u0131klamalar\u0131n\u0131 sonland\u0131rd\u0131.\u00a0<\/p>\n","protected":false},"excerpt":{"rendered":"<p>ARZU \u00d6ZER Muhtarlar G\u00fcn\u00fc Cumhuriyet Meydan\u0131\u2019nda d\u00fczenlenen t\u00f6renle kutland\u0131. Mersin Muhtarlar Derne\u011fi Ba\u015fkan\u0131 Ali G\u00fclgen, \u201cMuhtarl\u0131k, paraya de\u011fil, \u00f6zveriyle yap\u0131lacak bir i\u015f. Bu, g\u00f6n\u00fcl i\u015fi, biz de 50 bin g\u00f6n\u00fcll\u00fcy\u00fcz\u201d &hellip; <a href=\"https:\/\/akdenizolaygazetesi.com\/?p=8711\" class=\"more-link\">Devam\u0131n\u0131 Oku&#8230;<\/a><\/p>\n","protected":false},"author":1,"featured_media":0,"comment_status":"open","ping_status":"open","sticky":false,"template":"","format":"standard","meta":[],"categories":[],"tags":[],"_links":{"self":[{"href":"https:\/\/akdenizolaygazetesi.com\/index.php?rest_route=\/wp\/v2\/posts\/8711"}],"collection":[{"href":"https:\/\/akdenizolaygazetesi.com\/index.php?rest_route=\/wp\/v2\/posts"}],"about":[{"href":"https:\/\/akdenizolaygazetesi.com\/index.php?rest_route=\/wp\/v2\/types\/post"}],"author":[{"embeddable":true,"href":"https:\/\/akdenizolaygazetesi.com\/index.php?rest_route=\/wp\/v2\/users\/1"}],"replies":[{"embeddable":true,"href":"https:\/\/akdenizolaygazetesi.com\/index.php?rest_route=%2Fwp%2Fv2%2Fcomments&post=8711"}],"version-history":[{"count":0,"href":"https:\/\/akdenizolaygazetesi.com\/index.php?rest_route=\/wp\/v2\/posts\/8711\/revisions"}],"wp:attachment":[{"href":"https:\/\/akdenizolaygazetesi.com\/index.php?rest_route=%2Fwp%2Fv2%2Fmedia&parent=8711"}],"wp:term":[{"taxonomy":"category","embeddable":true,"href":"https:\/\/akdenizolaygazetesi.com\/index.php?rest_route=%2Fwp%2Fv2%2Fcategories&post=8711"},{"taxonomy":"post_tag","embeddable":true,"href":"https:\/\/akdenizolaygazetesi.com\/index.php?rest_route=%2Fwp%2Fv2%2Ftags&post=8711"}],"curies":[{"name":"wp","href":"https:\/\/api.w.org\/{rel}","templated":true}]}}