{"id":8713,"date":"2020-11-04T18:29:11","date_gmt":"2020-11-04T15:29:11","guid":{"rendered":"http:\/\/mersinekonomipolitikagazetesi.com\/?p=8713"},"modified":"2020-11-04T18:29:11","modified_gmt":"2020-11-04T15:29:11","slug":"cukurova-havalimani-ihalesi-limak-cengiz-kalyon-ortaklara-mi-verilecek","status":"publish","type":"post","link":"https:\/\/akdenizolaygazetesi.com\/?p=8713","title":{"rendered":"\u00c7UKUROVA HAVAL\u0130MANI \u0130HALES\u0130 L\u0130MAK-CENG\u0130Z-KALYON ORTAKLARA MI VER\u0130LECEK?"},"content":{"rendered":"<p>\u201cEnkaz in\u015faat\u0131n nas\u0131l revize edilece\u011fi ve projenin bunun \u00fczerine nas\u0131l kurgulanaca\u011f\u0131 hususlar\u0131 tamamen belirsiz hale getirildi\u201d<\/p>\n<p>CHP Adana Milletvekili Burhanettin Bulut, \u00c7ukurova Havaalan\u0131 ihalesindeki iddialar\u0131 Ula\u015ft\u0131rma ve Altyap\u0131 Bakanl\u0131\u011f\u0131n\u0131n yan\u0131tlamas\u0131 istemiyle verdi\u011fi soru \u00f6nergesiyle TBMM g\u00fcndemine getirdi.\u00a0<br \/>\nCHP Adana Milletvekili Burhanettin Bulut, 26 Ekim\u2019de yap\u0131lacak \u00a0\u00c7ukurova havaliman\u0131 \u00fcst yap\u0131 ihalesi \u00f6ncesinde \u015fartnamedeki de\u011fi\u015fikliklerin nedenini sordu.<br \/>\nBulut, \u201cSon \u015fartname, ilk iki ihale \u015fartnamesi ile kar\u015f\u0131la\u015ft\u0131r\u0131ld\u0131\u011f\u0131nda \u00f6demeler dengesinin tamamen y\u00fcklenici lehine de\u011fi\u015ftirildi\u011fi, projelerin tamamen y\u00fcklenici taraf\u0131ndan temin edilmesi gibi idarenin kontrol\u00fcn\u00fc devre d\u0131\u015f\u0131 b\u0131rakacak \u015fekilde de\u011fi\u015fiklikler yap\u0131ld\u0131\u011f\u0131 iddia edilmektedir. Ayr\u0131ca terminal binas\u0131n\u0131n 60 bin metrekareye d\u00fc\u015f\u00fcr\u00fclmesi belirlenmi\u015f olmas\u0131na ra\u011fmen mevcut 150 bin metrekareye yay\u0131lm\u0131\u015f enkaz in\u015faat\u0131n nas\u0131l revize edilece\u011fi ve projenin bunun \u00fczerine nas\u0131l kurgulanaca\u011f\u0131 hususlar\u0131 tamamen belirsiz hale getirilmi\u015ftir. S\u00f6z konusu ihalenin haricinde mevcut enkazla ilgili hususlar\u0131n ihale d\u0131\u015f\u0131na kolayl\u0131kla at\u0131labilece\u011fi ve yat\u0131r\u0131ma ayr\u0131 bir y\u00fck getirebilme ihtimalleri projenin y\u00fcklenici firman\u0131n kendisi taraf\u0131ndan yap\u0131lmas\u0131 nedeni ile ucu a\u00e7\u0131k hale getirilmi\u015ftir. \u0130halenin \u00f6n proje olmaks\u0131z\u0131n yap\u0131l\u0131yor olmas\u0131 y\u00fcklenicinin sahada mevcut olan her t\u00fcrl\u00fc sorunu idareye y\u0131kaca\u011f\u0131 endi\u015fesi do\u011furmaktad\u0131r.\u201d dedi.<\/p>\n<p>\u201cYeni proje ne kadara mal olmu\u015ftur ?\u2019\u2019<br \/>\nBulut, \u00f6nergesinde \u015fu sorular\u0131 sordu;<\/p>\n<p>-\u00c7ukurova Havaalan\u0131 \u00fcstyap\u0131 tesislerinin 3. ihale \u015fartnamesinin de\u011fi\u015ftirilmesinin gerek\u00e7esi nedir? Terminal binas\u0131n\u0131n 60 bin metrekareye d\u00fc\u015f\u00fcr\u00fclecek olmas\u0131na ra\u011fmen mevcut 150 bin metrekareye yay\u0131lan in\u015faat alan\u0131 nas\u0131l revize edilecektir?<br \/>\n-T\u00fcm projelerin temini ve proje kararlar\u0131n\u0131n, idare taraf\u0131ndan kontrol\u00fcn\u00fc imkans\u0131z k\u0131lacak bir \u015fartname ile y\u00fckleniciye b\u0131rak\u0131lmas\u0131n\u0131n gerek\u00e7esi nedir?<br \/>\n-\u0130hale \u015fartnamesinde neden \u00f6n proje istenmemi\u015ftir? \u00dcstyap\u0131 tesisleri i\u00e7in a\u00e7\u0131lan ilk proje ihalesinin iptal edilmesiyle kamu zarar\u0131 ne olmu\u015ftur?<br \/>\n-Yeni proje ne kadara mal olmu\u015ftur?<br \/>\n-\u0130darenin elinde yat\u0131r\u0131mla ilgili 2 adet proje varken, 3. ihalede bu projeler neden kullan\u0131lmam\u0131\u015f ve proje temini y\u00fckleniciye b\u0131rak\u0131lm\u0131\u015ft\u0131r?<br \/>\n\u2013 \u0130halede Limak-Cengiz-Kalyon Ortak Giri\u015fimi \u015fartl\u0131 teklif nedeni ile elenmi\u015ftir. Elenmeye neden olan bu \u015fartlar nelerdir ve bu \u015fartlar 3. ihale \u015fartnamesinde yer alm\u0131\u015f m\u0131d\u0131r?<br \/>\n-Bu de\u011fi\u015fiklikler ilk ihalede elenen ortak giri\u015fime ihaleyi teslim etmek i\u00e7in mi yap\u0131lmaktad\u0131r?\u201d<\/p>\n","protected":false},"excerpt":{"rendered":"<p>\u201cEnkaz in\u015faat\u0131n nas\u0131l revize edilece\u011fi ve projenin bunun \u00fczerine nas\u0131l kurgulanaca\u011f\u0131 hususlar\u0131 tamamen belirsiz hale getirildi\u201d CHP Adana Milletvekili Burhanettin Bulut, \u00c7ukurova Havaalan\u0131 ihalesindeki iddialar\u0131 Ula\u015ft\u0131rma ve Altyap\u0131 Bakanl\u0131\u011f\u0131n\u0131n yan\u0131tlamas\u0131 &hellip; <a href=\"https:\/\/akdenizolaygazetesi.com\/?p=8713\" class=\"more-link\">Devam\u0131n\u0131 Oku&#8230;<\/a><\/p>\n","protected":false},"author":1,"featured_media":0,"comment_status":"open","ping_status":"open","sticky":false,"template":"","format":"standard","meta":[],"categories":[],"tags":[],"_links":{"self":[{"href":"https:\/\/akdenizolaygazetesi.com\/index.php?rest_route=\/wp\/v2\/posts\/8713"}],"collection":[{"href":"https:\/\/akdenizolaygazetesi.com\/index.php?rest_route=\/wp\/v2\/posts"}],"about":[{"href":"https:\/\/akdenizolaygazetesi.com\/index.php?rest_route=\/wp\/v2\/types\/post"}],"author":[{"embeddable":true,"href":"https:\/\/akdenizolaygazetesi.com\/index.php?rest_route=\/wp\/v2\/users\/1"}],"replies":[{"embeddable":true,"href":"https:\/\/akdenizolaygazetesi.com\/index.php?rest_route=%2Fwp%2Fv2%2Fcomments&post=8713"}],"version-history":[{"count":0,"href":"https:\/\/akdenizolaygazetesi.com\/index.php?rest_route=\/wp\/v2\/posts\/8713\/revisions"}],"wp:attachment":[{"href":"https:\/\/akdenizolaygazetesi.com\/index.php?rest_route=%2Fwp%2Fv2%2Fmedia&parent=8713"}],"wp:term":[{"taxonomy":"category","embeddable":true,"href":"https:\/\/akdenizolaygazetesi.com\/index.php?rest_route=%2Fwp%2Fv2%2Fcategories&post=8713"},{"taxonomy":"post_tag","embeddable":true,"href":"https:\/\/akdenizolaygazetesi.com\/index.php?rest_route=%2Fwp%2Fv2%2Ftags&post=8713"}],"curies":[{"name":"wp","href":"https:\/\/api.w.org\/{rel}","templated":true}]}}