{"id":8717,"date":"2020-11-04T18:29:11","date_gmt":"2020-11-04T15:29:11","guid":{"rendered":"http:\/\/mersinekonomipolitikagazetesi.com\/?p=8717"},"modified":"2020-11-04T18:29:11","modified_gmt":"2020-11-04T15:29:11","slug":"ciftcilerin-nakliye-sorunlarini-cozmek-icin-herhangi-bir-calisma-var-mi","status":"publish","type":"post","link":"https:\/\/akdenizolaygazetesi.com\/?p=8717","title":{"rendered":"&#8220;\u00c7ift\u00e7ilerin nakliye sorunlar\u0131n\u0131 \u00e7\u00f6zmek i\u00e7in herhangi bir \u00e7al\u0131\u015fma var m\u0131?&#8221;"},"content":{"rendered":"<p>HDP Mersin Milletvekili Dr. R\u0131dvan Turan, Diyarbak\u0131r\u2019\u0131n \u00c7\u0131nar il\u00e7esindeki \u015feker pancar\u0131 \u00fcreticilerinin nakliye sorunlar\u0131n\u0131 meclis g\u00fcndemine ta\u015f\u0131d\u0131. HDP Mersin Milletvekili Dr. R\u0131dvan Turan, konuyla ilgili Tar\u0131m ve Orman Bakan\u0131 Bekir Pakdemirli\u2019nin yan\u0131tlamas\u0131 i\u00e7in soru \u00f6nergesi verdi.<\/p>\n<p>Turan, \u201cTar\u0131msal \u00fcretimde g\u00fcbre, mazot ve kimyasal gibi temel girdi fiyatlar\u0131n\u0131n y\u00fckselmesi, \u00fcreticileri zor durumda b\u0131rak\u0131rken pek \u00e7ok \u00fcretici girdi maliyetlerinin y\u00fcksek olmas\u0131ndan dolay\u0131 \u00fcretimi b\u0131rakma noktas\u0131na gelmi\u015ftir. B\u00fct\u00fcn girdi maliyetlerine ra\u011fmen zor ko\u015fullarda \u00fcretimini s\u00fcrd\u00fcrmeye \u00e7al\u0131\u015fan \u00e7ift\u00e7ilerin kar\u015f\u0131la\u015ft\u0131\u011f\u0131 temel sorunlardan biri tarladaki \u00fcr\u00fcn\u00fcn nakliyesidir. \u00c7ift\u00e7iler, biteviye mazot fiyatlar\u0131ndaki y\u00fckseli\u015fin nakliye \u00fccretlerini artt\u0131rmas\u0131ndan dolay\u0131 \u00fcr\u00fcnlerini ta\u015f\u0131makta ciddi zorluklarla kar\u015f\u0131 kar\u015f\u0131yad\u0131r. \u00a0Diyarbak\u0131r\u2019\u0131n \u00c7\u0131nar il\u00e7esindeki \u015feker pancar\u0131 \u00fcreticileri, nakliye \u00fccretlerinin y\u00fcksek olmas\u0131ndan dolay\u0131 \u00fcr\u00fcnlerini El\u00e2z\u0131\u011f \u015feker fabrikas\u0131na g\u00f6t\u00fcrememektedir. \u00dcreticiler, bir \u00f6nceki y\u0131la g\u00f6re artan nakliye \u00fccretlerinden dolay\u0131 \u00fcr\u00fcnlerini ta\u015f\u0131yamamaktad\u0131r. Di\u011fer taraftan 2019 y\u0131l\u0131 nakliye bedeli kg ba\u015f\u0131na 97 kuru\u015f iken 2020 y\u0131l\u0131nda kg ba\u015f\u0131na 48 kuru\u015fa d\u00fc\u015f\u00fcr\u00fclm\u00fc\u015ft\u00fcr. Nakliye \u00fccretlerinin d\u00fc\u015f\u00fcr\u00fclmesi ilk ba\u015fta \u00e7ift\u00e7iler lehine bir uygulama gibi g\u00f6r\u00fcn\u00fcrken asl\u0131nda kg ba\u015f\u0131na 48 kuru\u015fa ta\u015f\u0131yacak hi\u00e7bir nakliyeci bulunmad\u0131\u011f\u0131ndan \u00e7ift\u00e7iler ma\u011fduriyet ya\u015famaktad\u0131r. Bunun temel nedenlerinden biri \u00e7ift\u00e7ilerin ve nakliyecilerin i\u00e7inde bulunduklar\u0131 ko\u015fullar\u0131 dikkate alan bi\u00e7imde nakliye ile ilgili bir y\u00f6netmeli\u011fin olu\u015fturulmamas\u0131 veya var olan y\u00f6netmeli\u011fin uygulanabilir yanlar\u0131n\u0131n olmamas\u0131d\u0131r. Ba\u015fka bir ifade ile nakliye \u00fccretleri ve kurallar\u0131n\u0131n; \u00e7ift\u00e7ilerin ve nakliyecilerin fikirleri al\u0131nmadan, sorunlar tespit edilmeden tek merkezden belirlenmesidir. Dolay\u0131s\u0131yla \u00e7ift\u00e7iler ile nakliyecilerin ya\u015fad\u0131klar\u0131 sorunlar\u0131 tespit etmek ve \u00e7\u00f6z\u00fcm yollar\u0131n\u0131 bir an \u00f6nce uygulamak gerekir.\u201d derken \u00f6nergede \u015fu sorular\u0131 sordu:<br \/>\n1) Tar\u0131m ve Orman Bakanl\u0131\u011f\u0131 taraf\u0131ndan \u00e7ift\u00e7ilerin nakliye sorunlar\u0131n\u0131 \u00e7\u00f6zmek i\u00e7in herhangi bir \u00e7al\u0131\u015fma var m\u0131d\u0131r? E\u011fer var ise bu \u00e7al\u0131\u015fmalar nelerdir?<br \/>\n2) Diyarbak\u0131r\u2019\u0131n \u00c7\u0131nar il\u00e7esinde nakliye \u00fccretlerinin y\u00fcksek olmas\u0131ndan dolay\u0131 \u00fcr\u00fcnlerini ta\u015f\u0131mayan \u00e7ift\u00e7ilerin ya\u015fad\u0131klar\u0131 sorunlar hakk\u0131nda Bakanl\u0131\u011f\u0131n\u0131z\u0131n bilgisi var m\u0131d\u0131r?<br \/>\n3) Diyarbak\u0131r\u2019\u0131n \u00c7\u0131nar il\u00e7esinde nakliye sorunu ya\u015fayan \u015feker pancar\u0131 \u00fcreticilerinin sorunlar\u0131n\u0131 \u00e7\u00f6zmek i\u00e7in Bakanl\u0131\u011f\u0131n\u0131z taraf\u0131ndan herhangi bir giri\u015fim olacak m\u0131d\u0131r?<br \/>\n4) Nakliye \u00fccretlerinin y\u00fcksek olmas\u0131 \u00e7ift\u00e7ileri, nakliye \u00fccretlerinin az olmas\u0131n\u0131n nakliyecileri zarara u\u011fratmas\u0131 dikkate al\u0131nd\u0131\u011f\u0131nda Bakanl\u0131\u011f\u0131n\u0131z taraf\u0131ndan nakliyeci ve \u00e7ift\u00e7ilerin sorunlar\u0131n\u0131 \u00e7\u00f6zme konusunda bir planlama var m\u0131d\u0131r? E\u011fer varsa bu planlamalar nelerdir?<\/p>\n","protected":false},"excerpt":{"rendered":"<p>HDP Mersin Milletvekili Dr. R\u0131dvan Turan, Diyarbak\u0131r\u2019\u0131n \u00c7\u0131nar il\u00e7esindeki \u015feker pancar\u0131 \u00fcreticilerinin nakliye sorunlar\u0131n\u0131 meclis g\u00fcndemine ta\u015f\u0131d\u0131. HDP Mersin Milletvekili Dr. R\u0131dvan Turan, konuyla ilgili Tar\u0131m ve Orman Bakan\u0131 Bekir &hellip; <a href=\"https:\/\/akdenizolaygazetesi.com\/?p=8717\" class=\"more-link\">Devam\u0131n\u0131 Oku&#8230;<\/a><\/p>\n","protected":false},"author":1,"featured_media":0,"comment_status":"open","ping_status":"open","sticky":false,"template":"","format":"standard","meta":[],"categories":[],"tags":[],"_links":{"self":[{"href":"https:\/\/akdenizolaygazetesi.com\/index.php?rest_route=\/wp\/v2\/posts\/8717"}],"collection":[{"href":"https:\/\/akdenizolaygazetesi.com\/index.php?rest_route=\/wp\/v2\/posts"}],"about":[{"href":"https:\/\/akdenizolaygazetesi.com\/index.php?rest_route=\/wp\/v2\/types\/post"}],"author":[{"embeddable":true,"href":"https:\/\/akdenizolaygazetesi.com\/index.php?rest_route=\/wp\/v2\/users\/1"}],"replies":[{"embeddable":true,"href":"https:\/\/akdenizolaygazetesi.com\/index.php?rest_route=%2Fwp%2Fv2%2Fcomments&post=8717"}],"version-history":[{"count":0,"href":"https:\/\/akdenizolaygazetesi.com\/index.php?rest_route=\/wp\/v2\/posts\/8717\/revisions"}],"wp:attachment":[{"href":"https:\/\/akdenizolaygazetesi.com\/index.php?rest_route=%2Fwp%2Fv2%2Fmedia&parent=8717"}],"wp:term":[{"taxonomy":"category","embeddable":true,"href":"https:\/\/akdenizolaygazetesi.com\/index.php?rest_route=%2Fwp%2Fv2%2Fcategories&post=8717"},{"taxonomy":"post_tag","embeddable":true,"href":"https:\/\/akdenizolaygazetesi.com\/index.php?rest_route=%2Fwp%2Fv2%2Ftags&post=8717"}],"curies":[{"name":"wp","href":"https:\/\/api.w.org\/{rel}","templated":true}]}}