{"id":8719,"date":"2020-11-04T18:29:11","date_gmt":"2020-11-04T15:29:11","guid":{"rendered":"http:\/\/mersinekonomipolitikagazetesi.com\/?p=8719"},"modified":"2020-11-04T18:29:11","modified_gmt":"2020-11-04T15:29:11","slug":"her-zaman-yardima-ve-destege-haziriz","status":"publish","type":"post","link":"https:\/\/akdenizolaygazetesi.com\/?p=8719","title":{"rendered":"\u201cHer zaman yard\u0131ma ve deste\u011fe haz\u0131r\u0131z\u201d"},"content":{"rendered":"<p>Mersin\u2019in merkez il\u00e7e Toroslar Belediye Ba\u015fkan\u0131 Ats\u0131z Af\u015f\u0131n Y\u0131lmaz; MHP heyetiyle birlikte Hatay&#8217;da bir dizi ziyaret ger\u00e7ekle\u015ftirerek, \u00e7\u0131kan yang\u0131n nedeniyle ge\u00e7mi\u015f olsun dileklerini iletti.\u00a0<br \/>\nToroslar Belediyesinden yap\u0131lan a\u00e7\u0131klamaya g\u00f6re, Ba\u015fkan Y\u0131lmaz, hafta sonu MHP Mersin \u0130l Ba\u015fkan\u0131 Zeynel U\u011fur G\u00f6lgeli, belediye ba\u015fkanlar\u0131 ve meclis \u00fcyeleriyle birlikte Belen Belediye Ba\u015fkan\u0131 \u0130brahim G\u00fcl&#8217;\u00fc makam\u0131nda ziyaret etti. Ard\u0131ndan Ba\u015fkan G\u00fcl ile birlikte yang\u0131n\u0131n ya\u015fand\u0131\u011f\u0131 b\u00f6lgede de incelemelerde bulunuldu. Burada da vatanda\u015flarla bir araya gelen heyet; &#8220;B\u00f6yle bir felaketin bir daha ya\u015fanmamas\u0131n\u0131 temenni ediyoruz. Her zaman yard\u0131ma ve deste\u011fe haz\u0131r\u0131z&#8221; dedi.\u00a0<br \/>\nMersinli ba\u015fkanlara ziyaret ve desteklerinden dolay\u0131 te\u015fekk\u00fcr eden Belen Belediye Ba\u015fkan\u0131 G\u00fcl ise &#8220;Buraya gelip bizi sorman\u0131z ve g\u00f6rmeniz bile yeter. Allah sizlerden raz\u0131 olsun&#8221; diye konu\u015ftu.\u00a0<\/p>\n<p>&#8220;Ormanlar\u0131m\u0131z, bizim oksijen alanlar\u0131m\u0131z&#8221;<br \/>\n\u00a0<br \/>\nYang\u0131n\u0131n kontrol alt\u0131na al\u0131nmas\u0131nda eme\u011fi ge\u00e7en herkese te\u015fekk\u00fcr eden Toroslar Belediye Ba\u015fkan\u0131 Y\u0131lmaz, &#8220;Ormanlar\u0131m\u0131z, bizim oksijen alanlar\u0131m\u0131z. Vatanda\u015flar\u0131m\u0131z\u0131n bu konularda duyarl\u0131l\u0131k g\u00f6stererek dikkatli olmalar\u0131 \u00e7ok \u00f6nemli. Bu yang\u0131na sebebiyet verenlerin en k\u0131sa s\u00fcrede hak etti\u011fi cezay\u0131 almalar\u0131 temennimiz. Yang\u0131ndan etkilenen t\u00fcm canlara ge\u00e7mi\u015f olsun dileklerimizi iletiyoruz&#8221; ifadelerini kulland\u0131.\u00a0<br \/>\nBa\u015fkan Y\u0131lmaz, MHP heyetiyle birlikte MHP Hatay \u0130l Ba\u015fkan\u0131 Murat Adal&#8217;\u0131 da ziyaret ederek, g\u00f6r\u00fc\u015f al\u0131\u015fveri\u015finde bulundu.\u00a0<\/p>\n","protected":false},"excerpt":{"rendered":"<p>Mersin\u2019in merkez il\u00e7e Toroslar Belediye Ba\u015fkan\u0131 Ats\u0131z Af\u015f\u0131n Y\u0131lmaz; MHP heyetiyle birlikte Hatay&#8217;da bir dizi ziyaret ger\u00e7ekle\u015ftirerek, \u00e7\u0131kan yang\u0131n nedeniyle ge\u00e7mi\u015f olsun dileklerini iletti.\u00a0 Toroslar Belediyesinden yap\u0131lan a\u00e7\u0131klamaya g\u00f6re, Ba\u015fkan &hellip; <a href=\"https:\/\/akdenizolaygazetesi.com\/?p=8719\" class=\"more-link\">Devam\u0131n\u0131 Oku&#8230;<\/a><\/p>\n","protected":false},"author":1,"featured_media":0,"comment_status":"open","ping_status":"open","sticky":false,"template":"","format":"standard","meta":[],"categories":[],"tags":[],"_links":{"self":[{"href":"https:\/\/akdenizolaygazetesi.com\/index.php?rest_route=\/wp\/v2\/posts\/8719"}],"collection":[{"href":"https:\/\/akdenizolaygazetesi.com\/index.php?rest_route=\/wp\/v2\/posts"}],"about":[{"href":"https:\/\/akdenizolaygazetesi.com\/index.php?rest_route=\/wp\/v2\/types\/post"}],"author":[{"embeddable":true,"href":"https:\/\/akdenizolaygazetesi.com\/index.php?rest_route=\/wp\/v2\/users\/1"}],"replies":[{"embeddable":true,"href":"https:\/\/akdenizolaygazetesi.com\/index.php?rest_route=%2Fwp%2Fv2%2Fcomments&post=8719"}],"version-history":[{"count":0,"href":"https:\/\/akdenizolaygazetesi.com\/index.php?rest_route=\/wp\/v2\/posts\/8719\/revisions"}],"wp:attachment":[{"href":"https:\/\/akdenizolaygazetesi.com\/index.php?rest_route=%2Fwp%2Fv2%2Fmedia&parent=8719"}],"wp:term":[{"taxonomy":"category","embeddable":true,"href":"https:\/\/akdenizolaygazetesi.com\/index.php?rest_route=%2Fwp%2Fv2%2Fcategories&post=8719"},{"taxonomy":"post_tag","embeddable":true,"href":"https:\/\/akdenizolaygazetesi.com\/index.php?rest_route=%2Fwp%2Fv2%2Ftags&post=8719"}],"curies":[{"name":"wp","href":"https:\/\/api.w.org\/{rel}","templated":true}]}}