{"id":8723,"date":"2020-11-04T18:29:11","date_gmt":"2020-11-04T15:29:11","guid":{"rendered":"http:\/\/mersinekonomipolitikagazetesi.com\/?p=8723"},"modified":"2020-11-04T18:29:11","modified_gmt":"2020-11-04T15:29:11","slug":"sebze-halinde-cikan-yangin-buyuk-hasara-neden-oldu","status":"publish","type":"post","link":"https:\/\/akdenizolaygazetesi.com\/?p=8723","title":{"rendered":"Sebze Hali&#8217;nde \u00e7\u0131kan yang\u0131n b\u00fcy\u00fck hasara neden oldu"},"content":{"rendered":"<p>Mersin Sebze Hali&#8217;nde \u00e7\u0131kan yang\u0131nda narenciye \u00fcr\u00fcnlerinin bulundu\u011fu 3 so\u011fuk hava deposunda b\u00fcy\u00fck \u00e7apta hasar meydana geldi.\u00a0<br \/>\nEdinilen bilgiye g\u00f6re, merkez Akdeniz il\u00e7esi Hal Mahallesi&#8217;nde bulunan Mersin Sebze Hali V Blok&#8217;taki bir narenciye deposunda ak\u015fam saatlerinde yang\u0131n \u00e7\u0131kt\u0131. Plastik kasalar\u0131n bulundu\u011fu so\u011fuk hava deposundaki yang\u0131n, i\u00e7erisindeki yan\u0131c\u0131 maddeler nedeniyle k\u0131sa s\u00fcrede b\u00fcy\u00fcyerek yandaki iki depoya daha s\u0131\u00e7rad\u0131. Mersin B\u00fcy\u00fck\u015fehir Belediyesi&#8217;ne ba\u011fl\u0131 itfaiye ekiplerinin m\u00fcdahale etti\u011fi yang\u0131n, saatler s\u00fcren \u00e7al\u0131\u015fmalar sonucu kontrol alt\u0131na al\u0131nd\u0131. Yang\u0131nda her 3 depoda b\u00fcy\u00fck \u00e7apta maddi hasar meydana geldi. So\u011futma \u00e7al\u0131\u015fmalar\u0131 devam eden yang\u0131n\u0131n yan taraftaki in\u015faatta kaynak \u00e7al\u0131\u015fmas\u0131 s\u0131ras\u0131nda \u00e7\u0131kt\u0131\u011f\u0131 ileri s\u00fcr\u00fcl\u00fcrken, 1 ki\u015fi g\u00f6zalt\u0131na al\u0131nd\u0131.\u00a0<br \/>\nYang\u0131n s\u00f6nd\u00fcrme \u00e7al\u0131\u015fmalar\u0131n\u0131 endi\u015feli g\u00f6zlerle izleyen narenciye deposu sahibi \u0130brahim G\u00fclerler, i\u00e7erisinde narenciye \u00fcr\u00fcnlerinin depoland\u0131\u011f\u0131 3 so\u011fuk hava deposunun yang\u0131ndan zarar g\u00f6rd\u00fc\u011f\u00fcn\u00fc belirterek, &#8220;Biti\u015fikte kom\u015fular kaynak yaparken arka tarafta ka\u011f\u0131t deposu var. Oraya d\u00fc\u015f\u00fcyor ve sonra b\u00fcy\u00fcyor. Zarar\u0131m\u0131z 3-5 milyon lira var&#8221; dedi.\u00a0<\/p>\n","protected":false},"excerpt":{"rendered":"<p>Mersin Sebze Hali&#8217;nde \u00e7\u0131kan yang\u0131nda narenciye \u00fcr\u00fcnlerinin bulundu\u011fu 3 so\u011fuk hava deposunda b\u00fcy\u00fck \u00e7apta hasar meydana geldi.\u00a0 Edinilen bilgiye g\u00f6re, merkez Akdeniz il\u00e7esi Hal Mahallesi&#8217;nde bulunan Mersin Sebze Hali V &hellip; <a href=\"https:\/\/akdenizolaygazetesi.com\/?p=8723\" class=\"more-link\">Devam\u0131n\u0131 Oku&#8230;<\/a><\/p>\n","protected":false},"author":1,"featured_media":0,"comment_status":"open","ping_status":"open","sticky":false,"template":"","format":"standard","meta":[],"categories":[],"tags":[],"_links":{"self":[{"href":"https:\/\/akdenizolaygazetesi.com\/index.php?rest_route=\/wp\/v2\/posts\/8723"}],"collection":[{"href":"https:\/\/akdenizolaygazetesi.com\/index.php?rest_route=\/wp\/v2\/posts"}],"about":[{"href":"https:\/\/akdenizolaygazetesi.com\/index.php?rest_route=\/wp\/v2\/types\/post"}],"author":[{"embeddable":true,"href":"https:\/\/akdenizolaygazetesi.com\/index.php?rest_route=\/wp\/v2\/users\/1"}],"replies":[{"embeddable":true,"href":"https:\/\/akdenizolaygazetesi.com\/index.php?rest_route=%2Fwp%2Fv2%2Fcomments&post=8723"}],"version-history":[{"count":0,"href":"https:\/\/akdenizolaygazetesi.com\/index.php?rest_route=\/wp\/v2\/posts\/8723\/revisions"}],"wp:attachment":[{"href":"https:\/\/akdenizolaygazetesi.com\/index.php?rest_route=%2Fwp%2Fv2%2Fmedia&parent=8723"}],"wp:term":[{"taxonomy":"category","embeddable":true,"href":"https:\/\/akdenizolaygazetesi.com\/index.php?rest_route=%2Fwp%2Fv2%2Fcategories&post=8723"},{"taxonomy":"post_tag","embeddable":true,"href":"https:\/\/akdenizolaygazetesi.com\/index.php?rest_route=%2Fwp%2Fv2%2Ftags&post=8723"}],"curies":[{"name":"wp","href":"https:\/\/api.w.org\/{rel}","templated":true}]}}