{"id":8731,"date":"2020-11-04T18:29:12","date_gmt":"2020-11-04T15:29:12","guid":{"rendered":"http:\/\/mersinekonomipolitikagazetesi.com\/?p=8731"},"modified":"2020-11-04T18:29:12","modified_gmt":"2020-11-04T15:29:12","slug":"anit-agacin-zeytini-cumhurbaskani-erdogana-gonderilecek","status":"publish","type":"post","link":"https:\/\/akdenizolaygazetesi.com\/?p=8731","title":{"rendered":"An\u0131t a\u011fac\u0131n zeytini Cumhurba\u015fkan\u0131  Erdo\u011fan&#8217;a g\u00f6nderilecek"},"content":{"rendered":"<p>Mersin&#8217;in Mut il\u00e7esinde &#8216;An\u0131t A\u011fa\u00e7&#8217; olarak tescil edilen bin 300 y\u0131ll\u0131k zeytin a\u011fac\u0131n\u0131n hasat edilen meyvesi ve zeytinya\u011f\u0131, Cumhurba\u015fkan\u0131 Recep Tayyip Erdo\u011fan&#8217;a g\u00f6nderilecek.\u00a0<br \/>\nG\u00f6vde \u00e7ap\u0131 6 metre 28 santimetre olan, il\u00e7e merkezine 30 kilometre mesafede bulunan Haydark\u00f6y Mahallesi&#8217;ndeki zeytin a\u011fac\u0131, \u00c7evre ve \u015eehircilik Bakanl\u0131\u011f\u0131na ba\u011fl\u0131 Tabiat Varl\u0131klar\u0131n\u0131 Koruma Genel M\u00fcd\u00fcrl\u00fc\u011f\u00fc ekiplerinin incelemesi sonucu, Adana K\u00fclt\u00fcr ve Tabiat Varl\u0131klar\u0131n\u0131 Koruma B\u00f6lge Kurulunun karar\u0131 ile &#8216;An\u0131t A\u011fa\u00e7&#8217; olarak tescil edildi. 10 \u015eubat 2010 tarihinde ise bin 300 y\u0131ll\u0131k oldu\u011fu belirlendikten sonra b\u00f6lgeye gidenlerin u\u011frak yeri haline gelen a\u011fac\u0131n meyvesi bug\u00fcn hasat edildi.\u00a0<br \/>\nHasat etkinli\u011fine Mut Kaymakam\u0131 Muammer K\u00f6ken, Belediye Ba\u015fkan\u0131 Volkan \u015eeker, Mut \u0130l\u00e7e Tar\u0131m ve Orman M\u00fcd\u00fcr\u00fc Ekrem Bay\u0131r, Mut \u00dcreticileri Tar\u0131msal Kalk\u0131nma Kooperatifi Ba\u015fkan\u0131 Ali Osman \u00c7elik, Mut Ziraat Oda Ba\u015fkan\u0131 H\u0131d\u0131r Kar ile \u00e7ok say\u0131da vatanda\u015f kat\u0131ld\u0131.\u00a0<br \/>\nBin 300 y\u0131ll\u0131k an\u0131t zeytin a\u011fac\u0131n\u0131n hasad\u0131na il\u00e7e M\u00fcft\u00fcs\u00fc Mustafa \u00d6zt\u00fcrk\u2019\u00fcn duas\u0131yla ba\u015fland\u0131. Duadan sonra zeytinler topland\u0131.\u00a0<br \/>\nEtkinlikte konu\u015fan \u0130l\u00e7e Tar\u0131m ve Orman M\u00fcd\u00fcr\u00fc Ekrem Bay\u0131r, hasad\u0131n hay\u0131rlara vesile olmas\u0131n\u0131 diledi.\u00a0<br \/>\nKaymakam Muammer K\u00f6ken ise konu\u015fmas\u0131nda, &#8220;Sa\u011fl\u0131k zeytinden zeytin Mut\u2019tan. Herkes Mut zeytinini bu pandemi dolays\u0131yla kullans\u0131n \u00e7\u00fcnk\u00fc sa\u011fl\u0131\u011f\u0131n bile\u015fenleri zeytinde bulunuyor. Anne s\u00fct\u00fcne e\u015fde\u011fer. Son bir m\u00fcjdeyle s\u00f6z\u00fcm\u00fc bitirmek istiyorum. \u0130l\u00e7emizde zeytin gen merkezi olu\u015fturulacak. Orman B\u00f6lge M\u00fcd\u00fcrl\u00fc\u011f\u00fcm\u00fcz ve Alata Bah\u00e7e K\u00fclt\u00fcrleri Ara\u015ft\u0131rma Enstit\u00fcs\u00fc M\u00fcd\u00fcrl\u00fc\u011f\u00fc bu konuda protokol\u00fc imzalad\u0131lar \u00f6n\u00fcm\u00fczdeki hafta i\u00e7inde Hac\u0131nuhlu Mahallesindeki bir arazide yer d\u00fczeltmesi yap\u0131lacak\u201d dedi.\u00a0<br \/>\nBelediye Ba\u015fkan\u0131 Volkan \u015eeker de, \u201cBiz bu bin 300 y\u0131ll\u0131k zeytin a\u011fac\u0131m\u0131z\u0131n y\u0131llarca var olmas\u0131n\u0131n duas\u0131n\u0131 ediyoruz. Devletimiz de bu zeytin a\u011fac\u0131 gibi uzun y\u0131llar var olsun diyorum\u201d ifadelerini kulland\u0131.\u00a0<br \/>\nAK Parti Mut \u0130l\u00e7e Ba\u015fkan\u0131 Soner Solak ise bin 300 y\u0131ll\u0131k an\u0131t a\u011fac\u0131n\u0131n meyvesinin ve zeytinya\u011f\u0131n\u0131n Cumhurba\u015fkan\u0131 Recep Tayyip Erdo\u011fan&#8217;a hediye edilece\u011fini belirterek, &#8220;Ge\u00e7en sene de Cumhurba\u015fkan\u0131m\u0131za elimizle teslim etmi\u015ftik. Demi\u015ftik ki &#8216;Cumhurba\u015fkan\u0131m Allah bu a\u011faca verdi\u011fi \u00f6m\u00fcr gibi in\u015fallah devletimize de size de \u00f6m\u00fcr verir ve hep hizmet edersiniz.&#8217; Yine ayn\u0131 duygularla bug\u00fcn bu a\u011fa\u00e7tan meyveleri toplayaca\u011f\u0131z. \u0130n\u015fallah Cumhurba\u015fkan\u0131m\u0131za da buradan bir takdimde bulunaca\u011f\u0131z. Allah sa\u011fl\u0131kla s\u0131hhatle nice memlekete hizmetler verebilsin diye\u201d dedi.\u00a0<br \/>\nKonu\u015fmalar\u0131n ard\u0131ndan hep birlikte zeytin hasad\u0131 yap\u0131ld\u0131. \u00a0<\/p>\n","protected":false},"excerpt":{"rendered":"<p>Mersin&#8217;in Mut il\u00e7esinde &#8216;An\u0131t A\u011fa\u00e7&#8217; olarak tescil edilen bin 300 y\u0131ll\u0131k zeytin a\u011fac\u0131n\u0131n hasat edilen meyvesi ve zeytinya\u011f\u0131, Cumhurba\u015fkan\u0131 Recep Tayyip Erdo\u011fan&#8217;a g\u00f6nderilecek.\u00a0 G\u00f6vde \u00e7ap\u0131 6 metre 28 santimetre olan, &hellip; <a href=\"https:\/\/akdenizolaygazetesi.com\/?p=8731\" class=\"more-link\">Devam\u0131n\u0131 Oku&#8230;<\/a><\/p>\n","protected":false},"author":1,"featured_media":0,"comment_status":"open","ping_status":"open","sticky":false,"template":"","format":"standard","meta":[],"categories":[],"tags":[],"_links":{"self":[{"href":"https:\/\/akdenizolaygazetesi.com\/index.php?rest_route=\/wp\/v2\/posts\/8731"}],"collection":[{"href":"https:\/\/akdenizolaygazetesi.com\/index.php?rest_route=\/wp\/v2\/posts"}],"about":[{"href":"https:\/\/akdenizolaygazetesi.com\/index.php?rest_route=\/wp\/v2\/types\/post"}],"author":[{"embeddable":true,"href":"https:\/\/akdenizolaygazetesi.com\/index.php?rest_route=\/wp\/v2\/users\/1"}],"replies":[{"embeddable":true,"href":"https:\/\/akdenizolaygazetesi.com\/index.php?rest_route=%2Fwp%2Fv2%2Fcomments&post=8731"}],"version-history":[{"count":0,"href":"https:\/\/akdenizolaygazetesi.com\/index.php?rest_route=\/wp\/v2\/posts\/8731\/revisions"}],"wp:attachment":[{"href":"https:\/\/akdenizolaygazetesi.com\/index.php?rest_route=%2Fwp%2Fv2%2Fmedia&parent=8731"}],"wp:term":[{"taxonomy":"category","embeddable":true,"href":"https:\/\/akdenizolaygazetesi.com\/index.php?rest_route=%2Fwp%2Fv2%2Fcategories&post=8731"},{"taxonomy":"post_tag","embeddable":true,"href":"https:\/\/akdenizolaygazetesi.com\/index.php?rest_route=%2Fwp%2Fv2%2Ftags&post=8731"}],"curies":[{"name":"wp","href":"https:\/\/api.w.org\/{rel}","templated":true}]}}