{"id":8732,"date":"2020-11-04T18:29:12","date_gmt":"2020-11-04T15:29:12","guid":{"rendered":"http:\/\/mersinekonomipolitikagazetesi.com\/?p=8732"},"modified":"2020-11-04T18:29:12","modified_gmt":"2020-11-04T15:29:12","slug":"arabistan-boykotu-bolgemizi-olumsuz-etkiliyor","status":"publish","type":"post","link":"https:\/\/akdenizolaygazetesi.com\/?p=8732","title":{"rendered":"\u201cARAB\u0130STAN BOYKOTU B\u00d6LGEM\u0130Z\u0130 OLUMSUZ ETK\u0130L\u0130YOR!\u201d"},"content":{"rendered":"<p>\u201cDevletimizin de konuyla ilgili \u00e7al\u0131\u015fma yapmas\u0131n\u0131<br \/>\nve gerekli \u00f6nlemleri almas\u0131n\u0131 bekliyoruz.\u201d<\/p>\n<p>Mersin Yat\u0131r\u0131mc\u0131 \u0130\u015f \u0130nsanlar\u0131 Derne\u011fi (MERYAD) Ba\u015fkan\u0131 Co\u015fkun Do\u011fmu\u015f, Suudi Arabistan taraf\u0131ndan T\u00fcrk \u00fcr\u00fcnlerine uygulanan boykota de\u011finerek, \u201cSuudi Arabistan boykotunu yak\u0131ndan takip ediyoruz, Mersin\u2019deki olumsuz etkisine kar\u015f\u0131 \u00f6nlemler alaca\u011f\u0131z. Devletimizin de konuyla ilgili olarak \u00e7al\u0131\u015fma yapmas\u0131n\u0131 ve bizlerle de g\u00f6r\u00fc\u015ferek gerekli \u00f6nlemleri almas\u0131n\u0131 bekliyoruz.\u201d dedi.<br \/>\n\u00a0Suudi Arabistan, ald\u0131\u011f\u0131 kararla T\u00fcrk \u00fcr\u00fcnlerine boykot uygulamaya ba\u015flad\u0131. \u00dclkedeki marketlerde T\u00fcrk \u00fcr\u00fcnlerinin etraf\u0131 \u00e7evrilerek, \u201cT\u00fcrk \u00fcr\u00fcn\u00fc kullanmay\u0131n\u201d tarz\u0131nda uyar\u0131lar yaz\u0131larak, halk \u00fcr\u00fcnlerden uzak tutuluyor. \u00a0Konuyla ilgili son olarak \u00fclkenin en b\u00fcy\u00fck yemek zinciri Herfy de boykota kat\u0131ld\u0131\u011f\u0131n\u0131, art\u0131k T\u00fcrk burgeri yerine Yunan burgeri sataca\u011f\u0131n\u0131 a\u00e7\u0131klad\u0131.<\/p>\n<p>Geli\u015fmelerle ilgili olarak MERYAD Ba\u015fkan\u0131 Co\u015fkun Do\u011fmu\u015f bir a\u00e7\u0131klama yaparak, bu \u00f6nemli konunun takip\u00e7isi olduklar\u0131n\u0131 da dile getirdi.<\/p>\n<p>\u201cSUUD\u0130 ARAB\u0130STAN BOYKOTUNUN OLUMSUZ ETK\u0130S\u0130N\u0130 G\u00d6R\u00dcYORUZ!\u201d\u00a0<\/p>\n<p>Suudi Arabistan\u2019\u0131n ba\u015flatt\u0131\u011f\u0131 boykottan fazla etkilenmemek i\u00e7in \u00e7al\u0131\u015ft\u0131klar\u0131n\u0131 dile getiren MERYAD Ba\u015fkan\u0131 Do\u011fmu\u015f, \u201cSuudi Arabistan\u2019\u0131n uygulad\u0131\u011f\u0131 boykot, \u00fclkemizi yaln\u0131zla\u015ft\u0131rma ve Akdeniz\u2019den uzakla\u015ft\u0131rma \u00e7abalar\u0131n\u0131n sadece bir aya\u011f\u0131. Bu noktada Mersin, konumu ve ticari hacmi a\u00e7\u0131s\u0131ndan b\u00fcy\u00fck \u00f6neme sahip bir il. Mersin liman\u0131 Akdeniz\u2019de \u00f6nemli bir yere sahip. Ayn\u0131 \u015fekilde \u0130skenderun Liman\u0131 da. Bu iki liman T\u00fcrkiye\u2019nin Akdeniz\u2019e a\u00e7\u0131lan iki kap\u0131s\u0131 olarak, Orta Do\u011fu\u2019yla \u00e7ok yak\u0131n ili\u015fkiler i\u00e7erisinde olan yerler. Bu nedenle Suudi Arabistan taraf\u0131ndan uygulanan boykotun olumsuz etkisini g\u00f6rmeye ba\u015flad\u0131k. MERYAD olarak b\u00f6lgenin bu durumdan en az etkilenmesini sa\u011flamak ad\u0131na birlikteliklerimizde al\u0131nabilecek \u00f6nlemler ad\u0131na fikir al\u0131\u015fveri\u015fleri yap\u0131yoruz. Ayn\u0131 \u015fekilde \u00e7evre illerde bulunan i\u015f insanlar\u0131 ve derneklerle de dirsek temas\u0131 i\u00e7erisindeyiz.\u201d diye konu\u015ftu.<\/p>\n<p>\u201cDEVLET\u0130M\u0130Z DE ADIMLAR ATMALI\u201d<\/p>\n<p>Devletin konuyla ilgili \u00e7al\u0131\u015fmas\u0131 \u00f6nlemler almas\u0131 gerekti\u011fine de vurgu yapan Ba\u015fkan Do\u011fmu\u015f, \u201cSuudi boykotunu yak\u0131ndan takip ediyoruz. Mersin\u2019deki etkisine kar\u015f\u0131 \u00f6nlemler almam\u0131z gerekiyor. Halk\u0131n, \u00e7al\u0131\u015fanlar\u0131m\u0131z\u0131n, esnaf\u0131n sorun ya\u015famas\u0131n\u0131 istemiyoruz. Biz de bu noktada elimizden geleni ard\u0131m\u0131za koymayaca\u011f\u0131z. Ama tabi ki as\u0131l i\u015f devletimizde. Boykottan lojistik ticaretin \u00f6nemli bir yeri olan Mersin ve b\u00f6lge illerinin bu durumdan etkilenmesi neredeyse imkans\u0131z. Bu noktada devletimizin ataca\u011f\u0131 ad\u0131mlar \u00e7ok \u00f6nemli. Konuyla ilgili yap\u0131c\u0131 \u00f6nlemlerin bir an \u00f6nce al\u0131nmas\u0131 gerekiyor.\u201d ifadelerini kulland\u0131.<\/p>\n","protected":false},"excerpt":{"rendered":"<p>\u201cDevletimizin de konuyla ilgili \u00e7al\u0131\u015fma yapmas\u0131n\u0131 ve gerekli \u00f6nlemleri almas\u0131n\u0131 bekliyoruz.\u201d Mersin Yat\u0131r\u0131mc\u0131 \u0130\u015f \u0130nsanlar\u0131 Derne\u011fi (MERYAD) Ba\u015fkan\u0131 Co\u015fkun Do\u011fmu\u015f, Suudi Arabistan taraf\u0131ndan T\u00fcrk \u00fcr\u00fcnlerine uygulanan boykota de\u011finerek, \u201cSuudi Arabistan &hellip; <a href=\"https:\/\/akdenizolaygazetesi.com\/?p=8732\" class=\"more-link\">Devam\u0131n\u0131 Oku&#8230;<\/a><\/p>\n","protected":false},"author":1,"featured_media":0,"comment_status":"open","ping_status":"open","sticky":false,"template":"","format":"standard","meta":[],"categories":[],"tags":[],"_links":{"self":[{"href":"https:\/\/akdenizolaygazetesi.com\/index.php?rest_route=\/wp\/v2\/posts\/8732"}],"collection":[{"href":"https:\/\/akdenizolaygazetesi.com\/index.php?rest_route=\/wp\/v2\/posts"}],"about":[{"href":"https:\/\/akdenizolaygazetesi.com\/index.php?rest_route=\/wp\/v2\/types\/post"}],"author":[{"embeddable":true,"href":"https:\/\/akdenizolaygazetesi.com\/index.php?rest_route=\/wp\/v2\/users\/1"}],"replies":[{"embeddable":true,"href":"https:\/\/akdenizolaygazetesi.com\/index.php?rest_route=%2Fwp%2Fv2%2Fcomments&post=8732"}],"version-history":[{"count":0,"href":"https:\/\/akdenizolaygazetesi.com\/index.php?rest_route=\/wp\/v2\/posts\/8732\/revisions"}],"wp:attachment":[{"href":"https:\/\/akdenizolaygazetesi.com\/index.php?rest_route=%2Fwp%2Fv2%2Fmedia&parent=8732"}],"wp:term":[{"taxonomy":"category","embeddable":true,"href":"https:\/\/akdenizolaygazetesi.com\/index.php?rest_route=%2Fwp%2Fv2%2Fcategories&post=8732"},{"taxonomy":"post_tag","embeddable":true,"href":"https:\/\/akdenizolaygazetesi.com\/index.php?rest_route=%2Fwp%2Fv2%2Ftags&post=8732"}],"curies":[{"name":"wp","href":"https:\/\/api.w.org\/{rel}","templated":true}]}}