{"id":8736,"date":"2020-11-04T18:29:12","date_gmt":"2020-11-04T15:29:12","guid":{"rendered":"http:\/\/mersinekonomipolitikagazetesi.com\/?p=8736"},"modified":"2020-11-04T18:29:12","modified_gmt":"2020-11-04T15:29:12","slug":"tuyu-bitmemis-yetimin-hakkini-lutfen-denetleyin-gozetin","status":"publish","type":"post","link":"https:\/\/akdenizolaygazetesi.com\/?p=8736","title":{"rendered":"\u201cT\u00dcY\u00dc B\u0130TMEM\u0130\u015e YET\u0130M\u0130N HAKKINI L\u00dcTFEN DENETLEY\u0130N, G\u00d6ZET\u0130N\u201d"},"content":{"rendered":"<p>Mersin B\u00fcy\u00fck\u015fehir Belediye Ba\u015fkan\u0131 Vahap Se\u00e7er, 19 Ekim Muhtarlar G\u00fcn\u00fc kapsam\u0131nda 13 il\u00e7edeki muhtarlarla bulu\u015ftu. Soka\u011f\u0131 ve vatanda\u015flar\u0131n sorunlar\u0131n\u0131 en iyi muhtarlar\u0131n bildi\u011fini belirten Ba\u015fkan Se\u00e7er, \u201cMuhtarlar\u0131m\u0131z bizim hizmet yolunda beraberlik yapt\u0131\u011f\u0131m\u0131z dava arkada\u015flar\u0131m\u0131z. Hizmet yolunda sizlerle i\u015fbirli\u011fimiz, beraberli\u011fimiz ka\u00e7\u0131n\u0131lmaz\u201d dedi.<br \/>\nBa\u015fkan Se\u00e7er, Tarsus\u2019tan Anamur\u2019a kadar kentin her noktas\u0131na e\u015fit ve adil hizmet g\u00f6t\u00fcrmeye devam edeceklerini vurgulayarak, bunu vatanda\u015flar\u0131n \u00f6dedi\u011fi vergilerle yapt\u0131klar\u0131n\u0131 s\u00f6yledi. Se\u00e7er, \u201cBiz bunlar\u0131 en azami hassasiyetle vatanda\u015flar\u0131m\u0131za hizmet olarak yans\u0131tmak durumunday\u0131z. Bunu da denetleyin, muhtarlar olarak sizler de denetleyin. Garibin, gureban\u0131n, t\u00fcy\u00fc bitmemi\u015f yetimin hakk\u0131n\u0131 l\u00fctfen denetleyin, g\u00f6zetin\u201d diye konu\u015ftu.<br \/>\nMersin B\u00fcy\u00fck\u015fehir Belediye Ba\u015fkan\u0131 Vahap Se\u00e7er, 19 Ekim Muhtarlar G\u00fcn\u00fc kapsam\u0131nda Tarsus\u2019tan Anamur\u2019a kadar kentin t\u00fcm il\u00e7elerindeki muhtarlarla Yeni\u015fehir Atat\u00fcrk K\u00fclt\u00fcr Merkezi\u2019nde ger\u00e7ekle\u015ftirilen toplant\u0131da bulu\u015ftu. Mersin\u2019e hizmet noktas\u0131nda muhtarlarla birlikte \u00e7al\u0131\u015fma y\u00fcr\u00fctt\u00fcklerini belirten Ba\u015fkan Se\u00e7er, muhtarlarla iyi ili\u015fkiler i\u00e7erisinde olduklar\u0131n\u0131 vurgulad\u0131.<\/p>\n<p>\u201cVatanda\u015flar\u0131n dertleri nedir en iyi muhtarlar\u0131m\u0131z biliyor\u201d<\/p>\n<p>Bulu\u015fmaya Ba\u015fkan Vahap Se\u00e7er\u2019in yan\u0131 s\u0131ra CHP Mersin \u0130l Ba\u015fkan\u0131 Adil Aktay, Yeni\u015fehir Belediye Ba\u015fkan\u0131 Abdullah \u00d6zyi\u011fit, Mezitli Belediye Ba\u015fkan\u0131 Ne\u015fet Tarhan, siyasi parti temsilcileri, B\u00fcy\u00fck\u015fehir Belediye Ba\u015fkan Vekili G\u00fclcan K\u0131\u015f, belediye meclis \u00fcyeleri, belediye b\u00fcrokratlar\u0131, muhtar derneklerinin ba\u015fkan ve temsilcileri ile muhtarlar kat\u0131ld\u0131. 191 y\u0131ll\u0131k bir ge\u00e7mi\u015fi olan muhtarl\u0131k kurumunu temsil eden muhtarlar\u0131n g\u00fcn\u00fcn\u00fc kutlayan Ba\u015fkan Se\u00e7er, vatanda\u015flar\u0131n sorunlar\u0131n\u0131 en iyi muhtarlar\u0131n bildi\u011fini s\u00f6yledi. Muhtarlarla i\u015f birli\u011fi i\u00e7erisinde \u00e7al\u0131\u015ft\u0131klar\u0131na dikkat \u00e7eken Se\u00e7er, \u201cVatanda\u015fla en i\u00e7 i\u00e7e olan, soka\u011f\u0131 en iyi bilen, sokaktaki hanede kimler ya\u015far, nas\u0131l ya\u015far, sorunlar\u0131 nedir, kad\u0131n\u0131n durumu nedir, evin erke\u011finin i\u015fi var m\u0131d\u0131r, yok mudur, yoksulluklar\u0131 var m\u0131d\u0131r, dertleri nedir en iyi muhtarlar\u0131m\u0131z biliyor. Muhtarlar\u0131m\u0131z bizim hizmet yolunda beraberlik yapt\u0131\u011f\u0131m\u0131z dava arkada\u015flar\u0131m\u0131z bir anlamda. Ben her platformda bunu s\u00f6yl\u00fcyorum. Muhtarlar\u0131m\u0131zla \u00e7ok iyi olmak zorunday\u0131z, beraberliklerimizi s\u00fcrd\u00fcrmek zorunday\u0131z\u201d dedi.<\/p>\n<p>Ba\u015fkan Se\u00e7er, muhtarlarla birlikte vatanda\u015flara daha etkin ve efektif hizmet g\u00f6t\u00fcrebilmek i\u00e7in i\u015f birli\u011fini sa\u011flamla\u015ft\u0131racak bir dizi \u00e7al\u0131\u015fma ger\u00e7ekle\u015ftirdiklerini belirtti. Se\u00e7er, bu kapsamda B\u00fcy\u00fck\u015fehir Belediyesi ve MESK\u0130\u2019nin \u00e7a\u011fr\u0131 merkezi olan TEKS\u0130N Mersin \u0130leti\u015fim Koordinasyon ve Analiz Merkezi\u2019nde muhtarlara \u00f6zel bir hat a\u00e7t\u0131klar\u0131n\u0131 vurgulad\u0131. A\u011fustos ay\u0131nda kurulan sistem \u00fczerinden 2 bin 753 muhtar\u0131n \u2018Alo 185\u2019i aray\u0131p talebini iletti\u011fini payla\u015fan Ba\u015fkan Se\u00e7er, \u201cMuhtarlar\u0131m\u0131z taleplerin, isteklerin g\u00fcn\u00fc kurtarmak i\u00e7in al\u0131n\u0131p bir k\u00f6\u015feye at\u0131ld\u0131\u011f\u0131n\u0131 zannetmesinler, asla buna m\u00fcsaade etmiyoruz. Muhtarlarla ileti\u015fimimizde, hizmetimizde \u00f6nemli bir ara\u00e7 olarak Alo 185\u2019i daha etkin kullanmaya bundan sonra da devam edece\u011fiz\u201d diye konu\u015ftu.<br \/>\nBa\u015fkan Se\u00e7er, muhtarlar\u0131n en \u00f6nemli sorunlar\u0131ndan birisinin hizmet binalar\u0131 oldu\u011funu vurgulayarak, Tip 1 ve Tip 2 \u015feklinde bir proje \u00e7al\u0131\u015fmas\u0131 yap\u0131ld\u0131\u011f\u0131n\u0131, \u015fehir merkezlerinde ve k\u0131rsal mahallelere uygun \u00e7al\u0131\u015fmalar\u0131n sonu\u00e7land\u0131\u011f\u0131n\u0131 s\u00f6yledi. Se\u00e7er, ihtiya\u00e7 \u00f6nceli\u011fine g\u00f6re tadilat \u00e7al\u0131\u015fmalar\u0131yla da birlikte hizmet binalar\u0131yla ilgili talepleri de h\u0131zla \u00e7\u00f6zeceklerini duyurdu. Ge\u00e7en y\u0131l ba\u015flat\u0131lan bilgisayar da\u011f\u0131t\u0131m\u0131 kapsam\u0131nda 600 adet bilgisayar\u0131 muhtarlara teslim ettiklerini de s\u00f6zlerine ekleyen Ba\u015fkan Se\u00e7er, yine muhtarlar\u0131n 8 GB\u2019l\u0131k V\u0131nn \u00fccretini de B\u00fcy\u00fck\u015fehir Belediyesi olarak kar\u015f\u0131lad\u0131klar\u0131n\u0131 anlatt\u0131.<\/p>\n<p>B\u00fcy\u00fck\u015fehir Belediyesi olarak muhtarlarla iyi ili\u015fkiler i\u00e7erisinde olduklar\u0131n\u0131 vurgulayan Ba\u015fkan Se\u00e7er, \u201cHizmet yolunda sizlerle i\u015f birli\u011fimiz, beraberli\u011fimiz ka\u00e7\u0131n\u0131lmaz. Bir\u00e7o\u011funuzla da ili\u015fkilerimizi ba\u015fkanl\u0131k d\u00fczeyinde gayet iyi s\u00fcrd\u00fcr\u00fcyoruz. Muhtar\u0131m\u0131z Anamur&#8217;dan, Mut&#8217;tan, Tarsus&#8217;tan, Akdeniz&#8217;den ya da Yeni\u015fehir&#8217;den, Mezitli\u2019den hangi b\u00f6lgeden olursa olsun bizim i\u00e7in adil ve e\u015fit hizmeti, ilgiyi hak eden bir arkada\u015f\u0131m\u0131zd\u0131r. Bunun b\u00f6yle bilinmesini istiyoruz\u201d ifadelerine yer verdi.<\/p>\n<p>Ba\u015fkan Se\u00e7er, Mersin\u2019in T\u00fcrkiye\u2019nin 5. vergi tahsilat\u0131n\u0131n yap\u0131ld\u0131\u011f\u0131 bir kent oldu\u011funu s\u00f6yledi. Pandemi d\u00f6neminde de vergi gelirlerinin T\u00fcrkiye\u2019de en az d\u00fc\u015ft\u00fc\u011f\u00fc 2. kentin Mersin oldu\u011funu kaydeden Se\u00e7er, Mersin\u2019in gelecek ad\u0131na istikbal vaat eden bir kent oldu\u011funu vurgulad\u0131. Mersin B\u00fcy\u00fck\u015fehir Belediyesi\u2019nin 3 gelir kalemine sahip oldu\u011funu, bunlar\u0131n da genel b\u00fct\u00e7e gelirinden g\u00f6nderilen pay, \u0130ller Bankas\u0131 pay\u0131 ve \u00f6z gelirlerde elde edilen pay oldu\u011funu belirten Se\u00e7er, T\u00fcrkiye\u2019nin ekonomik s\u0131k\u0131nt\u0131lar\u0131n\u0131n k\u00f6t\u00fcye gitti\u011fi d\u00f6nemlerde Mersin\u2019in de etkilendi\u011fini s\u00f6yledi. Ankara\u2019da ya\u015fanan siyasi gerginliklerin Mersin\u2019e de etki etti\u011fine vurgu yapan Ba\u015fkan Se\u00e7er, \u015funlar\u0131 s\u00f6yledi:<br \/>\n\u201cBizler iktidara mensup belediye ba\u015fkanlar\u0131 olmayabiliriz, zaman zaman Ankara&#8217;da ya\u015fanan siyasi gerginlikler Mersin B\u00fcy\u00fck\u015fehir Belediye Meclisi\u2019ni etkileyebilir. Sizler de biliyorsunuz meclis \u00e7o\u011funlu\u011fu belediye ba\u015fkan\u0131n\u0131n mensubu bulundu\u011fu parti ya da ittifak \u00e7o\u011funlu\u011funda de\u011fil ama bu bizim i\u00e7in bir sorun de\u011fil, bir dert de\u011fil. Zaman zaman oradaki gerginlikler sizi germesin. Bunlar demokrasinin olmazsa olmazlar\u0131. Yeter ki birbirimizi incitmeyelim, birbirimize yaralay\u0131c\u0131 bir dil kullanmayal\u0131m. Siyaset u\u011fruna, siyasi saikler u\u011fruna Mersin&#8217;in gelece\u011fini tehlikeye atmayal\u0131m. Ankara&#8217;dan esen r\u00fczgarlar arzu ediyorum ki Mersin&#8217;in gelece\u011fi ile ilgili verilecek kararlara tesir etmesin.\u201d<\/p>\n<p>\u201cT\u00fcy\u00fc bitmemi\u015f yetimin hakk\u0131n\u0131 l\u00fctfen denetleyin, g\u00f6zetin\u201d<\/p>\n<p>Mahallesi ad\u0131na talepte bulunan, vatanda\u015flar\u0131n\u0131n hakk\u0131n\u0131 arayan muhtarlar\u0131 takdir etti\u011fini belirten Ba\u015fkan Se\u00e7er, kar\u015f\u0131l\u0131kl\u0131 olarak do\u011fru \u00fcslubun ve azami nezaketin g\u00f6sterilmesi gerekti\u011fini vurgulad\u0131. Yap\u0131lan hizmetleri vatanda\u015f\u0131n \u00f6dedi\u011fi vergilerle sa\u011flad\u0131klar\u0131n\u0131 s\u00f6zlerine ekleyen Ba\u015fkan Se\u00e7er, \u201cBizim harcad\u0131\u011f\u0131m\u0131z para kesemizden harcad\u0131\u011f\u0131m\u0131z paralar de\u011fildir, fakirin, fukaran\u0131n, garibin, gureban\u0131n T\u00fcrkiye kaynaklar\u0131ndan \u00fczerine d\u00fc\u015fen hakt\u0131r, \u00fcretimdir, al\u0131n teridir, vergidir, KDV&#8217;dir, \u00d6TV\u2019dir. Biz bunlar\u0131 en azami hassasiyetle vatanda\u015flar\u0131m\u0131za hizmet olarak yans\u0131tmak durumunday\u0131z. Bunu da denetleyin, muhtarlar olarak sizler de denetleyin. Garibin, gureban\u0131n, t\u00fcy\u00fc bitmemi\u015f yetimin hakk\u0131n\u0131 l\u00fctfen denetleyin, g\u00f6zetin\u201d dedi.<\/p>\n<p>Ba\u015fkan Se\u00e7er, B\u00fcy\u00fck\u015fehir Belediyesi ile il\u00e7e belediyeleri veya di\u011fer kurumlar aras\u0131ndaki yetki karma\u015fas\u0131ndan muhtarlar\u0131n da etkilendi\u011fini vurgulayarak, konuyla ilgili yasal d\u00fczenlemelerin ilerleyen s\u00fcre\u00e7te T\u00fcrkiye B\u00fcy\u00fck Millet Meclisi\u2019nde g\u00f6r\u00fc\u015f\u00fclece\u011fini kaydetti. B\u00fcy\u00fck\u015fehir belediye ba\u015fkanlar\u0131 olarak ge\u00e7en y\u0131l Cumhurba\u015fkan\u0131 Recep Tayyip Erdo\u011fan\u2019la yapt\u0131klar\u0131 g\u00f6r\u00fc\u015fmede konunun g\u00fcndeme geldi\u011fini hat\u0131rlatan Ba\u015fkan Se\u00e7er, \u201cBaz\u0131 yasal d\u00fczenlemeler TBMM\u2019de \u00f6n\u00fcm\u00fczdeki g\u00fcnlerde g\u00f6r\u00fc\u015f\u00fclecek. Bu tabii ki iktidar\u0131n yerel y\u00f6netimler \u00fczerinde kaybolmu\u015f g\u00fcc\u00fcn\u00fc tersine \u00e7evirip g\u00fc\u00e7lendirmeye, tahkim etmeye y\u00f6nelik olmaz umut ediyorum. Bu konuda belediye ba\u015fkan\u0131 se\u00e7ildi\u011fimiz ilk g\u00fcnlerde Say\u0131n Cumhurba\u015fkan\u0131\u2019n\u0131n davetine icabet ettik, toplant\u0131ya kat\u0131ld\u0131k. Bu konu orada da g\u00fcndeme geldi, orada da Belediye Ba\u015fkanlar\u0131 Komisyonu olu\u015fturulurken benim mensubu bulundu\u011fum partiden de belediye ba\u015fkanlar\u0131 o komisyona dahil oldu, di\u011fer partilerden belediye ba\u015fkanlar\u0131 o komisyona dahil oldu. Bu yasal d\u00fczenleme \u00fczerinde bir \u00e7al\u0131\u015fma karar\u0131 al\u0131nd\u0131 ama maalesef o g\u00fcnden bu g\u00fcne orada konu\u015fulan, g\u00f6r\u00fc\u015f\u00fclen, karara ba\u011flanan baz\u0131 hususlar hayata ge\u00e7irilmedi. Bunu da \u00fcz\u00fclerek izledi\u011fimi ifade etmek istiyorum\u201d diye konu\u015ftu.<\/p>\n","protected":false},"excerpt":{"rendered":"<p>Mersin B\u00fcy\u00fck\u015fehir Belediye Ba\u015fkan\u0131 Vahap Se\u00e7er, 19 Ekim Muhtarlar G\u00fcn\u00fc kapsam\u0131nda 13 il\u00e7edeki muhtarlarla bulu\u015ftu. Soka\u011f\u0131 ve vatanda\u015flar\u0131n sorunlar\u0131n\u0131 en iyi muhtarlar\u0131n bildi\u011fini belirten Ba\u015fkan Se\u00e7er, \u201cMuhtarlar\u0131m\u0131z bizim hizmet yolunda &hellip; <a href=\"https:\/\/akdenizolaygazetesi.com\/?p=8736\" class=\"more-link\">Devam\u0131n\u0131 Oku&#8230;<\/a><\/p>\n","protected":false},"author":1,"featured_media":0,"comment_status":"open","ping_status":"open","sticky":false,"template":"","format":"standard","meta":[],"categories":[],"tags":[],"_links":{"self":[{"href":"https:\/\/akdenizolaygazetesi.com\/index.php?rest_route=\/wp\/v2\/posts\/8736"}],"collection":[{"href":"https:\/\/akdenizolaygazetesi.com\/index.php?rest_route=\/wp\/v2\/posts"}],"about":[{"href":"https:\/\/akdenizolaygazetesi.com\/index.php?rest_route=\/wp\/v2\/types\/post"}],"author":[{"embeddable":true,"href":"https:\/\/akdenizolaygazetesi.com\/index.php?rest_route=\/wp\/v2\/users\/1"}],"replies":[{"embeddable":true,"href":"https:\/\/akdenizolaygazetesi.com\/index.php?rest_route=%2Fwp%2Fv2%2Fcomments&post=8736"}],"version-history":[{"count":0,"href":"https:\/\/akdenizolaygazetesi.com\/index.php?rest_route=\/wp\/v2\/posts\/8736\/revisions"}],"wp:attachment":[{"href":"https:\/\/akdenizolaygazetesi.com\/index.php?rest_route=%2Fwp%2Fv2%2Fmedia&parent=8736"}],"wp:term":[{"taxonomy":"category","embeddable":true,"href":"https:\/\/akdenizolaygazetesi.com\/index.php?rest_route=%2Fwp%2Fv2%2Fcategories&post=8736"},{"taxonomy":"post_tag","embeddable":true,"href":"https:\/\/akdenizolaygazetesi.com\/index.php?rest_route=%2Fwp%2Fv2%2Ftags&post=8736"}],"curies":[{"name":"wp","href":"https:\/\/api.w.org\/{rel}","templated":true}]}}