{"id":8737,"date":"2020-11-04T18:29:12","date_gmt":"2020-11-04T15:29:12","guid":{"rendered":"http:\/\/mersinekonomipolitikagazetesi.com\/?p=8737"},"modified":"2020-11-04T18:29:12","modified_gmt":"2020-11-04T15:29:12","slug":"is-kur-mudurlugune-mustafa-kutlu-yeniden-atandi","status":"publish","type":"post","link":"https:\/\/akdenizolaygazetesi.com\/?p=8737","title":{"rendered":"\u0130\u015e-KUR M\u00fcd\u00fcrl\u00fc\u011f\u00fc\u2019ne Mustafa Kutlu yeniden atand\u0131"},"content":{"rendered":"<p>Mustafa Kutlu, Aile, \u00c7al\u0131\u015fma ve Sosyal Hizmetler Bakanl\u0131\u011f\u0131 Mersin \u00c7al\u0131\u015fma ve \u0130\u015f Kurumu \u0130l M\u00fcd\u00fcrl\u00fc\u011f\u00fcne tekrar atand\u0131.\u00a0<\/p>\n<p>\nAile, \u00c7al\u0131\u015fma ve Sosyal Hizmetler Bakanl\u0131\u011f\u0131 Mersin \u00c7al\u0131\u015fma ve \u0130\u015f Kurumu \u0130l M\u00fcd\u00fcrl\u00fc\u011f\u00fc\u2019ne Mustafa Kutlu tekrar atand\u0131.<br \/>\nMardin \u00a0Midyat&#8217;ta 1971 y\u0131l\u0131nda do\u011fan Mustafa Kutlu, \u00f6n lisans e\u011fitimini Adalet Meslek Y\u00fcksek okulunda, lisans e\u011fitimini Teknik E\u011fitim ve \u0130ktisat Fak\u00fcltelerinde, Y\u00fcksek Lisans e\u011fitimini ise \u0130\u015fletme Ana Bilim Dal\u0131 Y\u00f6netim Organizasyon program\u0131nda tamamlad\u0131.\u00a0<br \/>\nFarkl\u0131 kurumlarda; \u00d6\u011fretmen, \u015eef, M\u00fcd\u00fcr Ba\u015fyard\u0131mc\u0131s\u0131, M\u00fcd\u00fcr, Kurucu M\u00fcd\u00fcr, MYO Sekreteri, Fak\u00fclte Sekreteri, Daire Ba\u015fkan\u0131, Genel Sekreter Yard\u0131mc\u0131l\u0131\u011f\u0131 g\u00f6revlerini ger\u00e7ekle\u015ftiren Mustafa Kutlu, \u0130ngilizce ve iyi derecede Arap\u00e7a bilmektedir.<\/p>\n","protected":false},"excerpt":{"rendered":"<p>Mustafa Kutlu, Aile, \u00c7al\u0131\u015fma ve Sosyal Hizmetler Bakanl\u0131\u011f\u0131 Mersin \u00c7al\u0131\u015fma ve \u0130\u015f Kurumu \u0130l M\u00fcd\u00fcrl\u00fc\u011f\u00fcne tekrar atand\u0131.\u00a0 Aile, \u00c7al\u0131\u015fma ve Sosyal Hizmetler Bakanl\u0131\u011f\u0131 Mersin \u00c7al\u0131\u015fma ve \u0130\u015f Kurumu \u0130l M\u00fcd\u00fcrl\u00fc\u011f\u00fc\u2019ne &hellip; <a href=\"https:\/\/akdenizolaygazetesi.com\/?p=8737\" class=\"more-link\">Devam\u0131n\u0131 Oku&#8230;<\/a><\/p>\n","protected":false},"author":1,"featured_media":0,"comment_status":"open","ping_status":"open","sticky":false,"template":"","format":"standard","meta":[],"categories":[],"tags":[],"_links":{"self":[{"href":"https:\/\/akdenizolaygazetesi.com\/index.php?rest_route=\/wp\/v2\/posts\/8737"}],"collection":[{"href":"https:\/\/akdenizolaygazetesi.com\/index.php?rest_route=\/wp\/v2\/posts"}],"about":[{"href":"https:\/\/akdenizolaygazetesi.com\/index.php?rest_route=\/wp\/v2\/types\/post"}],"author":[{"embeddable":true,"href":"https:\/\/akdenizolaygazetesi.com\/index.php?rest_route=\/wp\/v2\/users\/1"}],"replies":[{"embeddable":true,"href":"https:\/\/akdenizolaygazetesi.com\/index.php?rest_route=%2Fwp%2Fv2%2Fcomments&post=8737"}],"version-history":[{"count":0,"href":"https:\/\/akdenizolaygazetesi.com\/index.php?rest_route=\/wp\/v2\/posts\/8737\/revisions"}],"wp:attachment":[{"href":"https:\/\/akdenizolaygazetesi.com\/index.php?rest_route=%2Fwp%2Fv2%2Fmedia&parent=8737"}],"wp:term":[{"taxonomy":"category","embeddable":true,"href":"https:\/\/akdenizolaygazetesi.com\/index.php?rest_route=%2Fwp%2Fv2%2Fcategories&post=8737"},{"taxonomy":"post_tag","embeddable":true,"href":"https:\/\/akdenizolaygazetesi.com\/index.php?rest_route=%2Fwp%2Fv2%2Ftags&post=8737"}],"curies":[{"name":"wp","href":"https:\/\/api.w.org\/{rel}","templated":true}]}}