{"id":8741,"date":"2020-11-04T18:29:12","date_gmt":"2020-11-04T15:29:12","guid":{"rendered":"http:\/\/mersinekonomipolitikagazetesi.com\/?p=8741"},"modified":"2020-11-04T18:29:12","modified_gmt":"2020-11-04T15:29:12","slug":"kadin-daire-baskaninin-makam-soforu-bir-kadin","status":"publish","type":"post","link":"https:\/\/akdenizolaygazetesi.com\/?p=8741","title":{"rendered":"KADIN DA\u0130RE BA\u015eKANININ MAKAM \u015eOF\u00d6R\u00dc B\u0130R KADIN"},"content":{"rendered":"<p>Mersin B\u00fcy\u00fck\u015fehir Belediyesi\u2019nde 1 Nisan 2019\u2019dan bu yana kad\u0131n\u0131n hem ad\u0131 hem de g\u00fcc\u00fc var. Mersin B\u00fcy\u00fck\u015fehir Belediye Ba\u015fkan\u0131 Vahap Se\u00e7er, g\u00f6reve geldi\u011fi g\u00fcnden bu yana kad\u0131nlara pozitif ayr\u0131mc\u0131l\u0131k sa\u011flad\u0131. Ba\u015fkan Se\u00e7er, belediyedeki y\u00fczde 17 oran\u0131ndaki kad\u0131n personel say\u0131s\u0131n\u0131, 18 ayda y\u00fczde 23\u2019e ula\u015ft\u0131rd\u0131. B\u00fcy\u00fck\u015fehir Belediyesi\u2019nde Daire Ba\u015fkanl\u0131\u011f\u0131, otob\u00fcs direksiyonlar\u0131, marangozhaneler, Halk Ekmek sat\u0131\u015f b\u00fcfelerinin kad\u0131nlara emanet edilmesinin yan\u0131 s\u0131ra Kad\u0131n ve Aile Hizmetleri Dairesi Ba\u015fkan\u0131 \u015eerife Haso\u011flu Dokucu\u2019nun makam \u015fof\u00f6r\u00fc de Sinem Serint\u00fcrk adl\u0131 bir kad\u0131n oldu.<\/p>\n<p>Sadece 18 ayda B\u00fcy\u00fck\u015fehir\u2019de kad\u0131n istihdam\u0131 y\u00fczde 23\u2019e y\u00fckseldi<\/p>\n<p>Ba\u015fkan Se\u00e7er, g\u00f6reve geldi\u011fi g\u00fcnden bu yana kad\u0131nlara pozitif ayr\u0131mc\u0131l\u0131k sa\u011flayaca\u011f\u0131n\u0131 ve istihdam kap\u0131s\u0131 a\u00e7aca\u011f\u0131n\u0131 her f\u0131rsatta belirtmi\u015fti. 1 Nisan 2019\u2019da g\u00f6reve ba\u015flayan Ba\u015fkan Se\u00e7er, 18 ayl\u0131k s\u00fcre\u00e7te kad\u0131nlara sa\u011flad\u0131\u011f\u0131 olanaklarla, kad\u0131nlar\u0131n da erkeklerin yapt\u0131\u011f\u0131 her i\u015fi ba\u015far\u0131yla yapabildi\u011fini bir kez daha g\u00f6sterdi. Ba\u015fkan Se\u00e7er, g\u00f6reve geldi\u011finde belediyede y\u00fczde 17 oran\u0131nda olan kad\u0131n personel say\u0131s\u0131n\u0131 y\u00fczde 23\u2019lere y\u00fckseltti. \u015eu anda B\u00fcy\u00fck\u015fehir Belediyesi\u2019nde \u00e7al\u0131\u015fan 7 bin 812 personelin 1819\u2019unu kad\u0131nlar olu\u015fturuyor. Ba\u015fkan Se\u00e7er, toplam 636 kad\u0131n personeli i\u015f sahibi yapt\u0131. Bunlar\u0131n 79\u2019unu otob\u00fcs \u015fof\u00f6r\u00fc, 35\u2019ini parkomat g\u00f6revlisi, 32\u2019sini Halk Ekmek B\u00fcfesi personeli, 1\u2019ini kad\u0131n marangoz olu\u015fturuyor. Ba\u015fkan Se\u00e7er, \u00a08 Daire Ba\u015fkanl\u0131\u011f\u0131n\u0131 ve Ba\u015fkan Vekilli\u011fi\u2019ni de kad\u0131n y\u00f6neticilere emanet etti.<\/p>\n<p>\u201cY\u00f6netime geldi\u011fimizde kad\u0131nlar\u0131m\u0131za farkl\u0131 bir sayfa a\u00e7t\u0131k\u201d<\/p>\n<p>Ba\u015fkan Se\u00e7er, kad\u0131n istihdam\u0131n\u0131 art\u0131rmaya y\u00f6nelik \u00e7al\u0131\u015fmalar yapt\u0131klar\u0131n\u0131 vurgulayarak, \u201cY\u00f6netime geldi\u011fimizde Belediye\u2019de kad\u0131nlar\u0131m\u0131za farkl\u0131 bir sayfa a\u00e7t\u0131k. Kad\u0131nlar\u0131n \u00e7al\u0131\u015fma hayat\u0131na kat\u0131lmalar\u0131 \u00e7ok \u00f6nemli. Biz 697 kad\u0131n personele i\u015f imkan\u0131 sa\u011flad\u0131k. N\u00fcfusun %50\u2019si kad\u0131n, biz de istiyoruz ki \u00e7al\u0131\u015fma hayat\u0131nda %50\u2019si de kad\u0131n olsun. Yani 10 bin personel varsa 5 bini m\u00fcmk\u00fcnse kad\u0131n olsun. Buraya do\u011fru evriliyoruz. Kad\u0131n otob\u00fcs \u015fof\u00f6rlerimiz var, \u015fehre renk kat\u0131yorlar ve de\u011fer kat\u0131yorlar. Yolda onlarla kar\u015f\u0131la\u015ft\u0131\u011f\u0131m\u0131z zaman i\u00e7ime huzur doluyor. Kad\u0131n oldu\u011fu zaman farkl\u0131 bir g\u00f6r\u00fcnt\u00fc. Otob\u00fcs kullanan bir kad\u0131n; ne kadar g\u00fczel bir manzara. Erkekler al\u0131nmas\u0131n ama kad\u0131nlar daha zarif daha g\u00fczel g\u00f6r\u00fcn\u00fcyor\u201d dedi.<\/p>\n<p>Makam arac\u0131n\u0131n direksiyonu art\u0131k Sinem Serint\u00fcrk\u2019e emanet<\/p>\n<p>Kad\u0131nlara y\u00f6nelik sa\u011flanan istihdam olanaklar\u0131nda son olarak T\u00fcrkiye\u2019de e\u015fine \u00e7ok az rastlanan bir uygulama ba\u015flatan B\u00fcy\u00fck\u015fehir, Kad\u0131n ve Aile Hizmetleri Dairesi Ba\u015fkan\u0131 \u015eerife Haso\u011flu Dokucu\u2019nun makam arac\u0131n\u0131n direksiyonunu da bir kad\u0131na emanet etti. Kad\u0131nlar ve \u00e7ocuklara y\u00f6nelik ba\u015far\u0131l\u0131 \u00e7al\u0131\u015fmalar\u0131yla dikkat \u00e7eken Kad\u0131n ve Aile Hizmetleri\u2019nin kad\u0131n daire ba\u015fkan\u0131n\u0131n \u015fof\u00f6r\u00fc 38 ya\u015f\u0131ndaki Sinem Serint\u00fcrk oldu. Daire Ba\u015fkan\u0131 Dokucu, Serint\u00fcrk\u2019\u00fcn i\u015fini lay\u0131\u011f\u0131yla yapt\u0131\u011f\u0131n\u0131 s\u00f6ylerken, Serint\u00fcrk ise s\u00fcrmekte oldu\u011fu makam arac\u0131n\u0131 evi gibi g\u00f6rd\u00fc\u011f\u00fcn\u00fc ve i\u015fini severek yapt\u0131\u011f\u0131n\u0131 kaydetti.<\/p>\n<p>\u201cKad\u0131nlara bu kadar \u00e7ok istihdam olana\u011f\u0131 sa\u011fland\u0131\u011f\u0131 i\u00e7in kad\u0131nlar olarak \u00e7ok mutluyuz\u201d<\/p>\n<p>Kad\u0131n ve Aile Hizmetleri Dairesi Ba\u015fkan\u0131 \u015eerife Haso\u011flu Dokucu, makam \u015fof\u00f6r\u00fcn\u00fcn kad\u0131n olmas\u0131n\u0131n \u00e7evredekiler taraf\u0131ndan dikkat \u00e7ekti\u011fini s\u00f6yledi. B\u00fcy\u00fck\u015fehir Belediyesi\u2019nde kad\u0131nlara her t\u00fcrl\u00fc i\u015f kolunda istihdam sa\u011flanmas\u0131n\u0131n bir kad\u0131n olarak kendisini \u00e7ok mutlu etti\u011fini vurgulayan Dokucu, kad\u0131nlar\u0131n her alanda fark yaratt\u0131\u011f\u0131n\u0131, ad\u0131m ad\u0131m kad\u0131n istihdam oranlar\u0131n\u0131n artaca\u011f\u0131na inand\u0131klar\u0131n\u0131 s\u00f6yledi. Dokucu, \u201cFark\u0131ndal\u0131k \u00e7al\u0131\u015fmas\u0131 da yapmak istiyoruz. \u2018Kad\u0131nlar her \u015feyi yapabilir\u2019 demek istiyoruz; zaten hayata bak\u0131\u015f a\u00e7\u0131m\u0131z da b\u00f6yle. Dolay\u0131s\u0131yla yeni otob\u00fcs \u015fof\u00f6rlerimiz, yeni park bah\u00e7eler personelimiz, yeni di\u011fer \u015fof\u00f6r istihdamlar\u0131m\u0131z, marangozlar\u0131m\u0131z, bu alanlarda istihdam edilen kad\u0131nlar fark yaratt\u0131lar. \u0130nsanlar \u015fa\u015f\u0131r\u0131yorlar. Ondan sonra devam\u0131 geliyor zaten. Mesela otob\u00fcs \u015fof\u00f6r\u00fc ald\u0131k. Marangoz ald\u0131k, \u015fimdi \u00f6rne\u011fin boyac\u0131 ar\u0131yoruz\u201d diye konu\u015ftu.<\/p>\n<p>\u201cArabay\u0131 evim olarak g\u00f6r\u00fcyorum\u201d<\/p>\n<p>Evli ve 3 \u00e7ocuk annesi Sinem Serint\u00fcrk, daha \u00f6nce a\u015f\u00e7\u0131l\u0131k yapt\u0131\u011f\u0131n\u0131 s\u00f6yledi. Serint\u00fcrk, en b\u00fcy\u00fck \u00e7ocu\u011funun \u00fcniversiteye gitti\u011fini, en k\u00fc\u00e7\u00fc\u011f\u00fcn\u00fcnse 4 ya\u015f\u0131nda oldu\u011funu belirterek, \u201cSabah kalk\u0131yorum, \u00e7ocuklar\u0131ma kahvalt\u0131s\u0131n\u0131 haz\u0131rlay\u0131p evi ya\u015fan\u0131r duruma getiriyorum. Ondan sonra \u00e7\u0131k\u0131yorum, arabaya rutin bak\u0131mlar\u0131n\u0131, temizli\u011fini yap\u0131yorum. Sonra Ba\u015fkan\u0131m\u0131z \u015eerife Haso\u011flu\u2019nu al\u0131p beraber devam ediyoruz. Arabay\u0131 evim olarak g\u00f6r\u00fcyorum. \u00d6zenle devam ediyorum\u201d ifadelerine yer verdi.<\/p>\n<p>\u201cGenelde erkekler tercih ediliyor ama kad\u0131nlar\u0131n da yapabilece\u011fine inan\u0131yorum\u201d<\/p>\n<p>Araba s\u00fcrmeyi \u00e7ok sevdi\u011fini vurgulayan Serint\u00fcrk, \u201c\u0130lk g\u00f6rd\u00fcklerinde \u015fa\u015f\u0131r\u0131yorlar sonra mutlu oluyorlar. \u00d6zellikle kad\u0131nlar beni g\u00f6r\u00fcnce mutlu oluyor. Belki de T\u00fcrkiye\u2019de bir ilk olarak, kad\u0131n makam \u015fof\u00f6r\u00fc olarak ba\u015fl\u0131yorum. Genelde erkekler tercih ediliyor makam \u015fof\u00f6rl\u00fc\u011f\u00fcnde ama kad\u0131nlar\u0131n da yapabilece\u011fine inan\u0131yorum ve ger\u00e7ekten Ba\u015fkan\u0131m\u0131z Vahap Se\u00e7er\u2019e \u00e7ok te\u015fekk\u00fcr ediyorum. Kad\u0131nlar i\u00e7in \u00f6zveriyle \u00e7al\u0131\u015f\u0131yor. Bizlere inan\u0131yor ve destekliyor. Ben de ba\u015faraca\u011f\u0131m\u0131 biliyordum. \u015eu an ara\u00e7 koltu\u011funday\u0131m ve mutluyum\u201d dedi.<\/p>\n","protected":false},"excerpt":{"rendered":"<p>Mersin B\u00fcy\u00fck\u015fehir Belediyesi\u2019nde 1 Nisan 2019\u2019dan bu yana kad\u0131n\u0131n hem ad\u0131 hem de g\u00fcc\u00fc var. Mersin B\u00fcy\u00fck\u015fehir Belediye Ba\u015fkan\u0131 Vahap Se\u00e7er, g\u00f6reve geldi\u011fi g\u00fcnden bu yana kad\u0131nlara pozitif ayr\u0131mc\u0131l\u0131k sa\u011flad\u0131. &hellip; <a href=\"https:\/\/akdenizolaygazetesi.com\/?p=8741\" class=\"more-link\">Devam\u0131n\u0131 Oku&#8230;<\/a><\/p>\n","protected":false},"author":1,"featured_media":0,"comment_status":"open","ping_status":"open","sticky":false,"template":"","format":"standard","meta":[],"categories":[],"tags":[],"_links":{"self":[{"href":"https:\/\/akdenizolaygazetesi.com\/index.php?rest_route=\/wp\/v2\/posts\/8741"}],"collection":[{"href":"https:\/\/akdenizolaygazetesi.com\/index.php?rest_route=\/wp\/v2\/posts"}],"about":[{"href":"https:\/\/akdenizolaygazetesi.com\/index.php?rest_route=\/wp\/v2\/types\/post"}],"author":[{"embeddable":true,"href":"https:\/\/akdenizolaygazetesi.com\/index.php?rest_route=\/wp\/v2\/users\/1"}],"replies":[{"embeddable":true,"href":"https:\/\/akdenizolaygazetesi.com\/index.php?rest_route=%2Fwp%2Fv2%2Fcomments&post=8741"}],"version-history":[{"count":0,"href":"https:\/\/akdenizolaygazetesi.com\/index.php?rest_route=\/wp\/v2\/posts\/8741\/revisions"}],"wp:attachment":[{"href":"https:\/\/akdenizolaygazetesi.com\/index.php?rest_route=%2Fwp%2Fv2%2Fmedia&parent=8741"}],"wp:term":[{"taxonomy":"category","embeddable":true,"href":"https:\/\/akdenizolaygazetesi.com\/index.php?rest_route=%2Fwp%2Fv2%2Fcategories&post=8741"},{"taxonomy":"post_tag","embeddable":true,"href":"https:\/\/akdenizolaygazetesi.com\/index.php?rest_route=%2Fwp%2Fv2%2Ftags&post=8741"}],"curies":[{"name":"wp","href":"https:\/\/api.w.org\/{rel}","templated":true}]}}