{"id":8743,"date":"2020-11-04T18:29:12","date_gmt":"2020-11-04T15:29:12","guid":{"rendered":"http:\/\/mersinekonomipolitikagazetesi.com\/?p=8743"},"modified":"2020-11-04T18:29:12","modified_gmt":"2020-11-04T15:29:12","slug":"suc-makinasi-yakalandi-onune-gelen-herkesi-dolandirmis","status":"publish","type":"post","link":"https:\/\/akdenizolaygazetesi.com\/?p=8743","title":{"rendered":"Su\u00e7 makinas\u0131 yakaland\u0131, \u00f6n\u00fcne gelen herkesi doland\u0131rm\u0131\u015f"},"content":{"rendered":"<p><span style=\"line-height: 1.6em;\">Mersin\u2019de a\u011f\u0131rl\u0131kl\u0131 olarak doland\u0131r\u0131c\u0131l\u0131ktan ya\u015f\u0131 kadar su\u00e7 dosyas\u0131 olan, 8 y\u0131l 1 ay 15 g\u00fcn kesinle\u015fmi\u015f hapis cezas\u0131 bulunan Orhan O\u011fuz, polisin yapt\u0131\u011f\u0131 titiz \u00e7al\u0131\u015fma sonucunda yakaland\u0131. Cezaevi firarisi olarak da aranan \u015fahs\u0131n daha \u00f6nce 2 kez g\u00fcvenlik g\u00fc\u00e7leriyle \u00e7at\u0131\u015fmaya girdi\u011fi, ge\u00e7mi\u015fte 50 farkl\u0131 dosyadan ceza ald\u0131\u011f\u0131 ortaya \u00e7\u0131kt\u0131. Emniyet \u00e7\u0131k\u0131\u015f\u0131nda y\u00fcz\u00fcn\u00fc maske ile gizlemeye \u00e7al\u0131\u015fan \u015fah\u0131s, gazetecilerin sorular\u0131na \u2019sana ne\u2019 diye cevap verdi.\u00a0<\/span><\/p>\n<p>Edinilen bilgiye g\u00f6re, Mersin \u0130l Emniyet M\u00fcd\u00fcrl\u00fc\u011f\u00fc\u2019ne ba\u011fl\u0131 Toroslar \u0130l\u00e7e Emniyet M\u00fcd\u00fcrl\u00fc\u011f\u00fc ekipleri, \u2019doland\u0131r\u0131c\u0131l\u0131ktan\u2019 bir\u00e7ok dosyas\u0131 bulunan, a\u00e7\u0131k ceza evinden izinli \u00e7\u0131kt\u0131ktan sonra bir daha geri d\u00f6nmeyen Orhan O\u011fuz isimli \u015fahs\u0131n, il\u00e7ede de bir evde kald\u0131\u011f\u0131n\u0131n istihbarat\u0131n\u0131 ald\u0131. Bunun \u00fczerine titiz bir \u00e7al\u0131\u015fma y\u00fcr\u00fcten ekipler, \u015fahs\u0131n \u00c7avu\u015flu Mahallesi&#8217;nde kald\u0131\u011f\u0131n\u0131 tespit etti. Belirlenen adrese \u00f6zel harekat polislerinin deste\u011fiyle operasyon d\u00fczenlenirken \u015f\u00fcpheli, kald\u0131\u011f\u0131 ev ile yan bina aras\u0131ndaki b\u00f6lge saklan\u0131rken k\u0131sk\u0131vrak yakalad\u0131.\u00a0<\/p>\n<p>Kesinle\u015fmi\u015f cezas\u0131, 30 farkl\u0131 su\u00e7tan a\u00e7\u0131k dosyas\u0131, 50 farkl\u0131 su\u00e7tan cezas\u0131 var\u00a0<br \/>\n\u0130\u015flemleri i\u00e7in emniyete getirilen O\u011fuz\u2019un yap\u0131lan incelemesinde a\u011f\u0131rl\u0131kl\u0131 olarak doland\u0131r\u0131c\u0131l\u0131k, ba\u015fkas\u0131na ait kredi kartlar\u0131n\u0131 izinsiz kullanma, tehdit, g\u00f6revi yapt\u0131rmamak i\u00e7in direnme, h\u00fck\u00fcml\u00fc ve y\u00fck\u00fcml\u00fcn\u00fcn ka\u00e7mas\u0131, bili\u015fim sistemleri veya banka kredi sistemlerini kullanarak doland\u0131rmak gibi bir\u00e7ok su\u00e7tan su\u00e7 dosyas\u0131n\u0131n oldu\u011fu g\u00f6r\u00fcld\u00fc. Pandemi dolay\u0131s\u0131yla a\u00e7\u0131k cezaevinden Temmuz ay\u0131nda izinli \u00e7\u0131kt\u0131\u011f\u0131 ve geri d\u00f6nmedi\u011fi de belirlenen \u015fahs\u0131n, 8 y\u0131l 1 ay 15 g\u00fcn kesinle\u015fmi\u015f hapis cezas\u0131 oldu\u011fu, 30 farkl\u0131 su\u00e7tan da a\u00e7\u0131k dosyas\u0131n\u0131n bulundu\u011fu tespit edildi.\u00a0<br \/>\nZanl\u0131n\u0131n ge\u00e7mi\u015fte g\u00fcvenlik g\u00fc\u00e7lerinden ka\u00e7mak i\u00e7in 2 kez \u00e7at\u0131\u015fmaya girdi\u011fi ve vuruldu\u011fu, ayr\u0131ca 50 farkl\u0131 dosyadan da ceza yedi\u011fi belirlendi. \u015eahs\u0131n kar\u015f\u0131s\u0131ndaki ki\u015filere \u00f6nce g\u00fcven verdi\u011fi, daha sonra da kendisinin olmayan bir\u00e7ok mal\u0131 satarak doland\u0131r\u0131c\u0131l\u0131k olaylar\u0131n\u0131 yapt\u0131\u011f\u0131n\u0131 da ortaya \u00e7\u0131kt\u0131.\u00a0<br \/>\nEmniyetteki i\u015flemlerinin ard\u0131ndan adliyeye sevk edilen \u015fah\u0131s, \u00e7\u0131kar\u0131ld\u0131\u011f\u0131 mahkemece tutukland\u0131. Emniyet \u00e7\u0131k\u0131\u015f\u0131 y\u00fcz\u00fcn\u00fc maske ile gizlemeye \u00e7al\u0131\u015fan \u015f\u00fcpheli, gazetecilerin sorular\u0131na &#8220;sana ne&#8221; diyerek cevap verdi.\u00a0<\/p>\n","protected":false},"excerpt":{"rendered":"<p>Mersin\u2019de a\u011f\u0131rl\u0131kl\u0131 olarak doland\u0131r\u0131c\u0131l\u0131ktan ya\u015f\u0131 kadar su\u00e7 dosyas\u0131 olan, 8 y\u0131l 1 ay 15 g\u00fcn kesinle\u015fmi\u015f hapis cezas\u0131 bulunan Orhan O\u011fuz, polisin yapt\u0131\u011f\u0131 titiz \u00e7al\u0131\u015fma sonucunda yakaland\u0131. Cezaevi firarisi olarak &hellip; <a href=\"https:\/\/akdenizolaygazetesi.com\/?p=8743\" class=\"more-link\">Devam\u0131n\u0131 Oku&#8230;<\/a><\/p>\n","protected":false},"author":1,"featured_media":0,"comment_status":"open","ping_status":"open","sticky":false,"template":"","format":"standard","meta":[],"categories":[],"tags":[],"_links":{"self":[{"href":"https:\/\/akdenizolaygazetesi.com\/index.php?rest_route=\/wp\/v2\/posts\/8743"}],"collection":[{"href":"https:\/\/akdenizolaygazetesi.com\/index.php?rest_route=\/wp\/v2\/posts"}],"about":[{"href":"https:\/\/akdenizolaygazetesi.com\/index.php?rest_route=\/wp\/v2\/types\/post"}],"author":[{"embeddable":true,"href":"https:\/\/akdenizolaygazetesi.com\/index.php?rest_route=\/wp\/v2\/users\/1"}],"replies":[{"embeddable":true,"href":"https:\/\/akdenizolaygazetesi.com\/index.php?rest_route=%2Fwp%2Fv2%2Fcomments&post=8743"}],"version-history":[{"count":0,"href":"https:\/\/akdenizolaygazetesi.com\/index.php?rest_route=\/wp\/v2\/posts\/8743\/revisions"}],"wp:attachment":[{"href":"https:\/\/akdenizolaygazetesi.com\/index.php?rest_route=%2Fwp%2Fv2%2Fmedia&parent=8743"}],"wp:term":[{"taxonomy":"category","embeddable":true,"href":"https:\/\/akdenizolaygazetesi.com\/index.php?rest_route=%2Fwp%2Fv2%2Fcategories&post=8743"},{"taxonomy":"post_tag","embeddable":true,"href":"https:\/\/akdenizolaygazetesi.com\/index.php?rest_route=%2Fwp%2Fv2%2Ftags&post=8743"}],"curies":[{"name":"wp","href":"https:\/\/api.w.org\/{rel}","templated":true}]}}