{"id":9624,"date":"2020-12-15T10:22:32","date_gmt":"2020-12-15T07:22:32","guid":{"rendered":"http:\/\/akdenizolaygazetesi.com\/?p=9624"},"modified":"2020-12-15T10:23:04","modified_gmt":"2020-12-15T07:23:04","slug":"mersin-buyuksehir-basarili-calismalariyla-adindan-soz-ettiriyor","status":"publish","type":"post","link":"https:\/\/akdenizolaygazetesi.com\/?p=9624","title":{"rendered":"MERS\u0130N B\u00dcY\u00dcK\u015eEH\u0130R, BA\u015eARILI \u00c7ALI\u015eMALARIYLA ADINDAN S\u00d6Z ETT\u0130R\u0130YOR"},"content":{"rendered":"<p>CHP y\u00f6neticilerinin yer ald\u0131\u011f\u0131 heyet, Ba\u015fkan Se\u00e7er\u2019i makam\u0131nda ziyaret etti. Ziyaret s\u0131ras\u0131nda Mersin\u2019de yap\u0131lan \u00e7al\u0131\u015fmalar\u0131n partinin belediyecilik anlay\u0131\u015f\u0131n\u0131 lay\u0131k\u0131yla ortaya koydu\u011funu kaydeden CHP Grup Ba\u015fkanvekili \u00d6zg\u00fcr \u00d6zel, \u201cT\u00fcm belediye ba\u015fkanlar\u0131m\u0131zla birlikte g\u00fcven veren bir y\u00f6netim g\u00f6steriyorsunuz. Cumhuriyet Halk Partisi grubu ad\u0131na sizlere minnettar\u0131z\u201d diye konu\u015ftu.<br \/>\n\u00d6zel, \u201cBelediyeyi devrald\u0131\u011f\u0131m\u0131z arkada\u015flar zaman zaman ger\u00e7ekle ba\u011fda\u015fmayan ele\u015ftirileri g\u00fcndeme ta\u015f\u0131mak istiyorlar. Orada da d\u00f6n\u00fcp \u2018Mersin B\u00fcy\u00fck\u015fehir Belediyesi ne yapm\u0131\u015f?\u2019 diye bakt\u0131\u011f\u0131m\u0131zda bug\u00fcne kadar hi\u00e7bir tart\u0131\u015fmadan ba\u015f\u0131m\u0131z \u00f6nde ayr\u0131lmad\u0131k\u201d dedi.<br \/>\nBa\u015fkan Se\u00e7er\u2019in hayata ge\u00e7irdi\u011fi projelerde gayet ba\u015far\u0131l\u0131 oldu\u011funu aktaran Genel Ba\u015fkan Yard\u0131mc\u0131s\u0131 Ali \u00d6ztun\u00e7, \u201cMersin\u2019e dokunuyorsunuz. Sadece merkezde de\u011fil t\u00fcm il\u00e7eleri, k\u00f6yleri ve mahalleleri ile \u00e7al\u0131\u015fmalar\u0131n\u0131zdan ba\u015far\u0131lar\u0131n\u0131zdan gurur duyuyoruz. \u0130n\u015fallah \u00f6n\u00fcm\u00fczdeki s\u00fcre\u00e7te Mersin&#8217;de bug\u00fcne kadar yap\u0131lm\u0131\u015f en b\u00fcy\u00fck hizmetleri yapaca\u011f\u0131n\u0131za inanc\u0131m\u0131z tamd\u0131r\u201d ifadelerini kulland\u0131.<br \/>\nBa\u015fkan Se\u00e7er, \u201cPolitikalar \u00fcretiyoruz, hizmet \u00fcretiyoruz ve bunu da keyifle yap\u0131yoruz. Bunun da temel sebebi halk\u0131m\u0131zdan ald\u0131\u011f\u0131m\u0131z geri d\u00f6n\u00fc\u015f\u00fcm. Halk\u0131m\u0131z bizden memnun oldu\u011fu s\u00fcrece, bizlere te\u015fekk\u00fcr etti\u011fi s\u00fcrece \u00e7ok daha fazla \u015fevkle, \u00e7ok daha azimle bu m\u00fccadelemizi s\u00fcrd\u00fcrece\u011fiz\u201d diye konu\u015ftu.<\/p>\n<p>CHP y\u00f6neticilerinin yer ald\u0131\u011f\u0131 heyet, Mersin B\u00fcy\u00fck\u015fehir Belediye Ba\u015fkan\u0131 Vahap Se\u00e7er\u2019i makam\u0131nda ziyaret etti. Ziyaret s\u0131ras\u0131nda, B\u00fcy\u00fck\u015fehir\u2019de yap\u0131lan \u00e7al\u0131\u015fmalar\u0131n partinin belediyecilik anlay\u0131\u015f\u0131n\u0131 lay\u0131k\u0131yla ortaya koydu\u011fu vurguland\u0131.<br \/>\nCHP Mersin Milletvekili ve Parti Meclisi \u00dcyesi Ali Mahir Ba\u015far\u0131r\u2019\u0131n ya\u015fam\u0131n\u0131 yitiren annesi G\u00fclseren Ba\u015far\u0131r\u2019\u0131n cenaze t\u00f6renine kat\u0131lan ve Ba\u015far\u0131r\u2019a taziye dileklerini sunan CHP Grup Ba\u015fkanvekili \u00d6zg\u00fcr \u00d6zel, CHP Genel Ba\u015fkan Yard\u0131mc\u0131s\u0131 Ali \u00d6ztun\u00e7 ve CHP \u0130stanbul Milletvekili Sezgin Tanr\u0131kulu, CHP Ankara Milletvekili Murat Emir, CHP Ad\u0131yaman Milletvekili Abdurrahman Tutdere; Mersin B\u00fcy\u00fck\u015fehir Belediye Ba\u015fkan\u0131 Vahap Se\u00e7er\u2019i makam\u0131nda ziyaret etti. Ger\u00e7ekle\u015ftirilen ziyarette CHP Mersin \u0130l Ba\u015fkan\u0131 Adil Aktay, CHP Mersin Milletvekili Alpay Antmen ve Yeni\u015fehir Belediye Ba\u015fkan\u0131 Abdullah \u00d6zyi\u011fit de heyete e\u015flik etti.<br \/>\n\u00d6ztun\u00e7: \u201cBa\u015far\u0131lar\u0131n\u0131zdan gurur duyuyoruz\u201d<br \/>\nCHP Genel Ba\u015fkan Yard\u0131mc\u0131s\u0131 \u00d6ztun\u00e7, Mersin\u2019in Akdeniz\u2019in \u00f6zel bir kenti oldu\u011funu belirterek, \u201cMersin Akdeniz&#8217;in incisi. Akdeniz&#8217;in en g\u00fczel kentlerden birisi ve bizim de \u00e7ok sevdi\u011fimiz bir kent. Mersin son yerel se\u00e7imlerden sonra daha da g\u00fczelle\u015fti bizim g\u00f6z\u00fcm\u00fczde. Sizin belediye ba\u015fkanl\u0131\u011f\u0131n\u0131 y\u00fcr\u00fctt\u00fc\u011f\u00fcn\u00fcz s\u00fcre\u00e7teki \u00e7al\u0131\u015fmalar\u0131n\u0131z bizler i\u00e7in onur, gurur. Gayet ba\u015far\u0131l\u0131s\u0131n\u0131z. Mersin\u2019e dokunuyorsunuz. Sadece merkezde de\u011fil t\u00fcm il\u00e7eleri, k\u00f6yleri ve mahalleleri ile \u00e7al\u0131\u015fmalar\u0131n\u0131zdan, ba\u015far\u0131lar\u0131n\u0131zdan gurur duyuyoruz. \u0130n\u015fallah \u00f6n\u00fcm\u00fczdeki s\u00fcre\u00e7te Mersin&#8217;de bug\u00fcne kadar yap\u0131lm\u0131\u015f en b\u00fcy\u00fck hizmetleri yapaca\u011f\u0131n\u0131za inanc\u0131m\u0131z tamd\u0131r\u201d dedi.<br \/>\n\u00d6zel: \u201cG\u00fcven veren bir y\u00f6netim g\u00f6steriyorsunuz\u201d<br \/>\nCHP Grup Ba\u015fkanvekili \u00d6zg\u00fcr \u00d6zel, CHP ailesi olarak hep bir arada olacaklar\u0131n\u0131 vurgulad\u0131. Milletvekillerinin parti \u00f6rg\u00fct\u00fc ve yerel y\u00f6netimler ile uyumlu bir \u015fekilde dayan\u0131\u015fma i\u00e7erisinde olan \u00e7abalar\u0131n\u0131 ve gayretlerini takdir ettiklerini s\u00f6yleyen \u00d6zel, \u015funlar\u0131 s\u00f6yledi:<br \/>\n\u201cBiz Meclis\u2019te bir yandan muhalefet g\u00f6revimizi yaparken, bir yandan da en ge\u00e7 2023&#8217;te yap\u0131lacak olan Cumhuriyetin 2\u2019nci y\u00fczy\u0131l\u0131n\u0131 hangi kadrolarla kar\u015f\u0131layaca\u011f\u0131m\u0131z\u0131n belli olaca\u011f\u0131 se\u00e7im \u00f6ncesinde, yap\u0131lan yerel se\u00e7imdeki b\u00fcy\u00fck ba\u015far\u0131dan dolay\u0131 zaman zaman Meclis\u2019te belediyelerimize kar\u015f\u0131 yerelden gelen \u00f6zellikle AKP&#8217;li ve MHP&#8217;li milletvekillerinin y\u00f6neltti\u011fi baz\u0131 ele\u015ftiriler oluyor. O s\u0131rada bazen zaman zaman Mersin B\u00fcy\u00fck\u015fehir Belediyesi de g\u00fcndeme ta\u015f\u0131n\u0131yor. \u015eu a\u00e7\u0131dan b\u00fcy\u00fck bir memnuniyet duyuyoruz. Hem k\u0131sa s\u00fcrede do\u011fru bilgiye ula\u015fma a\u00e7\u0131s\u0131ndan hem de orada \u00e7\u0131kan polemiklerden tart\u0131\u015fmalardan bug\u00fcne kadar hi\u00e7 ba\u015f\u0131m\u0131z \u00f6nde ayr\u0131lmad\u0131k o salondan. Mersin B\u00fcy\u00fck\u015fehir Belediyesi&#8217;nde g\u00f6reve geldi\u011finiz g\u00fcnden itibaren yapm\u0131\u015f oldu\u011funuz icraatlar, verilmi\u015f s\u00f6zlerin arkas\u0131nda durulmas\u0131, partinin genel politikalar\u0131na uyumlu ve sosyal belediyecilik \u00f6rnekleri a\u00e7\u0131s\u0131ndan son derece etkili bir m\u00fccadele ve etkili bir hizmet veriyorsunuz. Tabii belediyeyi devrald\u0131\u011f\u0131m\u0131z arkada\u015flar zaman zaman ger\u00e7ekle ba\u011fda\u015fmayan ele\u015ftirileri g\u00fcndeme ta\u015f\u0131mak istiyorlar. Orada da d\u00f6n\u00fcp Mersin B\u00fcy\u00fck\u015fehir Belediyesi ne yapm\u0131\u015f diye bakt\u0131\u011f\u0131m\u0131zda bug\u00fcne kadar hi\u00e7bir tart\u0131\u015fmadan ba\u015f\u0131m\u0131z \u00f6nde ayr\u0131lmad\u0131k. \u00c7ok te\u015fekk\u00fcr ediyoruz. Mersin B\u00fcy\u00fck\u015fehir Belediyesi\u2019nin y\u00f6netimindeki \u00e7al\u0131\u015fkanl\u0131k, \u015feffafl\u0131k ve ileti\u015fimdeki ba\u015far\u0131 T\u00fcrkiye&#8217;de di\u011fer b\u00fcy\u00fck \u015fehirlerimizle birlikte Cumhuriyet Halk Partisi&#8217;nin gelece\u011fi y\u00f6netebilir anlay\u0131\u015f\u0131na da katk\u0131 sa\u011fl\u0131yor. \u00d6n\u00fcm\u00fczdeki se\u00e7imlerin kaderini belirleyecek en \u00f6nemli unsurlardan bir tanesi Cumhuriyet Halk Partisi&#8217;nin kamu y\u00f6netimine haz\u0131r olup olmad\u0131\u011f\u0131, genel iktidar\u0131 devralmaya haz\u0131r olup olmad\u0131\u011f\u0131 noktas\u0131nda. \u015e\u00fck\u00fcrler olsun ki g\u00f6reve geldi\u011fimiz g\u00fcnden itibaren t\u00fcm belediye ba\u015fkanlar\u0131m\u0131zla birlikte bu alg\u0131y\u0131 g\u00fc\u00e7lendiren, g\u00fcven veren bir y\u00f6netim g\u00f6steriyorsunuz. Cumhuriyet Halk Partisi grubu ad\u0131na sizlere minnettar\u0131z.\u201d<br \/>\nSe\u00e7er: \u201c\u00dclkemizin gelece\u011fi i\u00e7in \u00e7al\u0131\u015f\u0131yoruz\u201d<br \/>\nZiyaretten \u00f6t\u00fcr\u00fc heyete te\u015fekk\u00fcrlerini sunan Ba\u015fkan Se\u00e7er, \u201cAc\u0131 bir g\u00fcnde bir araya geldik. Mersin Milletvekili Ali Mahir Ba\u015far\u0131r\u2019\u0131n ac\u0131l\u0131 g\u00fcn\u00fcnde onu yaln\u0131z b\u0131rakmad\u0131k, hep beraber. \u0130yi g\u00fcnde k\u00f6t\u00fc g\u00fcnde m\u00fccadele arkada\u015flar\u0131m\u0131zla beraber olaca\u011f\u0131z\u201d dedi.<br \/>\nKent ad\u0131na yapt\u0131klar\u0131 \u00e7al\u0131\u015fmalara dair de konu\u015fan Se\u00e7er, \u015fu ifadeleri kulland\u0131:<br \/>\n\u201cKi\u015fisel ikbalimizi hatta sa\u011fl\u0131\u011f\u0131m\u0131z\u0131 bir tarafa b\u0131rakt\u0131k. \u00dclkemizin gelece\u011fi i\u00e7in \u00e7al\u0131\u015f\u0131yoruz, m\u00fccadele ediyoruz. Ben \u00f6ncelikle parlamentoda verdi\u011finiz m\u00fccadele i\u00e7in sizleri kutluyorum. Ger\u00e7ekten bug\u00fcn i\u00e7inde bulundu\u011funuz siyasi s\u00fcre\u00e7 i\u00e7erisinde \u00e7ok \u00f6nemli \u00e7al\u0131\u015fmalar yap\u0131yorsunuz. Bizler de sizlerin buradaki g\u00f6z\u00fc kula\u011f\u0131 olarak vatanda\u015fa, yurtta\u015fa, soka\u011fa en yak\u0131n kamu kurumunun se\u00e7ilmi\u015f birer g\u00f6revlileri olarak vatanda\u015flar\u0131n her sorununa bizim siyasi g\u00f6r\u00fc\u015f\u00fcm\u00fcz do\u011frultusunda, partimizin program\u0131 prensipleri \u00e7er\u00e7evesinde m\u00fcdahale ediyoruz. Politikalar \u00fcretiyoruz, hizmet \u00fcretiyoruz ve bunu da keyifle yap\u0131yoruz. Bunun da temel sebebi halk\u0131m\u0131zdan ald\u0131\u011f\u0131m\u0131z geri d\u00f6n\u00fc\u015f\u00fcm. Halk\u0131m\u0131z bizden memnun oldu\u011fu s\u00fcrece, bizlere te\u015fekk\u00fcr etti\u011fi s\u00fcrece \u00e7ok daha fazla \u015fevkle \u00e7ok daha azimle bu m\u00fccadelemizi s\u00fcrd\u00fcrece\u011fiz. Ben parlamentoda g\u00f6rev yapt\u0131m. Say\u0131n Grup Ba\u015fkan Vekilimiz ile de Sezgin Tanr\u0131kulu karde\u015fim ile de mesai arkada\u015fl\u0131\u011f\u0131m\u0131z oldu. Bu anlamda da sizlerin yereldeki \u015fu anda sizler aras\u0131ndan \u00e7\u0131kan bir temsilci olmak da benim i\u00e7in a\u00e7\u0131k\u00e7as\u0131 gurur. Bunu da s\u00f6ylemek istedim. \u00c7al\u0131\u015fmalar\u0131n\u0131zda ba\u015far\u0131lar diliyorum.\u201d<\/p>\n","protected":false},"excerpt":{"rendered":"<p>CHP y\u00f6neticilerinin yer ald\u0131\u011f\u0131 heyet, Ba\u015fkan Se\u00e7er\u2019i makam\u0131nda ziyaret etti. Ziyaret s\u0131ras\u0131nda Mersin\u2019de yap\u0131lan \u00e7al\u0131\u015fmalar\u0131n partinin belediyecilik anlay\u0131\u015f\u0131n\u0131 lay\u0131k\u0131yla ortaya koydu\u011funu kaydeden CHP Grup Ba\u015fkanvekili \u00d6zg\u00fcr \u00d6zel, \u201cT\u00fcm belediye ba\u015fkanlar\u0131m\u0131zla &hellip; <a href=\"https:\/\/akdenizolaygazetesi.com\/?p=9624\" class=\"more-link\">Devam\u0131n\u0131 Oku&#8230;<\/a><\/p>\n","protected":false},"author":2,"featured_media":9626,"comment_status":"open","ping_status":"open","sticky":false,"template":"","format":"standard","meta":[],"categories":[34,1,2,3,5,6],"tags":[],"_links":{"self":[{"href":"https:\/\/akdenizolaygazetesi.com\/index.php?rest_route=\/wp\/v2\/posts\/9624"}],"collection":[{"href":"https:\/\/akdenizolaygazetesi.com\/index.php?rest_route=\/wp\/v2\/posts"}],"about":[{"href":"https:\/\/akdenizolaygazetesi.com\/index.php?rest_route=\/wp\/v2\/types\/post"}],"author":[{"embeddable":true,"href":"https:\/\/akdenizolaygazetesi.com\/index.php?rest_route=\/wp\/v2\/users\/2"}],"replies":[{"embeddable":true,"href":"https:\/\/akdenizolaygazetesi.com\/index.php?rest_route=%2Fwp%2Fv2%2Fcomments&post=9624"}],"version-history":[{"count":2,"href":"https:\/\/akdenizolaygazetesi.com\/index.php?rest_route=\/wp\/v2\/posts\/9624\/revisions"}],"predecessor-version":[{"id":9627,"href":"https:\/\/akdenizolaygazetesi.com\/index.php?rest_route=\/wp\/v2\/posts\/9624\/revisions\/9627"}],"wp:featuredmedia":[{"embeddable":true,"href":"https:\/\/akdenizolaygazetesi.com\/index.php?rest_route=\/wp\/v2\/media\/9626"}],"wp:attachment":[{"href":"https:\/\/akdenizolaygazetesi.com\/index.php?rest_route=%2Fwp%2Fv2%2Fmedia&parent=9624"}],"wp:term":[{"taxonomy":"category","embeddable":true,"href":"https:\/\/akdenizolaygazetesi.com\/index.php?rest_route=%2Fwp%2Fv2%2Fcategories&post=9624"},{"taxonomy":"post_tag","embeddable":true,"href":"https:\/\/akdenizolaygazetesi.com\/index.php?rest_route=%2Fwp%2Fv2%2Ftags&post=9624"}],"curies":[{"name":"wp","href":"https:\/\/api.w.org\/{rel}","templated":true}]}}