{"id":9632,"date":"2020-12-16T10:23:57","date_gmt":"2020-12-16T07:23:57","guid":{"rendered":"http:\/\/akdenizolaygazetesi.com\/?p=9632"},"modified":"2020-12-16T10:25:14","modified_gmt":"2020-12-16T07:25:14","slug":"baskan-secer-gundeme-getirdi-cumhur-ittifaki-yine-reddetti","status":"publish","type":"post","link":"https:\/\/akdenizolaygazetesi.com\/?p=9632","title":{"rendered":"BA\u015eKAN SE\u00c7ER G\u00dcNDEME GET\u0130RD\u0130, CUMHUR \u0130TT\u0130FAKI Y\u0130NE REDDETT\u0130"},"content":{"rendered":"<p>Mersin B\u00fcy\u00fck\u015fehir Belediye Ba\u015fkan\u0131 Vahap Se\u00e7er\u2019in yeniden g\u00f6r\u00fc\u015f\u00fclmek \u00fczere ola\u011fan\u00fcst\u00fc toplanan Mersin B\u00fcy\u00fck\u015fehir Belediye Meclisi\u2019ne iade etti\u011fi \u00fc\u00e7 madde de Cumhur \u0130ttifak\u0131 \u00fcyeleri taraf\u0131ndan yine reddedildi. B\u00fcy\u00fck\u015fehir\u2019in yapaca\u011f\u0131 hizmetler i\u00e7in 250 milyon lira bor\u00e7lanmas\u0131na yine izin vermeyen Cumhur \u0130ttifak\u0131, hizmet al\u0131nmamas\u0131na ra\u011fmen B\u00fcy\u00fck\u015fehir Belediyesi\u2019nin y\u0131ll\u0131k 300 bin lira aidat \u00f6dedi\u011fi Mahalli \u0130dareler \u0130\u015fverenleri Sendikas\u0131\u2019ndan ayr\u0131lmas\u0131na da onay vermedi. Meclis\u2019te kad\u0131n ve \u00e7ocuklar\u0131n sorunlar\u0131n\u0131n \u00e7\u00f6z\u00fcm\u00fc i\u00e7in Mersin Barosu\u2019yla i\u015f birli\u011fi yap\u0131lmas\u0131na da yine izin \u00e7\u0131kmad\u0131.<\/p>\n<p>\u201c3 karar\u0131n reddinin yasalara ayk\u0131r\u0131 oldu\u011funu d\u00fc\u015f\u00fcn\u00fcyorum\u201d<\/p>\n<p>Ba\u015fkan Se\u00e7er, B\u00fcy\u00fck\u015fehir Belediyesi Kanunu\u2019ndan ve Belediye Meclisi \u00c7al\u0131\u015fma Y\u00f6netmeli\u011fi\u2019ndeki amir h\u00fck\u00fcmlerden ald\u0131\u011f\u0131 yetkiyle 3 maddeyi tekrar meclise iade etti\u011fini ifade ederek, Belediye Meclisi \u00c7al\u0131\u015fma Y\u00f6netmeli\u011fi\u2019nin Meclis Kararlar\u0131\u2019n\u0131n Kesinle\u015fmesi alt ba\u015fl\u0131kl\u0131 17. maddesini okudu. Se\u00e7er, konu\u015fmas\u0131n\u0131 \u015fu \u015fekilde s\u00fcrd\u00fcrd\u00fc:<\/p>\n<p>\u201cBu amir h\u00fck\u00fcmden yola \u00e7\u0131karak bug\u00fcn \u00fc\u00e7 maddeyi tekrar g\u00fcndemimize getirdim. Bu konuda elbette ki al\u0131nan kararlar\u0131n yasalara ayk\u0131r\u0131 oldu\u011fu, hukuka ayk\u0131r\u0131 oldu\u011fu gerek\u00e7esiyle bunu yap\u0131yoruz. Tabi ki hukuka ayk\u0131r\u0131l\u0131\u011f\u0131nda ortaya koyaca\u011f\u0131m\u0131z baz\u0131 emareler olacak, bunun ispat\u0131 olacak ya da neden oldu\u011funu sizlere anlatma zorunlulu\u011fumuz olacak. Ben a\u00e7\u0131k\u00e7as\u0131 bug\u00fcn g\u00fcndeme ald\u0131\u011f\u0131m\u0131z \u00fc\u00e7 karar\u0131n da;  hem Baro ile i\u015f birli\u011fi hem Mahalli \u0130dareler \u0130\u015fverenleri Sendikas\u0131 \u00fcyeli\u011finden ayr\u0131lma talebimiz hem de 2020 y\u0131l\u0131 mali y\u0131l\u0131 b\u00fct\u00e7emizde b\u00fct\u00e7e denkli\u011fimiz i\u00e7in 250 milyon liral\u0131k bor\u00e7lanma yetkisinin taraf\u0131ma verilmesi konusunun reddinin yasalara ayk\u0131r\u0131 oldu\u011funu d\u00fc\u015f\u00fcn\u00fcyorum. Bir siyasi de\u011ferlendirme sonucu Meclis \u00fcyelerinin verdi\u011fi bir karar oldu\u011funu d\u00fc\u015f\u00fcn\u00fcyorum. Kentin gelece\u011fi a\u00e7\u0131s\u0131ndan yanl\u0131\u015f bir karar oldu\u011funu, yat\u0131r\u0131mlar\u0131 engelleyece\u011fini, hizmeti aksataca\u011f\u0131n\u0131, belediyenin i\u015flerini s\u0131k\u0131nt\u0131ya sokaca\u011f\u0131n\u0131 d\u00fc\u015f\u00fcnerek hukuka ayk\u0131r\u0131 g\u00f6rd\u00fcm.\u201d<\/p>\n<p>Ba\u015fkan Se\u00e7er, Dan\u0131\u015ftay 8. Daire\u2019den daha \u00f6nce \u00e7\u0131kan bir karar\u0131 Meclis \u00fcyeleriyle payla\u015ft\u0131. Ba\u015fkan Se\u00e7er, Dan\u0131\u015ftay karar\u0131nda Meclis\u2019e sunulan konular\u0131n keyfi bir tutumla ve s\u0131rf Belediye Ba\u015fkan\u0131\u2019na muhalefet yapmak ve Meclis\u2019i \u00e7al\u0131\u015famaz hale getirmek amac\u0131yla reddedildi\u011fine ve Belediye Meclisi\u2019nin bu nedenle feshinin istendi\u011fine dikkat \u00e7ekerek, Dan\u0131\u015ftay\u2019\u0131n karar\u0131nda yer alan, \u201cBelediyeler yerel nitelikli kamu hizmetlerinin yerine getirilmesi ile y\u00fck\u00fcml\u00fc olan kurulu\u015flard\u0131r. Y\u00f6netim organlar\u0131 halk taraf\u0131ndan se\u00e7ilen bu kurulu\u015flar\u0131n yerel gereksinimleri gere\u011fi gibi kar\u015f\u0131layabilmeleri i\u00e7in gerekli olan ko\u015fullardan birisi de organlar\u0131n\u0131n birbirleriyle uyum i\u00e7inde \u00e7al\u0131\u015fmalar\u0131d\u0131r. Belediye organlar\u0131 farkl\u0131 siyasal g\u00f6r\u00fc\u015fleri ve gruplar\u0131 temsil eden ki\u015fi ya da ki\u015filerden olu\u015fabilirler ancak bu organlar\u0131 olu\u015fturan ki\u015fi ya da ki\u015filerin yasalarla \u00fcstlendikleri g\u00f6revlerini yerine getirirken belli grup siyasal g\u00f6r\u00fc\u015f ve hiziplerin de\u011fil t\u00fcm y\u00f6re halk\u0131n\u0131n temsilcisi olarak hizmet vermeleri, y\u00f6re halk\u0131n\u0131n \u00e7\u0131karlar\u0131 bak\u0131m\u0131ndan ve kamu hizmetinin etkili ve h\u0131zl\u0131 y\u00fcr\u00fctebilmesi i\u00e7in ortak tutum ve eylemlere y\u00f6nelmeleri, uzla\u015fma sa\u011flamalar\u0131 zorunludur\u201d ifadelerini okudu<\/p>\n<p>\u201cMeclis\u2019in hukuka ayk\u0131r\u0131 bir karar almas\u0131n\u0131 istemiyoruz\u201d<\/p>\n<p>Ba\u015fkan Se\u00e7er, amir h\u00fck\u00fcmler dolay\u0131s\u0131yla maddelerin yeniden g\u00f6r\u00fc\u015f\u00fclmesinde \u0131srarc\u0131 olaca\u011f\u0131n\u0131 ifade ederek, \u201cMeclis\u2019in bir hata yapmas\u0131n\u0131 arzu etmiyoruz. Meclis\u2019in hukuka ayk\u0131r\u0131 bir karar almas\u0131n\u0131 istemiyoruz. Meclisin tarafs\u0131zl\u0131\u011f\u0131na, ba\u011f\u0131ms\u0131zl\u0131\u011f\u0131na; Meclis \u00fcyelerimizin kendi h\u00fcr iradeleriyle karar verme noktas\u0131nda bir halel gelmesini, bir leke gelmesini arzu etmiyoruz. Bunun i\u00e7in \u0131srar ediyorum. Neticede ge\u00e7ti\u011fimiz toplant\u0131da da uzun uzun anlatt\u0131m, burada sunumlar yapt\u0131m, rakamlar verdim. \u0130l\u00e7e il\u00e7e, mahalle mahalle, cadde cadde, cins cins yat\u0131r\u0131mlardan bahsettim. Nereye ne yapaca\u011f\u0131m\u0131, hangi miktarda hep bunlar\u0131 anlatt\u0131m. Bu belediye y\u00f6netiminde \u015feffafl\u0131kt\u0131r, denetlenebilir olmakt\u0131r. Her zaman s\u00f6yl\u00fcyorum; bizi denetleyin ba\u015f\u0131m\u0131z g\u00f6z\u00fcm\u00fcz \u00fczerine. Bize do\u011fruyu yapt\u0131r\u0131rs\u0131n\u0131z. G\u00f6z\u00fcn\u00fcz bizim \u00fczerimizde olsun, biz de \u015feffaf olal\u0131m ama yapaca\u011f\u0131m\u0131z hizmetlerin,  yat\u0131r\u0131mlar\u0131n engellenmesi bu belediye meclislerinde istenen bir durum de\u011fildir\u201d ifadelerine yer verdi.<\/p>\n<p>Baro ile i\u015fbirli\u011fi maddesine Cumhur \u0130ttifak\u0131 yine ret dedi<\/p>\n<p>Mersin B\u00fcy\u00fck\u015fehir Belediyesi ve Mersin Barosu taraf\u0131ndan kad\u0131n ve \u00e7ocuk sorunlar\u0131n\u0131n \u00e7\u00f6z\u00fcm\u00fc i\u00e7in yap\u0131lacak ortak \u00e7al\u0131\u015fmalara ili\u015fkin i\u015fbirli\u011fi, Meclis\u2019te Cumhur \u0130ttifak\u0131 taraf\u0131ndan engellendi. Mersin Baro Ba\u015fkanl\u0131\u011f\u0131 ile protokol imzalamak \u00fczere Mersin B\u00fcy\u00fck\u015fehir Belediyesi ad\u0131na imza yetkisinin Ba\u015fkan Se\u00e7er\u2019e verilmesi ile ilgili konu Meclis\u2019te Cumhur \u0130ttifak\u0131 taraf\u0131ndan yine reddedildi.<\/p>\n<p>\u201cO g\u00fcnden bug\u00fcne ne de\u011fi\u015fti?\u201d<\/p>\n<p>Ge\u00e7en d\u00f6nemde 12 Ekim 2015\u2019te Baro ile i\u015fbirli\u011fi yap\u0131ld\u0131\u011f\u0131n\u0131 an\u0131msatan Se\u00e7er, \u015f\u00f6yle devam etti:<\/p>\n<p>\u201c\u015eu anda 79 ki\u015filik, ben dahil Meclisimiz\u2019de bulunan 11 arkada\u015f\u0131m da o zaman g\u00f6rev yap\u0131yordu. Yine ayn\u0131 bu i\u00e7erikte bir s\u00f6zle\u015fme. Daha \u00f6nceki ba\u015fkan d\u00f6neminde Meclis\u2019e getirilmi\u015f. Konu kad\u0131n, konu \u00e7ocuk. Bug\u00fcn burada g\u00f6rev yapan Cumhur \u0130ttifak\u0131 \u00fcyesi, partilere mensup; Say\u0131n \u0130smail Tepeba\u011fl\u0131, Say\u0131n Mustafa \u00c7etinkaya, Say\u0131n M\u00fckerrem Tollu, Say\u0131n Volkan \u015eeker, Say\u0131n Mehmet Topkara, Say\u0131n Osman Yasin, Say\u0131n Ferat Aktan, Say\u0131n \u0130smail Yerlikaya. Cumhuriyet Halk Partisi grubundan yine; Say\u0131n Ne\u015fet Tarhan, Tuncay G\u00f6k\u00e7el ve ba\u011f\u0131ms\u0131z meclis \u00fcyesi arkada\u015f\u0131m\u0131z Y\u00fcksel \u00c7elik g\u00f6rev yap\u0131yordu.  Bu Meclis Baro ile protokol yapma yetkisini bir \u00f6nceki d\u00f6nemin belediye ba\u015fkan\u0131na verdi. O g\u00fcnden bug\u00fcne ne de\u011fi\u015fti? Ne de\u011fi\u015fti? Belediye Ba\u015fkan\u0131 de\u011fi\u015fti. O d\u00f6nemde Baro Ba\u015fkanl\u0131\u011f\u0131 yapan arkada\u015f\u0131m\u0131z Say\u0131n Alpay Antmen, \u015fu anda Cumhuriyet Halk Partisi Milletvekili. Bak\u0131n, de\u011fi\u015fen elbette Belediye Ba\u015fkan\u0131 ama baz\u0131 anlay\u0131\u015flar da maalesef olumsuz y\u00f6nde de\u011fi\u015fmeye ba\u015flam\u0131\u015f. Milliyet\u00e7i Hareket Partili bir belediye ba\u015fkan\u0131, bug\u00fcn Cumhuriyet Halk Partisi milletvekili olan bir baro ba\u015fkan\u0131, b\u00f6yle bir protokol\u00fc yapabiliyor. Ama bug\u00fcn Cumhuriyet Halk Partili bir belediye ba\u015fkan\u0131, yeni bir se\u00e7ilmi\u015f baro ba\u015fkan\u0131 ile Meclis ayn\u0131 Meclis, yani B\u00fcy\u00fck\u015fehir Meclisi. 11 eski \u00fcye \u015fu anda g\u00f6rev yap\u0131yor ve reddediliyor. Nedir? Yani, burada de\u011fi\u015fen nedir? Tabi ki anlay\u0131\u015f\u0131n de\u011fi\u015fti\u011fini d\u00fc\u015f\u00fcn\u00fcyorum. Bize kar\u015f\u0131 anlay\u0131\u015f\u0131n, T\u00fcrkiye&#8217;deki siyasal bak\u0131\u015f a\u00e7\u0131s\u0131, Baro\u2019ya bak\u0131\u015f, bir \u015feyler de\u011fi\u015fmi\u015f. Ke\u015fke olumlu y\u00f6nde de\u011fi\u015fseydi. Meclis, belediyeler, merkezi y\u00f6netim, kurumlar, meslek odalar\u0131, sendikalar, sivil topluma ait b\u00fct\u00fcn unsurlar, siyasal partiler, se\u00e7ilmi\u015fler, atanm\u0131\u015flar. Bir i\u015fbirli\u011fi i\u00e7erisinde T\u00fcrkiye\u2019nin sorunlar\u0131n\u0131 \u00e7\u00f6zmeye gayret edebilseydi. Ben bunu arzu ederdim. \u00d6yk\u00fcnd\u00fc\u011f\u00fcm\u00fcz geli\u015fmi\u015f toplumlar b\u00f6yle. \u0130n\u015fallah bu sanc\u0131l\u0131 s\u00fcre\u00e7 de T\u00fcrkiye&#8217;de mutlaka bitecektir. Demokrasilerin olgunla\u015fmas\u0131 zaman al\u0131yor. Do\u011fum sanc\u0131s\u0131z olmaz. Bunlar\u0131 ya\u015fayaca\u011f\u0131z ama do\u011fru yolu eninde sonunda bulacak bu toplum, siyaset, siyaset\u00e7iler, anlay\u0131\u015f diye d\u00fc\u015f\u00fcn\u00fcyorum.\u201d<\/p>\n<p>Toroslar Belediye Ba\u015fkan\u0131 ve MHP Toroslar Meclis \u00dcyesi Ats\u0131z Af\u015fin Y\u0131lmaz, Baro\u2019yla i\u015fbirli\u011fine neden kar\u015f\u0131 \u00e7\u0131kt\u0131klar\u0131n\u0131, \u201cBurada mesele, hakim kanaat, Baro Ba\u015fkan\u0131\u2019n\u0131n marjinal ve Baro\u2019yu siyasalla\u015ft\u0131ran bir tutum i\u00e7erisinde oldu\u011fu. Bunun i\u00e7in ara\u015ft\u0131rma yapmaya gerek yok. Sosyal medya payla\u015f\u0131mlar\u0131ndaki vurgular\u0131nda, savunmalar\u0131nda ortaya \u00e7\u0131kar. Cumhur \u0130ttifak\u0131 bu konuya bu nedenle so\u011fuk\u201d  s\u00f6zleriyle anlatt\u0131.<\/p>\n<p>\u201cMeclis\u2019e getirdi\u011fimiz konularda, ki\u015filer de\u011fil, kurumlar bizim i\u00e7in referanst\u0131r\u201d<\/p>\n<p>Ba\u015fkan Se\u00e7er, Toroslar Belediye Ba\u015fkan\u0131 Ats\u0131z Af\u015fin Y\u0131lmaz\u2019\u0131n s\u00f6zleri \u00fczerine, Baro Ba\u015fkan\u0131\u2019na cevap hakk\u0131 do\u011fdu\u011funu belirterek, \u201cBizim Meclis\u2019e getirdi\u011fimiz konularda, ki\u015filer de\u011fil, kurumlar bizim i\u00e7in referanst\u0131r. Yani o Baro\u2019daki Ba\u015fkan\u2019\u0131n kim oldu\u011fu de\u011fil, Baro bizim i\u00e7in esast\u0131r, referanst\u0131r. Say\u0131n Ba\u015fkan\u2019\u0131n g\u00f6r\u00fc\u015f\u00fc \u2018Baro Ba\u015fkan\u0131 marjinal siyaset yap\u0131yor. Kendi ad\u0131na ret verme gerek\u00e7esini buna ba\u011fl\u0131yor ama ben tekrar bunun alt\u0131n\u0131 \u00e7izeyim. Bir; kad\u0131n\u0131 ve \u00e7ocu\u011fu asla siyasete alet etmeyiz, edemeyiz. Ama siyaset olmadan hi\u00e7bir sorun \u00e7\u00f6z\u00fclmez. B\u00fct\u00fcn sorun alanlar\u0131n\u0131n \u00e7\u00f6z\u00fclme mercii siyasettir, buralard\u0131r, bu platformlard\u0131r. Burada her konu\u015ftu\u011fumuz konu siyasete alet ediliyor diye de\u011ferlendirilirse, burada siyasi anlamda daha iyi, daha somut, daha yo\u011fun bir de\u011ferlendirme yapman\u0131z laz\u0131m.  Siyasetin ta kendisi o. Benim burada olma nedenim bu. Sizin orada olma nedeniniz bu. Bu sorunlar\u0131 \u00e7\u00f6zmek. \u00c7ift\u00e7i konusunu konu\u015fuyoruz, \u00e7ift\u00e7ileri alet ettik. Kad\u0131n\u0131 konu\u015fuyoruz, adet ettik. Memurlar\u0131 konu\u015fuyoruz, alet ettik. Fakir fukaray\u0131 konu\u015fuyoruz, istismar ettik. De\u011fil. Samimi olarak, daha \u00f6nce devam eden, daha \u00f6nce yap\u0131lm\u0131\u015f ve devam eden bir protokol\u00fc yeniden hayata ge\u00e7irmek i\u00e7in \u015eubat ay\u0131ndan bu yana size rica ediyoruz\u201d diye konu\u015ftu.<\/p>\n<p>Ats\u0131z Af\u015fin\u2019\u0131n konu\u015fmas\u0131 \u00fczerine tekrar s\u00f6z alan Dinsever, \u201c3  bin 600 hukuk\u00e7u mensubu olan bir Baro\u2019nun, se\u00e7ilmi\u015f ba\u015fkan\u0131na, kendisinin olmad\u0131\u011f\u0131 bir toplant\u0131da, \u2018marjinal\u2019 \u015feklinde nitelendirmede bulunmak, do\u011frusu ayn\u0131 Baro\u2019nun mensubu bir arkada\u015f\u0131m\u0131z taraf\u0131ndan yap\u0131lm\u0131\u015f olmas\u0131 beni k\u0131rd\u0131, \u00fczd\u00fc. Do\u011fru de\u011fil. Hukuk camias\u0131n\u0131n i\u00e7erisinde olan bir arkada\u015f\u0131m\u0131za yak\u0131\u015ft\u0131ramad\u0131m ger\u00e7ekten. Dil s\u00fcr\u00e7mesi sayal\u0131m\u201d diye yan\u0131t verdi.<\/p>\n<p>Meclis \u00fcyelerinin konu hakk\u0131nda s\u00f6z almalar\u0131n\u0131n ard\u0131ndan oylamaya ge\u00e7ildi. Tekrar g\u00fcndeme getirilen karar hakk\u0131nda Ba\u015fkan Se\u00e7er \u0131srar karar\u0131 arad\u0131. Cumhur \u0130ttifak\u0131\u2019na mensup toplam 43 \u00fcye ret oylar\u0131 karar\u0131nda \u0131srar etti.<\/p>\n<p>M\u0130S \u00fcyeli\u011finden ayr\u0131lma karar\u0131 da yeniden reddedildi<\/p>\n<p>\u00d6nceki birle\u015fimde Cumhur \u0130ttifak\u0131 oylar\u0131 ile reddedilen Mahalli \u0130dareler \u0130\u015fverenleri Sendikas\u0131 \u00fcyeli\u011finden ayr\u0131lma teklifi Ola\u011fan\u00fcst\u00fc Meclis Toplant\u0131s\u0131\u2019nda da yeniden reddedildi. Ba\u015fkan Se\u00e7er, konuya ili\u015fkin Meclis \u00fcyelerine bir kez daha a\u00e7\u0131klama yaparak, bu sendikadan g\u00f6rev s\u00fcresince hi\u00e7bir destek almad\u0131klar\u0131n\u0131 ve y\u0131ll\u0131k 300 bin lira aidat \u00f6dediklerini anlatarak, \u201cBiliyorsunuz Mahalli \u0130dareler Sendikas\u0131, 12.04.2014 tarihinde Mersin B\u00fcy\u00fck\u015fehir Belediyesi 130 say\u0131l\u0131 Meclis karar\u0131yla \u00fcye oldu\u011fumuz bir sendika. Y\u0131l i\u00e7in yakla\u015f\u0131k olarak 300 bin TL\u2019lik bir aidat\u0131 s\u00f6z konusu. G\u00f6reve geldi\u011fimiz g\u00fcnden bu yana hizmet alm\u0131yoruz. Bug\u00fcne kadar da 1 milyon 200 bin TL tahakkuk eden sendika \u00fcye aidat miktar\u0131 var. \u015eu anda da 2020 y\u0131l\u0131 ikinci taksiti olan 124 bin 500 TL hari\u00e7, 2018 y\u0131l\u0131ndan, 2019 y\u0131l\u0131ndan ve 2020 y\u0131l\u0131n\u0131n ilk taksiti olan tutarlar toplam\u0131 579 bin TL de birikmi\u015f borcumuz var\u201d dedi.<\/p>\n<p>\u201c\u2018Hizmet almasan da y\u0131lda 300 bin TL paray\u0131 \u00f6de\u2019 diyorsunuz\u201d<\/p>\n<p>Daha \u00f6nce de M\u0130S\u2019ten ayr\u0131lmak istediklerini an\u0131msatan Se\u00e7er, \u201cBir siyasi partinin hakimiyeti alt\u0131nda olan bir sendikaya belediyem \u00fcye olmak istemiyor. S\u00f6yledi\u011fim gibi tamamen y\u00f6netim kurulu \u00fcyelerinin ve di\u011fer organlar\u0131n\u0131n Milliyet\u00e7i Hareket Partili belediye ba\u015fkanlar\u0131ndan veya Milliyet\u00e7i Hareket Partililerin b\u00fcrokratlar\u0131ndan olu\u015fan bir sendika. Bu dayatmay\u0131 do\u011fru bulmuyorum. Haks\u0131z buluyorum. Adaletsiz buluyorum. Siyasi eti\u011fe ayk\u0131r\u0131 buluyorum. Daha \u00f6nceki belediye ba\u015fkan\u0131 \u00f6yle bir karar alm\u0131\u015f. Neden? Kendi d\u00fcnya g\u00f6r\u00fc\u015f\u00fcne yak\u0131n bir sendika. Milliyet\u00e7i Hareket Partili bir belediye ba\u015fkan\u0131 kabul edebilir. Meclis \u00e7o\u011funlu\u011fu da var, bunu yapabilir. \u00dczerinden 5 y\u0131l ge\u00e7mi\u015f, y\u00f6netim de\u011fi\u015fmi\u015f, ba\u015fka bir siyasi partiye mensup bir belediye ba\u015fkan\u0131 gelmi\u015f ama Meclis \u00e7o\u011funlu\u011fu belediye ba\u015fkan\u0131n\u0131n mensubu oldu\u011fu partiye ve ona destek partilere galebe \u00e7alm\u0131\u015f. Ama \u0131srarla siz belediye ba\u015fkan\u0131na; \u2018hay\u0131r hizmet almasan da y\u0131lda 300 bin TL paray\u0131 \u00f6de\u2019 diyorsunuz. Bu yasalara ayk\u0131r\u0131\u201d diye konu\u015ftu.<\/p>\n","protected":false},"excerpt":{"rendered":"<p>Mersin B\u00fcy\u00fck\u015fehir Belediye Ba\u015fkan\u0131 Vahap Se\u00e7er\u2019in yeniden g\u00f6r\u00fc\u015f\u00fclmek \u00fczere ola\u011fan\u00fcst\u00fc toplanan Mersin B\u00fcy\u00fck\u015fehir Belediye Meclisi\u2019ne iade etti\u011fi \u00fc\u00e7 madde de Cumhur \u0130ttifak\u0131 \u00fcyeleri taraf\u0131ndan yine reddedildi. B\u00fcy\u00fck\u015fehir\u2019in yapaca\u011f\u0131 hizmetler i\u00e7in &hellip; <a href=\"https:\/\/akdenizolaygazetesi.com\/?p=9632\" class=\"more-link\">Devam\u0131n\u0131 Oku&#8230;<\/a><\/p>\n","protected":false},"author":2,"featured_media":9634,"comment_status":"open","ping_status":"open","sticky":false,"template":"","format":"standard","meta":[],"categories":[7,8,34,1,2,3,5,6],"tags":[],"_links":{"self":[{"href":"https:\/\/akdenizolaygazetesi.com\/index.php?rest_route=\/wp\/v2\/posts\/9632"}],"collection":[{"href":"https:\/\/akdenizolaygazetesi.com\/index.php?rest_route=\/wp\/v2\/posts"}],"about":[{"href":"https:\/\/akdenizolaygazetesi.com\/index.php?rest_route=\/wp\/v2\/types\/post"}],"author":[{"embeddable":true,"href":"https:\/\/akdenizolaygazetesi.com\/index.php?rest_route=\/wp\/v2\/users\/2"}],"replies":[{"embeddable":true,"href":"https:\/\/akdenizolaygazetesi.com\/index.php?rest_route=%2Fwp%2Fv2%2Fcomments&post=9632"}],"version-history":[{"count":1,"href":"https:\/\/akdenizolaygazetesi.com\/index.php?rest_route=\/wp\/v2\/posts\/9632\/revisions"}],"predecessor-version":[{"id":9633,"href":"https:\/\/akdenizolaygazetesi.com\/index.php?rest_route=\/wp\/v2\/posts\/9632\/revisions\/9633"}],"wp:featuredmedia":[{"embeddable":true,"href":"https:\/\/akdenizolaygazetesi.com\/index.php?rest_route=\/wp\/v2\/media\/9634"}],"wp:attachment":[{"href":"https:\/\/akdenizolaygazetesi.com\/index.php?rest_route=%2Fwp%2Fv2%2Fmedia&parent=9632"}],"wp:term":[{"taxonomy":"category","embeddable":true,"href":"https:\/\/akdenizolaygazetesi.com\/index.php?rest_route=%2Fwp%2Fv2%2Fcategories&post=9632"},{"taxonomy":"post_tag","embeddable":true,"href":"https:\/\/akdenizolaygazetesi.com\/index.php?rest_route=%2Fwp%2Fv2%2Ftags&post=9632"}],"curies":[{"name":"wp","href":"https:\/\/api.w.org\/{rel}","templated":true}]}}