{"id":9635,"date":"2020-12-16T10:26:24","date_gmt":"2020-12-16T07:26:24","guid":{"rendered":"http:\/\/akdenizolaygazetesi.com\/?p=9635"},"modified":"2020-12-16T10:27:05","modified_gmt":"2020-12-16T07:27:05","slug":"borclanma-verseniz-de-vermeseniz-de-vatandaslarimiza-verdigimiz-hizmet-sozunu-yerine-getirecegim","status":"publish","type":"post","link":"https:\/\/akdenizolaygazetesi.com\/?p=9635","title":{"rendered":"\u201cBOR\u00c7LANMA VERSEN\u0130Z DE VERMESEN\u0130Z DE VATANDA\u015eLARIMIZA VERD\u0130\u011e\u0130M\u0130Z H\u0130ZMET S\u00d6Z\u00dcN\u00dc YER\u0130NE GET\u0130RECE\u011e\u0130M\u201d"},"content":{"rendered":"<p>Mersin B\u00fcy\u00fck\u015fehir Belediye Meclisi 2. Ola\u011fan\u00fcst\u00fc Toplant\u0131s\u0131, Kongre ve Sergi Saray\u0131\u2019nda ger\u00e7ekle\u015ftirildi. Ba\u015fkan Vahap Se\u00e7er\u2019in ba\u015fkanl\u0131\u011f\u0131nda ger\u00e7ekle\u015ftirilen toplant\u0131da, daha \u00f6ncesinde Cumhur \u0130ttifak\u0131\u2019n\u0131n oylar\u0131yla reddedilen 3 madde g\u00fcndeme ta\u015f\u0131nd\u0131. 250 milyon liral\u0131k bor\u00e7lanma talebi Cumhur \u0130ttifak\u0131 \u00fcyelerinin oylar\u0131 ile bir kez daha reddedildi. Bor\u00e7lanma talebini de\u011ferlendiren Ba\u015fkan Se\u00e7er, \u201cBor\u00e7lanma vermi\u015f olsan\u0131z da vermi\u015f olmasan\u0131z da ben vatanda\u015flar\u0131m\u0131za verdi\u011fimiz s\u00f6z\u00fc yerine getirece\u011fim. Bir \u015fekilde ya bir yol bulaca\u011f\u0131z ya bir yol yapaca\u011f\u0131z\u201d dedi.<\/p>\n<p>\u201cBu bir kamu zarar\u0131d\u0131r\u201d<\/p>\n<p>May\u0131s ve Temmuz ay\u0131nda bor\u00e7lanma konusunun Meclis\u2019te g\u00fcndeme geldi\u011fini, son olarak da 11 Aral\u0131k\u2019taki oturumda bor\u00e7lanma yetkisi talebinde bulundu\u011funu an\u0131msatan Se\u00e7er, bu talebin yine reddedildi\u011fini s\u00f6yledi. Se\u00e7er, \u201cAral\u0131k ay\u0131na geldik. Y\u0131l bitiyor ki May\u0131s ay\u0131nda ben bu talebi ilk getirdi\u011fimde 12 ay vadeli kredilerde faiz oran\u0131 10.52\u2019ydi. Temmuz\u2019da iade etti\u011fimde 11.52\u2019ye \u00e7\u0131kt\u0131. Aral\u0131k ay\u0131nda bug\u00fcn 19 ile 21 aras\u0131nda y\u0131ll\u0131k faiz oran\u0131 var. Bu bir kay\u0131pt\u0131r. Bu bir kamu zarar\u0131d\u0131r bir anlamda kullanacak oldu\u011fum zaman\u201d diye konu\u015ftu.<\/p>\n<p>\u201cElimizde bizim can simidimiz yok\u201d<\/p>\n<p>Y\u0131l i\u00e7erisinde bor\u00e7lanma yetkisi alamad\u0131klar\u0131 i\u00e7in bir\u00e7ok ihaleyi ve i\u015fi geciktirmek zorunda kald\u0131klar\u0131n\u0131 belirten Se\u00e7er, \u201cElimizde bizim can simidimiz yok. Can simidimiz nedir? \u0130tibar\u0131m\u0131z neden olur? Verdi\u011fimiz s\u00f6z\u00fc tutar\u0131z. G\u00fcn\u00fcnde \u00f6dememizi yapar\u0131z\u201d ifadelerini kulland\u0131. T\u00fcm olumsuzluklara ra\u011fmen belediyenin piyasaya g\u00fcven verdi\u011fini vurgulayan Se\u00e7er, \u201cBir ihaleye neden 30-40 firma giriyor. Bir ciddiyet gelmi\u015f. \u0130sraf\u0131n olmayaca\u011f\u0131n\u0131, yanl\u0131\u015fl\u0131\u011f\u0131n en asgari d\u00fczeyde kalabilece\u011fini herkes biliyor. Hepimiz kuluz, maddi yanl\u0131\u015fl\u0131klar yap\u0131labilir. Ama bir istismar\u0131n, suistimalin olmayaca\u011f\u0131n\u0131 herkes biliyor\u201d dedi.<\/p>\n<p>\u201cBen vatanda\u015flar\u0131m\u0131za verdi\u011fimiz s\u00f6z\u00fc yerine getirece\u011fim\u201d<\/p>\n<p>Se\u00e7er, bor\u00e7lanma yetkisi verilmemesi durumunda da hizmet yapma gayretlerini s\u00fcrd\u00fcreceklerini belirterek, \u201cBor\u00e7lanma vermi\u015f olsan\u0131z da vermi\u015f olmasan\u0131z da ben vatanda\u015flar\u0131m\u0131za verdi\u011fimiz s\u00f6z\u00fc yerine getirece\u011fim. Nerede ne yat\u0131r\u0131m yapaca\u011f\u0131m\u0131z\u0131 2021 y\u0131l\u0131 yat\u0131r\u0131m program\u0131na ald\u0131k. Hepsini harfiyen yapaca\u011f\u0131z. Bir \u015fekilde ya bir yol bulaca\u011f\u0131z ya bir yol yapaca\u011f\u0131z. Ondan kimsenin ku\u015fkusu olmas\u0131n\u201d ifadelerine yer verdi.<\/p>\n<p>\u201cBu para esnafa da gidecek\u201d<\/p>\n<p>Ba\u015fkan Se\u00e7er, bor\u00e7lanma yetkisi alman\u0131n do\u011frudan esnaf\u0131 da ilgilendirdi\u011fini ifade ederek, \u201cBu para al\u0131nacak, bu para bizim mal ve hizmet al\u0131mlar\u0131ndaki bor\u00e7lar\u0131m\u0131z\u0131n \u00f6demesine gidecek\u201d diye belirtti. Se\u00e7er, a\u00e7\u0131klamas\u0131n\u0131n devam\u0131nda \u015fu ifadeleri kulland\u0131:<\/p>\n<p>\u201c175 milyon lira uzaya gitmeyecek. Bir ba\u015fka \u00fclkeye gitmeyecek, bir ba\u015fka \u015fehre gitmeyecek, Mersin\u2019de kalacak. Zaten insanlar kan a\u011fl\u0131yor. Pandemide d\u00fckkanlar kapal\u0131. Benden 1 ay paras\u0131n\u0131 erken al\u0131rsa kredisini 1 ay erken kapat\u0131r. 1 ay eksik faiz \u00f6der. \u00c7\u00fcnk\u00fc ben ge\u00e7 \u00f6d\u00fcyorum. Faizi esnafa \u00f6detiyorum. Bu yanl\u0131\u015f, bu hak benim. Bu hakk\u0131 gasp edemezsiniz, alamazs\u0131n\u0131z elimden. Bu yanl\u0131\u015ft\u0131r, ben bunu anlatmaya \u00e7al\u0131\u015f\u0131yorum. Piyasaya para s\u00fcrece\u011fiz y\u0131lba\u015f\u0131ndan \u00f6nce. Zaten insanlar peri\u015fan. Devre faizlerini \u00f6deyemeyecek esnaf. Arkada\u015flar Allah a\u015fk\u0131na biz soka\u011f\u0131 bilen insanlar\u0131z. Niye b\u00f6yle davran\u0131yorsunuz?.\u201d<\/p>\n<p>\u201cE\u015fit i\u015fe e\u015fit \u00fccret getirdik\u201d<\/p>\n<p>B\u00fcy\u00fck\u015fehir Belediyesi\u2019ndeki i\u015ften \u00e7\u0131karma iddialar\u0131yla ilgili bir a\u00e7\u0131klama yapan Se\u00e7er, i\u015ften \u00e7\u0131karmalar\u0131 konusunun tekrardan neden a\u00e7\u0131ld\u0131\u011f\u0131na anlam veremedi\u011fini s\u00f6yledi. Se\u00e7er, \u201c\u00c7ok gereksiz say\u0131da liyakat\u0131 olmayan, \u00e7al\u0131\u015ft\u0131\u011f\u0131 alanda bilgi birikimi olmayan, bir katk\u0131 sa\u011flamayan, binlerce insan bu belediyeye siyasi g\u00f6r\u00fc\u015f\u00fcnden dolay\u0131 al\u0131nm\u0131\u015ft\u0131r. \u015eimdi bu tart\u0131\u015fmay\u0131 a\u00e7mak istiyorsan\u0131z, a\u00e7ar\u0131z. Bir\u00e7ok Milliyet\u00e7i Hareket Partisi\u2019ne mensup siyaset\u00e7ilerin bu belediyede \u00e7ok y\u00fcksek maa\u015flarla \u00e7al\u0131\u015ft\u0131\u011f\u0131n\u0131 biliyoruz. \u0130stiyorsan\u0131z, bir tart\u0131\u015fma a\u00e7acaksan\u0131z onlar\u0131 da a\u00e7al\u0131m ama bir tart\u0131\u015fma a\u00e7mak istemiyoruz. Onun i\u00e7in e\u015fit i\u015fe e\u015fit \u00fccret getirdik\u201d dedi.<\/p>\n<p>\u201cGereksiz tart\u0131\u015fmalarla kentin gerilmesini istemiyoruz\u201d<\/p>\n<p>\u0130\u015fine son verilen ki\u015filerin durumlar\u0131 hakk\u0131nda da a\u00e7\u0131klamada bulunan Ba\u015fkan Se\u00e7er, \u201cBug\u00fcne kadar farkl\u0131 gerek\u00e7elerle tabii ki disiplin i\u00e7eren farkl\u0131 referanslarla i\u015fine son verilenlerin \u00e7o\u011funlu\u011fu belediyeye gelmeden ya da gelse bile bize bir katk\u0131 sunmadan, i\u015f yapmadan, ahbap-\u00e7avu\u015f ili\u015fkileriyle bir \u015fekilde kafas\u0131n\u0131 buraya sokmu\u015f gelip maa\u015f alanlar\u201d dedi. Se\u00e7er, hi\u00e7 kimsenin yapt\u0131\u011f\u0131n\u0131n yan\u0131na kar kalmayaca\u011f\u0131n\u0131 belirterek, \u201cBir tart\u0131\u015fmaya meydan vermemek ad\u0131na bug\u00fcnk\u00fc birle\u015fimde bu konulara girmek istemiyorum. Ben de kamuoyunun nabz\u0131n\u0131 elbette ki tutuyorum. Ben kentin belediye ba\u015fkan\u0131y\u0131m. Gereksiz, anlams\u0131z, zamans\u0131z konu\u015fmalarla kentin gerilmesini istemiyorsak, az \u00f6nce Say\u0131n Tollu a\u00e7t\u0131 bu konuyu ama yeri gelir onu da konu\u015fal\u0131m. Bir soru\u015fturma da a\u00e7t\u0131k, yarg\u0131ya da intikal etmi\u015f konular var. Bu konuda ceza alm\u0131\u015f b\u00fcrokratlar da var ama s\u00fcre\u00e7 devam ediyor\u201d diye konu\u015ftu.<\/p>\n","protected":false},"excerpt":{"rendered":"<p>Mersin B\u00fcy\u00fck\u015fehir Belediye Meclisi 2. Ola\u011fan\u00fcst\u00fc Toplant\u0131s\u0131, Kongre ve Sergi Saray\u0131\u2019nda ger\u00e7ekle\u015ftirildi. Ba\u015fkan Vahap Se\u00e7er\u2019in ba\u015fkanl\u0131\u011f\u0131nda ger\u00e7ekle\u015ftirilen toplant\u0131da, daha \u00f6ncesinde Cumhur \u0130ttifak\u0131\u2019n\u0131n oylar\u0131yla reddedilen 3 madde g\u00fcndeme ta\u015f\u0131nd\u0131. 250 milyon &hellip; <a href=\"https:\/\/akdenizolaygazetesi.com\/?p=9635\" class=\"more-link\">Devam\u0131n\u0131 Oku&#8230;<\/a><\/p>\n","protected":false},"author":2,"featured_media":9637,"comment_status":"open","ping_status":"open","sticky":false,"template":"","format":"standard","meta":[],"categories":[8,34,1,2,5,6],"tags":[],"_links":{"self":[{"href":"https:\/\/akdenizolaygazetesi.com\/index.php?rest_route=\/wp\/v2\/posts\/9635"}],"collection":[{"href":"https:\/\/akdenizolaygazetesi.com\/index.php?rest_route=\/wp\/v2\/posts"}],"about":[{"href":"https:\/\/akdenizolaygazetesi.com\/index.php?rest_route=\/wp\/v2\/types\/post"}],"author":[{"embeddable":true,"href":"https:\/\/akdenizolaygazetesi.com\/index.php?rest_route=\/wp\/v2\/users\/2"}],"replies":[{"embeddable":true,"href":"https:\/\/akdenizolaygazetesi.com\/index.php?rest_route=%2Fwp%2Fv2%2Fcomments&post=9635"}],"version-history":[{"count":2,"href":"https:\/\/akdenizolaygazetesi.com\/index.php?rest_route=\/wp\/v2\/posts\/9635\/revisions"}],"predecessor-version":[{"id":9638,"href":"https:\/\/akdenizolaygazetesi.com\/index.php?rest_route=\/wp\/v2\/posts\/9635\/revisions\/9638"}],"wp:featuredmedia":[{"embeddable":true,"href":"https:\/\/akdenizolaygazetesi.com\/index.php?rest_route=\/wp\/v2\/media\/9637"}],"wp:attachment":[{"href":"https:\/\/akdenizolaygazetesi.com\/index.php?rest_route=%2Fwp%2Fv2%2Fmedia&parent=9635"}],"wp:term":[{"taxonomy":"category","embeddable":true,"href":"https:\/\/akdenizolaygazetesi.com\/index.php?rest_route=%2Fwp%2Fv2%2Fcategories&post=9635"},{"taxonomy":"post_tag","embeddable":true,"href":"https:\/\/akdenizolaygazetesi.com\/index.php?rest_route=%2Fwp%2Fv2%2Ftags&post=9635"}],"curies":[{"name":"wp","href":"https:\/\/api.w.org\/{rel}","templated":true}]}}