{"id":9639,"date":"2020-12-16T10:29:02","date_gmt":"2020-12-16T07:29:02","guid":{"rendered":"http:\/\/akdenizolaygazetesi.com\/?p=9639"},"modified":"2020-12-16T10:30:11","modified_gmt":"2020-12-16T07:30:11","slug":"koronavirusu-atlatan-dovenci-lutfen-bu-isi-ciddiye-alalim","status":"publish","type":"post","link":"https:\/\/akdenizolaygazetesi.com\/?p=9639","title":{"rendered":"Koronavir\u00fcs\u00fc atlatan D\u00f6venci; \u201cL\u00fctfen bu i\u015fi ciddiye alal\u0131m\u201d"},"content":{"rendered":"<p>Akdeniz il\u00e7esinin altyap\u0131s\u0131ndaki eksiklikler nedeniyle, d\u00fcn ak\u015fam oldu\u011fu gibi, a\u015f\u0131r\u0131 ya\u011f\u0131\u015flarda mahalleler\u0130 ve evleri su bast\u0131\u011f\u0131na dikkat \u00e7eken Ba\u015fkan G\u00fcltak, Mersin B\u00fcy\u00fck\u015fehir Belediyesi\u2019ne yapt\u0131\u011f\u0131 \u00e7a\u011fr\u0131da, Akdeniz\u2019in mahallelerinin altyap\u0131 eksikliklerinin tamamlanmas\u0131 noktas\u0131nda \u2018pozitif ayr\u0131mc\u0131l\u0131k\u2019 yap\u0131lmas\u0131n\u0131 istedi.<br \/>\nAkdeniz Belediye Meclisi, Aral\u0131k ay\u0131 ola\u011fan\u00fcst\u00fc toplant\u0131s\u0131n\u0131, M. Mustafa G\u00fcltak Ba\u015fkanl\u0131\u011f\u0131nda gerekle\u015ftirdi. Yoklama ve \u0130stiklal Mar\u015f\u0131 ile ba\u015flayan toplant\u0131da, kentte d\u00fcn etkili olan sa\u011fanak ya\u011f\u0131\u015flar sonucu olu\u015fan su bask\u0131nlar\u0131 nedeniyle, Akdeniz il\u00e7e s\u0131n\u0131rlar\u0131nda ya\u015fayan vatanda\u015flar\u0131n ya\u015fad\u0131\u011f\u0131 ma\u011fduriyet g\u00fcndeme geldi.<br \/>\n\u201cD\u00fcn gece saatlerine kadar sokaklardayd\u0131m\u201d<br \/>\nHDP\u2019li Meclis \u00fcyesi Salih Akba\u015f\u2019\u0131n; a\u015f\u0131r\u0131 ya\u011f\u0131\u015flar sonucu d\u00fcn ak\u015fam bir\u00e7ok evi su bast\u0131\u011f\u0131n\u0131 ve vatanda\u015flar\u0131n ma\u011fdur oldu\u011funu belirtip acil \u00e7\u00f6z\u00fcm \u00fcretilmesi gerekti\u011fini belirtmesi \u00fczerine Ba\u015fkan G\u00fcltak; \u201cYa\u011fmur, dolu ve f\u0131rt\u0131nadan zarar g\u00f6ren karde\u015flerimize ge\u00e7mi\u015f olsun diyorum. D\u00fcn ak\u015famdan itibaren sahada, ekiplerimizle birlikte gezerek, ya\u011fmurdan etkilenen 30\u2019a yak\u0131n evi ziyaret ettik. 8-10 tanesi \u00e7ok k\u00f6t\u00fcyd\u00fc. \u00c7izme ve ya\u011fmurluklar\u0131m\u0131z\u0131 giydik, gece 12:00\u2019ye dek ekiplerin ba\u015f\u0131nda m\u00fcdahale ettik. Bug\u00fcn Kad\u0131n M\u00fcd\u00fcrl\u00fc\u011f\u00fcm\u00fcz ekipleri de ya\u011fmur suyu basan o evlere gidip temizli\u011fe yard\u0131mc\u0131 olacaklar. Zarar g\u00f6ren ailelerimize, 2\u2019\u015fer koliden olu\u015fan g\u0131da kolileri de ula\u015ft\u0131raca\u011f\u0131z\u201d dedi.<br \/>\n\u201cB\u00fcy\u00fck\u015fehir Belediyesi\u2019nden, Akdeniz i\u00e7in pozitif ayr\u0131mc\u0131l\u0131k istiyoruz\u201d<br \/>\nS\u00f6zlerini; \u201cB\u00f6ylesi zorlu g\u00fcnlerde insanlar\u0131m\u0131z\u0131n yan\u0131nda olmaya daima devam edece\u011fiz\u201d \u015feklinde s\u00fcrd\u00fcren Ba\u015fkan G\u00fcltak; \u201c\u00d6zellikle DS\u0130 taraf\u0131ndan, b\u00f6lgemizde yap\u0131lan kanallar\u0131n ne kadar \u00f6nemli oldu\u011funu g\u00f6rd\u00fck. Bug\u00fcn o kanallar, olmasayd\u0131 Mithat Pa\u015fa, M\u00fcfide \u0130lhan, Siteler, G\u00fcndo\u011fdu mahallelerine inan\u0131n giremezdik. O kanallar olmasayd\u0131 de\u011fil 30; 3 bin ev peri\u015fan olurdu. Bu notada, Akdeniz i\u00e7in B\u00fcy\u00fck\u015fehir Belediyesi\u2019nden pozitif ayr\u0131mc\u0131l\u0131k istiyoruz.<br \/>\nAkdeniz\u2019in altyap\u0131s\u0131 \u00e7\u00f6z\u00fclmedi\u011fi s\u00fcreci, biz bu filmi bir\u00e7ok kere izleyece\u011fiz. K\u00fc\u00e7\u00fcc\u00fck \u00e7ocuklar\u0131m\u0131z\u0131n g\u00f6zlerinde o korkuyu g\u00f6rd\u00fcm. Bir an \u00f6nce Akdeniz\u2019in bir\u00e7ok mahallesinin altyap\u0131s\u0131n\u0131n elden ge\u00e7mesi gerekiyor. Aksi halde her ya\u011fmurda y\u00fcre\u011fimiz hop kalk\u0131yor, hop oturuyor. D\u00fcn herkes \u00e7al\u0131\u015ft\u0131 ama siz haz\u0131rl\u0131\u011f\u0131n\u0131z\u0131 yapmazsan\u0131z yetersiz kal\u0131r. Altyap\u0131 ile ilgili b\u00fcy\u00fck yat\u0131r\u0131mlara ihtiya\u00e7 var. Biz, kendi tedbirlerimizi almaya \u00e7al\u0131\u015f\u0131yoruz. Ge\u00e7en y\u0131l 20 adet su \u00e7eken pompa ald\u0131k. \u0130yi ki de alm\u0131\u015f\u0131z. Fakat bu altyap\u0131, bu t\u00fcr a\u015f\u0131r\u0131 ya\u011f\u0131\u015flar\u0131 kald\u0131ramaz. Bu a\u00e7\u0131dan Akdeniz il\u00e7esinin acilen pozitif ayr\u0131mc\u0131l\u0131\u011fa acil ihtiyac\u0131 oldu\u011funa inan\u0131yorum\u201d \u015feklinde konu\u015ftu.<\/p>\n<p>Koronavir\u00fcs\u00fc atlatan D\u00f6venci; \u201cL\u00fctfen bu i\u015fi ciddiye alal\u0131m\u201d<br \/>\nTemenni ve \u00f6neriler b\u00f6l\u00fcm\u00fcnde s\u00f6z alan CHP\u2019li meclis \u00fcyesi Serhat Servet D\u00f6venci, a\u011f\u0131r \u015fekilde atlatt\u0131\u011f\u0131 Koronavir\u00fcs nedeniyle ya\u015fad\u0131\u011f\u0131 zorlu g\u00fcnleri anlatt\u0131, yapt\u0131\u011f\u0131 \u00e7a\u011fr\u0131da, herkesi Pandemi tedbirlerine kesinlikle uymaya davet etti. Y\u0131llard\u0131r spor yapt\u0131\u011f\u0131n\u0131 ve sigara kullanmad\u0131\u011f\u0131n\u0131 kaydeden Serhat D\u00f6venci, vir\u00fcs nedeniyle akci\u011ferlerinin tahribata u\u011frad\u0131\u011f\u0131n\u0131, bu nedenle \u015fimdi 100 metreyi bile y\u00fcr\u00fcmekte zorland\u0131\u011f\u0131n\u0131 anlatt\u0131. Duygusal konu\u015fmas\u0131nda, \u00f6l\u00fcmden adeta k\u0131l pay\u0131 d\u00f6nd\u00fc\u011f\u00fcn\u00fc kaydeden D\u00f6venci, \u201cA\u00e7\u0131k\u00e7as\u0131 daha \u00f6nce bunlar\u0131n \u00e7ok da bilincinde de\u011fildim. D\u0131\u015far\u0131dan her \u015fey \u00e7ok rahat geliyor. Vir\u00fcse bu kadar da ciddi bakm\u0131yordum ve bunlar\u0131 ya\u015fad\u0131m. Siz siz olun, tedbirlerinizi al\u0131n. A\u015f\u0131ya da fazla zaman kalmad\u0131. Hakikaten hayat \u00e7ok g\u00fczelmi\u015f. Aran\u0131za tekrar d\u00f6nd\u00fcm diyebilirim\u201d s\u00f6zleriyle ya\u015fad\u0131klar\u0131n\u0131 payla\u015ft\u0131. D\u00f6venci\u2019nin, Meclis \u00fcyelerini duyguland\u0131ran bu konu\u015fmas\u0131 alk\u0131\u015fland\u0131.<br \/>\nBa\u015fkan G\u00fcltak; \u201cSalg\u0131na kar\u015f\u0131 \u00f6nlemleri kesinlikle gev\u015fetmeyelim\u201d<br \/>\nKoronavir\u00fcs\u2019\u00fc atlatan Meclis \u00fcyeleri Serhat D\u00f6venci ile Aysel Mavio\u011flu \u00d6ner\u2019e ge\u00e7mi\u015f olsun dileklerini ileten Ba\u015fkan Mustafa G\u00fcltak; \u201cAram\u0131za tekrar ho\u015f geldiniz. Bu vir\u00fcs ger\u00e7ekten \u00e7ok ciddi. \u2018Tedbirlerinizi al\u0131n, dikkatli olun, bunun \u015fakas\u0131 yok\u2019 diye s\u00fcrekli uyar\u0131yorum. Ama bu i\u015fi hi\u00e7 ciddiye almayan bir grup da var maalesef. \u0130la\u00e7 kullanmayan, a\u015f\u0131ya kar\u015f\u0131 olan\u2026 Bak\u0131n\u0131z a\u015f\u0131 gelip de bize s\u0131ra geldi\u011finde, ben medya \u00f6n\u00fcnde a\u015f\u0131 olaca\u011f\u0131m. Bizler b\u00f6yle yaparsak, kar\u015f\u0131 olanlar\u0131n da a\u015f\u0131ya bak\u0131\u015f\u0131 de\u011fi\u015fir. Bir eczac\u0131 olarak, \u00c7in veya Rusya, hangi a\u015f\u0131 gelirse a\u015f\u0131 olaca\u011f\u0131m. A\u015f\u0131 olun.<br \/>\nTabi a\u015f\u0131 olmak demek, hastal\u0131ktan tamamen korunmak veya kurtulmak anlam\u0131na da gelmiyor. \u00d6nlemleri de gev\u015fetmeyece\u011fiz. Y\u0131lsonuna dek maskeyle ya\u015famay\u0131, temizli\u011fi ve mesafeyi \u00f6nemseyece\u011fiz. \u00c7\u00fcnk\u00fc hen\u00fcz a\u015f\u0131n\u0131n, hastal\u0131ktan koruyaca\u011f\u0131 y\u00f6n\u00fcnde bilimsel veri yok. Bunlar\u0131n hepsi 2021 sonuna do\u011fru netle\u015fir. A\u015f\u0131 belki bizi 3-4 ay koruyacak. T\u00fcm bunlar bilim insanlar\u0131n\u0131n kafas\u0131nda soru i\u015faretleri. \u00d6nlem almaya, maske, mesafe ve hijyene \u00fclke ve d\u00fcnya olarak dikkat etmeye devam edece\u011fiz\u201d diye konu\u015ftu.<br \/>\nAlmanya gezisi i\u00e7in Ba\u015fkan G\u00fcltak\u2019a oybirli\u011fiyle yetki<br \/>\nMeclis toplant\u0131s\u0131nda, tek g\u00fcndem maddesi olan \u201cGelece\u011finiz \u00c7\u00f6p Olmas\u0131n\/ Hayat\u0131n \u0130\u00e7inde Biz de Var\u0131z\u201d adl\u0131 proje g\u00f6r\u00fc\u015f\u00fcld\u00fc. Proje kapsam\u0131nda, Almanya\u2019da bulunan \u00e7e\u015fitli kamu kurum ve kurulu\u015flar\u0131 ile STK\u2019lar\u0131n yapt\u0131\u011f\u0131 \u00e7al\u0131\u015fmalar\u0131 yerinde g\u00f6rmek amac\u0131yla, Akdeniz Belediyesi, K\u00f6rleri E\u011fitim ve Kalk\u0131nd\u0131rma Derne\u011fi ile Beyaz Melekler T\u00fcm Engeliler Derne\u011fi\u2019nden toplam 80 ki\u015fi Almanya\u2019ya gidecek.<br \/>\nBir hafta s\u00fcrecek gezide, masraflar\u0131n tamam\u0131 davet sahibince kar\u015f\u0131lanacak. Meclis\u2019te, Pandemi s\u00fcrecinden dolay\u0131 ertelenen gezinin 31 Aral\u0131k 2021\u2019ye dek taraflar\u0131n uygun g\u00f6rece\u011fi bir zamanda ger\u00e7ekle\u015ftirilmesi i\u00e7in Ba\u015fkan Mustafa G\u00fcltak\u2019a yetki verilmesiyle ilgili komisyonlardan oybirli\u011fiyle gelen teklif g\u00f6r\u00fc\u015f\u00fcld\u00fc. Teklif, Meclis \u00fcyelerinin de oybirli\u011fiyle kabul edildi. Ba\u015fkan G\u00fcltak, gezinin, Mersin ve Akdeniz i\u00e7in faydal\u0131 olaca\u011f\u0131na inand\u0131\u011f\u0131n\u0131 belirterek destek veren Meclis \u00fcyelerine te\u015fekk\u00fcr etti.<\/p>\n","protected":false},"excerpt":{"rendered":"<p>Akdeniz il\u00e7esinin altyap\u0131s\u0131ndaki eksiklikler nedeniyle, d\u00fcn ak\u015fam oldu\u011fu gibi, a\u015f\u0131r\u0131 ya\u011f\u0131\u015flarda mahalleler\u0130 ve evleri su bast\u0131\u011f\u0131na dikkat \u00e7eken Ba\u015fkan G\u00fcltak, Mersin B\u00fcy\u00fck\u015fehir Belediyesi\u2019ne yapt\u0131\u011f\u0131 \u00e7a\u011fr\u0131da, Akdeniz\u2019in mahallelerinin altyap\u0131 eksikliklerinin tamamlanmas\u0131 &hellip; <a href=\"https:\/\/akdenizolaygazetesi.com\/?p=9639\" class=\"more-link\">Devam\u0131n\u0131 Oku&#8230;<\/a><\/p>\n","protected":false},"author":2,"featured_media":9641,"comment_status":"open","ping_status":"open","sticky":false,"template":"","format":"standard","meta":[],"categories":[8,34,1,2,3],"tags":[],"_links":{"self":[{"href":"https:\/\/akdenizolaygazetesi.com\/index.php?rest_route=\/wp\/v2\/posts\/9639"}],"collection":[{"href":"https:\/\/akdenizolaygazetesi.com\/index.php?rest_route=\/wp\/v2\/posts"}],"about":[{"href":"https:\/\/akdenizolaygazetesi.com\/index.php?rest_route=\/wp\/v2\/types\/post"}],"author":[{"embeddable":true,"href":"https:\/\/akdenizolaygazetesi.com\/index.php?rest_route=\/wp\/v2\/users\/2"}],"replies":[{"embeddable":true,"href":"https:\/\/akdenizolaygazetesi.com\/index.php?rest_route=%2Fwp%2Fv2%2Fcomments&post=9639"}],"version-history":[{"count":2,"href":"https:\/\/akdenizolaygazetesi.com\/index.php?rest_route=\/wp\/v2\/posts\/9639\/revisions"}],"predecessor-version":[{"id":9642,"href":"https:\/\/akdenizolaygazetesi.com\/index.php?rest_route=\/wp\/v2\/posts\/9639\/revisions\/9642"}],"wp:featuredmedia":[{"embeddable":true,"href":"https:\/\/akdenizolaygazetesi.com\/index.php?rest_route=\/wp\/v2\/media\/9641"}],"wp:attachment":[{"href":"https:\/\/akdenizolaygazetesi.com\/index.php?rest_route=%2Fwp%2Fv2%2Fmedia&parent=9639"}],"wp:term":[{"taxonomy":"category","embeddable":true,"href":"https:\/\/akdenizolaygazetesi.com\/index.php?rest_route=%2Fwp%2Fv2%2Fcategories&post=9639"},{"taxonomy":"post_tag","embeddable":true,"href":"https:\/\/akdenizolaygazetesi.com\/index.php?rest_route=%2Fwp%2Fv2%2Ftags&post=9639"}],"curies":[{"name":"wp","href":"https:\/\/api.w.org\/{rel}","templated":true}]}}