{"id":9655,"date":"2020-12-17T11:48:22","date_gmt":"2020-12-17T08:48:22","guid":{"rendered":"http:\/\/akdenizolaygazetesi.com\/?p=9655"},"modified":"2020-12-17T11:50:20","modified_gmt":"2020-12-17T08:50:20","slug":"kamyonun-panjuruna-sikisan-yarali-sahini-buyuksehir-itfaiyesi-kurtardi","status":"publish","type":"post","link":"https:\/\/akdenizolaygazetesi.com\/?p=9655","title":{"rendered":"KAMYONUN PANJURUNA SIKI\u015eAN YARALI \u015eAH\u0130N\u0130 B\u00dcY\u00dcK\u015eEH\u0130R \u0130TFA\u0130YES\u0130 KURTARDI"},"content":{"rendered":"<p>\u015eehirleraras\u0131 y\u00fck ta\u015f\u0131mac\u0131l\u0131\u011f\u0131 yapan bir kamyonun kupa k\u0131sm\u0131ndaki panjura s\u0131k\u0131\u015fan \u015fahin, Mersin B\u00fcy\u00fck\u015fehir Belediyesi \u0130tfaiye Daire Ba\u015fkanl\u0131\u011f\u0131 ekipleri taraf\u0131ndan kurtar\u0131ld\u0131. Sa\u011f kanad\u0131nda par\u00e7al\u0131 k\u0131r\u0131k olu\u015fan \u015fahin, B\u00fcy\u00fck\u015fehir Belediyesi Tarsus Do\u011fa Park\u0131\u2019ndaki klinikte tedavi alt\u0131na al\u0131nd\u0131.<\/p>\n<p>Mersin B\u00fcy\u00fck\u015fehir Belediyesi, \u00e7evreci \u00e7al\u0131\u015fmalar\u0131n\u0131n yan\u0131 s\u0131ra do\u011fal hayatta \u00e7e\u015fitli nedenlerden dolay\u0131 yaralanan yaban hayvanlar\u0131na sahip \u00e7\u0131kmaya devam ediyor. \u015eehirleraras\u0131 y\u00fck ta\u015f\u0131mac\u0131l\u0131\u011f\u0131 yapan bir kamyonun kupa k\u0131sm\u0131ndaki panjura, bilinmeyen bir nedenle s\u0131k\u0131\u015fan \u015fahin, Mersin B\u00fcy\u00fck\u015fehir Belediyesi \u0130tfaiye Daire Ba\u015fkanl\u0131\u011f\u0131 ekipleri taraf\u0131ndan kurtar\u0131ld\u0131.<\/p>\n<p>Ekipler k\u0131sa s\u00fcrede olay yerine gitti<\/p>\n<p>TEM otoyolu Tarsus-Adana b\u00f6l\u00fcm\u00fcnde yer alan bir dinlenme tesisi i\u00e7inde park halindeki kamyonun panjur b\u00f6l\u00fcm\u00fcnde s\u0131k\u0131\u015fm\u0131\u015f vaziyette bulunan \u015fahini fark eden vatanda\u015flar, kendi imkanlar\u0131yla hayvan\u0131 kurtaramay\u0131nca B\u00fcy\u00fck\u015fehir Belediyesi \u0130tfaiyesi Tarsus Grup Amirli\u011fi arama kurtarma ekiplerine durumu bildirdi.<\/p>\n<p>Seri \u015fekilde olay yerine intikal eden B\u00fcy\u00fck\u015fehir \u0130tfaiye ekipleri, talihsiz hayvan\u0131 bulundu\u011fu yerden \u00e7\u0131kard\u0131. Sa\u011f kanad\u0131nda par\u00e7al\u0131 k\u0131r\u0131k olu\u015fan \u015fahin, tedavi alt\u0131na al\u0131nd\u0131.<\/p>\n<p>\u015eahini, B\u00fcy\u00fck\u015fehir Tarsus Do\u011fa Park\u0131\u2019nda yer alan klinikte g\u00f6revli veterinerlere teslim eden \u0130tfaiye Daire Ba\u015fkanl\u0131\u011f\u0131 Tarsus \u015eube Sorumlusu Kenan Demirpolat, \u201cGelen bir ihbarda, bir \u015fahinin otoyol tesisinde bulunan kamyonun panjur b\u00f6l\u00fcm\u00fcne s\u0131k\u0131\u015ft\u0131\u011f\u0131 bildirildi. Ekiplerimizle olay yerine intikal ederek, kanad\u0131ndan yaralanan \u015fahini \u00e7\u0131kart\u0131p, muhafaza alt\u0131na ald\u0131k. Daha sonra Tarsus Do\u011fa Park\u0131 i\u00e7inde yer alan klinikte g\u00f6revli arkada\u015flara \u015fahini getirerek teslim ettik. Umar\u0131m k\u0131sa s\u00fcrede sa\u011fl\u0131\u011f\u0131na kavu\u015fur ve do\u011fal ya\u015fam\u0131na geri d\u00f6ner\u201d dedi.<\/p>\n<p>TARSUS DO\u011eA PARKI VE BARINAKLAR 6 OCAK\u2019A KADAR Z\u0130YARETE KAPALI OLACAK<\/p>\n<p>Tarsus Do\u011fa Park\u0131 ile Bozyaz\u0131, Silifke ve Ka\u015fl\u0131 Ge\u00e7ici Hayvan Bak\u0131mevi, Koronavir\u00fcs tedbirleri kapsam\u0131nda 6 Ocak 2021\u2019e kadar ziyaret\u00e7ilere kapal\u0131 olacak. Ekipler, Do\u011fa Park\u0131 ile bak\u0131mevleri kapal\u0131 oldu\u011fu s\u00fcrede temizlik, dezenfekte ve ila\u00e7lama hizmetlerinin yan\u0131 s\u0131ra fiziki \u015fartlar\u0131n iyile\u015ftirilmesi i\u00e7in de \u00e7al\u0131\u015fmalar yapacak.<\/p>\n<p>Mersin B\u00fcy\u00fck\u015fehir Belediyesi Tar\u0131msal ve Veteriner Hizmetleri Dairesi\u2019ne ba\u011fl\u0131 olarak hizmet veren Tarsus Do\u011fa Park\u0131 ile Bozyaz\u0131, Silifke ve Ka\u015fl\u0131 Ge\u00e7ici Hayvan Bak\u0131mevi, 6 Ocak 2021 tarihine kadar ziyaret\u00e7ilere kapal\u0131 olacak.<br \/>\nYeni normalle\u015fme s\u00fcrecine ge\u00e7ilmesinin ard\u0131ndan 8 Haziran\u2019dan itibaren kap\u0131lar\u0131n\u0131 a\u00e7an ve maske, mesafe ve hijyen kurallar\u0131 \u00e7er\u00e7evesinde hizmet veren Tarsus Do\u011fa Park\u0131 ile bak\u0131mevleri, Koronavir\u00fcs salg\u0131n\u0131 nedeniyle Kas\u0131m ay\u0131nda al\u0131nan yeni tedbirler kapsam\u0131nda yeniden ziyarete kapat\u0131ld\u0131. B\u00fcy\u00fck\u015fehir Belediyesi\u2019nin vir\u00fcs\u00fcn toplum sa\u011fl\u0131\u011f\u0131na olu\u015fturdu\u011fu riski en az indirme ve sosyal izolasyonu sa\u011flama amac\u0131yla ald\u0131\u011f\u0131 karar do\u011frultusunda, Do\u011fa Park\u0131 ve bak\u0131mevleri 6 Ocak 2021 tarihine kadar ziyaret\u00e7i kabul etmeyecek.<br \/>\nEkipler, ziyaret\u00e7i kabul edilmedi\u011fi s\u00fcre boyunca detayl\u0131 bir \u015fekilde temizlik, dezenfekte ve ila\u00e7lama hizmeti ger\u00e7ekle\u015ftirecek. Ekipler ayr\u0131ca farkl\u0131 t\u00fcrden hayvanlar\u0131n ya\u015fad\u0131\u011f\u0131 Do\u011fa Park\u0131 ile bak\u0131mevlerinin fiziki \u015fartlar\u0131n\u0131n iyile\u015ftirilmesi i\u00e7in de \u00e7al\u0131\u015fmalar y\u00fcr\u00fctecek.<\/p>\n","protected":false},"excerpt":{"rendered":"<p>\u015eehirleraras\u0131 y\u00fck ta\u015f\u0131mac\u0131l\u0131\u011f\u0131 yapan bir kamyonun kupa k\u0131sm\u0131ndaki panjura s\u0131k\u0131\u015fan \u015fahin, Mersin B\u00fcy\u00fck\u015fehir Belediyesi \u0130tfaiye Daire Ba\u015fkanl\u0131\u011f\u0131 ekipleri taraf\u0131ndan kurtar\u0131ld\u0131. Sa\u011f kanad\u0131nda par\u00e7al\u0131 k\u0131r\u0131k olu\u015fan \u015fahin, B\u00fcy\u00fck\u015fehir Belediyesi Tarsus Do\u011fa &hellip; <a href=\"https:\/\/akdenizolaygazetesi.com\/?p=9655\" class=\"more-link\">Devam\u0131n\u0131 Oku&#8230;<\/a><\/p>\n","protected":false},"author":2,"featured_media":9658,"comment_status":"open","ping_status":"open","sticky":false,"template":"","format":"standard","meta":[],"categories":[1,2,5],"tags":[],"_links":{"self":[{"href":"https:\/\/akdenizolaygazetesi.com\/index.php?rest_route=\/wp\/v2\/posts\/9655"}],"collection":[{"href":"https:\/\/akdenizolaygazetesi.com\/index.php?rest_route=\/wp\/v2\/posts"}],"about":[{"href":"https:\/\/akdenizolaygazetesi.com\/index.php?rest_route=\/wp\/v2\/types\/post"}],"author":[{"embeddable":true,"href":"https:\/\/akdenizolaygazetesi.com\/index.php?rest_route=\/wp\/v2\/users\/2"}],"replies":[{"embeddable":true,"href":"https:\/\/akdenizolaygazetesi.com\/index.php?rest_route=%2Fwp%2Fv2%2Fcomments&post=9655"}],"version-history":[{"count":2,"href":"https:\/\/akdenizolaygazetesi.com\/index.php?rest_route=\/wp\/v2\/posts\/9655\/revisions"}],"predecessor-version":[{"id":9659,"href":"https:\/\/akdenizolaygazetesi.com\/index.php?rest_route=\/wp\/v2\/posts\/9655\/revisions\/9659"}],"wp:featuredmedia":[{"embeddable":true,"href":"https:\/\/akdenizolaygazetesi.com\/index.php?rest_route=\/wp\/v2\/media\/9658"}],"wp:attachment":[{"href":"https:\/\/akdenizolaygazetesi.com\/index.php?rest_route=%2Fwp%2Fv2%2Fmedia&parent=9655"}],"wp:term":[{"taxonomy":"category","embeddable":true,"href":"https:\/\/akdenizolaygazetesi.com\/index.php?rest_route=%2Fwp%2Fv2%2Fcategories&post=9655"},{"taxonomy":"post_tag","embeddable":true,"href":"https:\/\/akdenizolaygazetesi.com\/index.php?rest_route=%2Fwp%2Fv2%2Ftags&post=9655"}],"curies":[{"name":"wp","href":"https:\/\/api.w.org\/{rel}","templated":true}]}}