{"id":9660,"date":"2020-12-17T11:53:18","date_gmt":"2020-12-17T08:53:18","guid":{"rendered":"http:\/\/akdenizolaygazetesi.com\/?p=9660"},"modified":"2020-12-17T11:54:18","modified_gmt":"2020-12-17T08:54:18","slug":"temiz-ve-saglikli-bir-gelecek-icin-calisiyoruz","status":"publish","type":"post","link":"https:\/\/akdenizolaygazetesi.com\/?p=9660","title":{"rendered":"&#8220;Temiz ve Sa\u011fl\u0131kl\u0131 Bir Gelecek \u0130\u00e7in \u00c7al\u0131\u015f\u0131yoruz&#8221;"},"content":{"rendered":"<p>Toroslar Belediyesi, \u00c7evre ve \u015eehircilik Bakanl\u0131\u011f\u0131&#8217;n\u0131n S\u0131f\u0131r At\u0131k Y\u00f6netmeli\u011finde yer alan kriterleri yerine getirerek ikinci &#8220;S\u0131f\u0131r At\u0131k Belgesi&#8217;ni&#8221; ald\u0131.<\/p>\n<p>Toroslar Belediye Ba\u015fkan\u0131 Ats\u0131z Af\u015f\u0131n Y\u0131lmaz, daha temiz ve sa\u011fl\u0131kl\u0131 bir \u00e7evre i\u00e7in &#8220;S\u0131f\u0131r At\u0131k&#8221; Projesini il\u00e7e genelinde yayg\u0131nla\u015ft\u0131rmay\u0131 ama\u00e7lad\u0131klar\u0131n\u0131 belirterek; &#8220;Gelece\u011fimiz olan \u00e7ocuklar\u0131m\u0131za bu k\u00fclt\u00fcr\u00fc a\u015f\u0131lamak istiyoruz&#8221; dedi.<\/p>\n<p>At\u0131k olu\u015fumunun azalt\u0131lmas\u0131n\u0131n yan\u0131nda at\u0131klar\u0131n kayna\u011f\u0131nda ayr\u0131\u015ft\u0131r\u0131larak milli ekonomiye kazand\u0131r\u0131lmas\u0131 i\u00e7in il\u00e7ede ba\u015far\u0131l\u0131 \u00e7al\u0131\u015fmalar s\u00fcrd\u00fcren Toroslar Belediyesi&#8217;nin s\u0131f\u0131r at\u0131k uygulamas\u0131 takdirle kar\u015f\u0131lan\u0131yor.<\/p>\n<p>\u00c7evre ve \u015eehircilik Bakanl\u0131\u011f\u0131&#8217;n\u0131n S\u0131f\u0131r At\u0131k Y\u00f6netmeli\u011fine uygun olarak hizmet binalar\u0131na S\u0131f\u0131r At\u0131k Y\u00f6netim Sistemini kuran belediye, Yunus Emre K\u00fclt\u00fcr Merkezi&#8217;nin ard\u0131ndan belediyenin ana hizmet binas\u0131 i\u00e7in de S\u0131f\u0131r At\u0131k Belgesini almaya hak kazand\u0131.<\/p>\n<p>S\u0131f\u0131r At\u0131k Projesi kapsam\u0131nda belediye personeline e\u011fitim verilerek, hizmet binalar\u0131ndaki \u00e7\u00f6p kovalar\u0131n\u0131 kald\u0131ran belediye, \u00e7\u00f6p kovalar\u0131n\u0131n yerine ambalaj at\u0131klar\u0131 (Cam, ka\u011f\u0131t, plastik, metal), organik ve di\u011fer at\u0131klar i\u00e7in toplama  kutular\u0131 yerle\u015ftirdi. T\u00fcm kriterleri yerine getirdikten sonra \u00c7evre ve \u015eehircilik \u0130l M\u00fcd\u00fcrl\u00fc\u011f\u00fc&#8217;ne ba\u015fvuru yapan belediye, de\u011ferlendirme sonucunda ikinci s\u0131f\u0131r at\u0131k belgesini de almay\u0131 ba\u015fard\u0131.<\/p>\n<p>Park ve Bah\u00e7eler ve Makine \u0130kmal M\u00fcd\u00fcrl\u00fc\u011f\u00fc binalar\u0131n\u0131n da \u00c7evre ve \u015eehircilik \u0130l M\u00fcd\u00fcrl\u00fc\u011f\u00fc taraf\u0131ndan de\u011ferlendirme a\u015famas\u0131nda oldu\u011fu bildirildi.<\/p>\n<p>&#8220;Temiz ve Sa\u011fl\u0131kl\u0131 Bir Gelecek \u0130\u00e7in \u00c7al\u0131\u015f\u0131yoruz&#8221;<\/p>\n<p>Toroslar Belediye Ba\u015fkan\u0131 Ats\u0131z Af\u015f\u0131n Y\u0131lmaz, do\u011faya ve \u00e7evreye duyarl\u0131 bir anlay\u0131\u015fla \u00e7al\u0131\u015ft\u0131klar\u0131n\u0131 ve bu kapsamda projeler geli\u015ftirdiklerini s\u00f6yledi.<\/p>\n<p>Ba\u015fkan Y\u0131lmaz; &#8220;Sa\u011fl\u0131kl\u0131 bir gelecek i\u00e7in il\u00e7emizde ve kurumumuzda geri d\u00f6n\u00fc\u015f\u00fcm konusuna \u00f6nem veriyoruz. Yeni nesle temiz ve daha ya\u015fan\u0131labilir bir \u00e7evre  b\u0131rakmak amac\u0131yla \u00e7al\u0131\u015fmalar\u0131m\u0131z\u0131 ve projelerimizi s\u00fcrd\u00fcr\u00fcyoruz. S\u0131f\u0131r At\u0131k projesi kapsam\u0131nda belediyemizdeki \u00e7\u00f6p kovalar\u0131n\u0131 kald\u0131rarak bunlar\u0131n yerine geri d\u00f6n\u00fc\u015f\u00fcm kutular\u0131n\u0131 yerle\u015ftirdik. \u00c7al\u0131\u015fmalar\u0131m\u0131z, \u00c7evre ve \u015eehircilik Bakanl\u0131\u011f\u0131&#8217;n\u0131n S\u0131f\u0131r At\u0131k Y\u00f6netmeli\u011fince de\u011ferlendirildi ve ikinci s\u0131f\u0131r at\u0131k belgemizi ald\u0131k&#8221; diye konu\u015ftu.<\/p>\n","protected":false},"excerpt":{"rendered":"<p>Toroslar Belediyesi, \u00c7evre ve \u015eehircilik Bakanl\u0131\u011f\u0131&#8217;n\u0131n S\u0131f\u0131r At\u0131k Y\u00f6netmeli\u011finde yer alan kriterleri yerine getirerek ikinci &#8220;S\u0131f\u0131r At\u0131k Belgesi&#8217;ni&#8221; ald\u0131. Toroslar Belediye Ba\u015fkan\u0131 Ats\u0131z Af\u015f\u0131n Y\u0131lmaz, daha temiz ve sa\u011fl\u0131kl\u0131 bir &hellip; <a href=\"https:\/\/akdenizolaygazetesi.com\/?p=9660\" class=\"more-link\">Devam\u0131n\u0131 Oku&#8230;<\/a><\/p>\n","protected":false},"author":2,"featured_media":9662,"comment_status":"open","ping_status":"open","sticky":false,"template":"","format":"standard","meta":[],"categories":[34,1,2,5],"tags":[],"_links":{"self":[{"href":"https:\/\/akdenizolaygazetesi.com\/index.php?rest_route=\/wp\/v2\/posts\/9660"}],"collection":[{"href":"https:\/\/akdenizolaygazetesi.com\/index.php?rest_route=\/wp\/v2\/posts"}],"about":[{"href":"https:\/\/akdenizolaygazetesi.com\/index.php?rest_route=\/wp\/v2\/types\/post"}],"author":[{"embeddable":true,"href":"https:\/\/akdenizolaygazetesi.com\/index.php?rest_route=\/wp\/v2\/users\/2"}],"replies":[{"embeddable":true,"href":"https:\/\/akdenizolaygazetesi.com\/index.php?rest_route=%2Fwp%2Fv2%2Fcomments&post=9660"}],"version-history":[{"count":2,"href":"https:\/\/akdenizolaygazetesi.com\/index.php?rest_route=\/wp\/v2\/posts\/9660\/revisions"}],"predecessor-version":[{"id":9663,"href":"https:\/\/akdenizolaygazetesi.com\/index.php?rest_route=\/wp\/v2\/posts\/9660\/revisions\/9663"}],"wp:featuredmedia":[{"embeddable":true,"href":"https:\/\/akdenizolaygazetesi.com\/index.php?rest_route=\/wp\/v2\/media\/9662"}],"wp:attachment":[{"href":"https:\/\/akdenizolaygazetesi.com\/index.php?rest_route=%2Fwp%2Fv2%2Fmedia&parent=9660"}],"wp:term":[{"taxonomy":"category","embeddable":true,"href":"https:\/\/akdenizolaygazetesi.com\/index.php?rest_route=%2Fwp%2Fv2%2Fcategories&post=9660"},{"taxonomy":"post_tag","embeddable":true,"href":"https:\/\/akdenizolaygazetesi.com\/index.php?rest_route=%2Fwp%2Fv2%2Ftags&post=9660"}],"curies":[{"name":"wp","href":"https:\/\/api.w.org\/{rel}","templated":true}]}}