{"id":9664,"date":"2020-12-17T11:54:59","date_gmt":"2020-12-17T08:54:59","guid":{"rendered":"http:\/\/akdenizolaygazetesi.com\/?p=9664"},"modified":"2020-12-17T11:56:37","modified_gmt":"2020-12-17T08:56:37","slug":"buyuksehirin-mahalle-mutfaklari-daha-genis-kesimlere-ulasmaya-basladi","status":"publish","type":"post","link":"https:\/\/akdenizolaygazetesi.com\/?p=9664","title":{"rendered":"B\u00dcY\u00dcK\u015eEH\u0130R\u2019\u0130N \u201cMAHALLE MUTFAKLARI\u201d DAHA GEN\u0130\u015e KES\u0130MLERE ULA\u015eMAYA BA\u015eLADI"},"content":{"rendered":"<p>Mersin B\u00fcy\u00fck\u015fehir Belediyesi\u2019nin sosyal belediyecilik anlay\u0131\u015f\u0131yla hayata ge\u00e7irdi\u011fi \u2018Mahalle Mutfaklar\u0131\u2019n\u0131n hizmet a\u011f\u0131 g\u00fcn ge\u00e7tik\u00e7e geni\u015fliyor. Tarsus\u2019ta 3 noktada vatanda\u015flar\u0131n hizmetine sunulan Mahalle Mutfaklar\u0131 ile Tarsuslu yurtta\u015flar da 3 TL\u2019ye 3 \u00e7e\u015fit yeme\u011fe kolayca ula\u015fabilecek. B\u00f6ylece, Mahalle Mutfaklar\u0131\u2019n\u0131n say\u0131s\u0131 1\u2019i sabit, 6\u2019s\u0131 mobil olmak \u00fczere toplam 7\u2019ye ula\u015ft\u0131.<\/p>\n<p>Mersin B\u00fcy\u00fck\u015fehir Belediye Ba\u015fkan\u0131 Vahap Se\u00e7er \u00f6nc\u00fcl\u00fc\u011f\u00fcnde uygulamaya konulan ve dar gelirli vatanda\u015flar\u0131n 3 TL\u2019ye 3 \u00e7e\u015fit yeme\u011fe ula\u015ft\u0131\u011f\u0131 Mahalle Mutfaklar\u0131 hizmet alan\u0131n\u0131 geni\u015fletiyor.  Tarsus\u2019ta 3 noktada ba\u015flat\u0131lan Mahalle Mutfaklar\u0131 hizmeti ile dar gelirli vatanda\u015flar kaliteli ve ucuz yeme\u011fe ula\u015fabilecek. Mahalle Mutfaklar\u0131\u2019n\u0131n say\u0131s\u0131 b\u00f6ylece 1\u2019i sabit, 6\u2019s\u0131 mobil olmak \u00fczere 7\u2019ye ula\u015fm\u0131\u015f oldu.<\/p>\n<p>3 ayr\u0131 noktada 3 TL\u2019ye 3 \u00e7e\u015fit yemek<\/p>\n<p>\u0130lk etapta Mersin merkezde ba\u015flat\u0131lan ve salg\u0131n nedeniyle ekonomik zorluklar\u0131 artan yurtta\u015flar\u0131n ucuz ve besleyici yemeklerle rahat bir nefes almas\u0131n\u0131 sa\u011flayan proje, il\u00e7elerde de hayata ge\u00e7iriliyor. Bundan b\u00f6yle Tarsus\u2019ta da hafta i\u00e7i her g\u00fcn, \u00fc\u00e7 ayr\u0131 noktada 16.30-18.30 saatleri aras\u0131nda yurtta\u015flara 3 TL\u2019ye 3 \u00e7e\u015fit yemek hizmeti sunulacak. Di\u011fer il\u00e7elerde de vatanda\u015flara ucuz ve leziz yemeklerin ula\u015fmas\u0131 i\u00e7in \u00e7al\u0131\u015fmalar s\u00fcrd\u00fcr\u00fcl\u00fcyor.<\/p>\n<p>B\u00fcy\u00fck\u015fehir Belediyesi Sosyal Hizmetler Dairesi Ba\u015fkanl\u0131\u011f\u0131 taraf\u0131ndan y\u00fcr\u00fct\u00fclen proje kapsam\u0131nda; Tarsus\u2019ta Ba\u011flar ve Gaziler Mahallesi\u2019nin s\u0131n\u0131r\u0131 olan Kaleburcu Caddesi \u00fczeri, merkezde Fatih Mahallesi, Re\u015fadiye Mahallesi ve \u00e7evre mahalleler a\u00e7\u0131s\u0131ndan ula\u015f\u0131m kolayl\u0131\u011f\u0131 olan \u00d6\u011fretmenevi \u00f6n\u00fc ve D-400 karayolu g\u00fcney k\u0131sm\u0131nda kalan mahalleleri kapsayacak \u015fekilde Girne Mahallesi giri\u015fi Ye\u015filkahve yak\u0131n\u0131nda B\u00fcy\u00fck\u015fehir personelleri, 3 TL\u2019ye 3 \u00e7e\u015fit yeme\u011fi yurtta\u015flara ula\u015ft\u0131rmaya ba\u015flad\u0131.<\/p>\n<p>\u201cVatanda\u015flar\u0131m\u0131z\u0131n ilgisi \u00e7ok iyi\u201d<\/p>\n<p>Tarsus\u2019ta dar gelirli vatanda\u015flar\u0131n kaliteli yemeklere ucuz \u015fekilde ula\u015fabilmeleri i\u00e7in 3 nokta belirlediklerini kaydeden B\u00fcy\u00fck\u015fehir Belediyesi Tarsus-\u00c7aml\u0131yayla \u015eube M\u00fcd\u00fcrl\u00fc\u011f\u00fc Koordinasyon Sorumlusu Ali Bolta\u00e7, \u201cVatanda\u015flar\u0131m\u0131z\u0131n ilgisi \u00e7ok iyi. Bu da Tarsus\u2019ta sabit ve gezici mutfaklara ihtiya\u00e7 oldu\u011funu ortaya \u00e7\u0131kard\u0131. Ya\u011fmurlu havada dahi yar\u0131m saat gibi k\u0131sa bir zaman i\u00e7erisinde yemeklerin b\u00fcy\u00fck b\u00f6l\u00fcm\u00fcn\u00fcn t\u00fcketilmesi, ilgiyi net bir \u015fekilde g\u00f6steriyor. Ben bu noktada Mersin B\u00fcy\u00fck\u015fehir Belediye Ba\u015fkan\u0131m\u0131z Say\u0131n Vahap Se\u00e7er\u2019e ve eme\u011fi ge\u00e7en herkese te\u015fekk\u00fcrlerimi iletiyorum\u201d dedi.<\/p>\n<p>\u201cDa\u011f\u0131t\u0131m noktalar\u0131n\u0131 daha da artt\u0131raca\u011f\u0131z\u201d<\/p>\n<p>Sosyal Hizmetler \u015eube M\u00fcd\u00fcr\u00fc Engin Y\u0131ld\u0131r\u0131m ise projenin Mersin merkezde \u00e7ok ilgi g\u00f6rd\u00fc\u011f\u00fcne vurgu yaparak, \u201cTarsus\u2019ta ihtiya\u00e7 duyulan merkezi noktalar\u0131 tespit ettik. \u0130lk g\u00fcn; havan\u0131n ya\u011f\u0131\u015fl\u0131 olmas\u0131na ra\u011fmen yo\u011fun ilgi ve olumlu tepki g\u00f6rd\u00fck. Da\u011f\u0131t\u0131m noktalar\u0131n\u0131 daha da artt\u0131raca\u011f\u0131z\u201d diye konu\u015ftu.<\/p>\n<p>Mahalle Mutfaklar\u0131 hizmeti kapsam\u0131nda vatanda\u015flara ula\u015ft\u0131r\u0131lan men\u00fcler, B\u00fcy\u00fck\u015fehir Belediyesi\u2019nin resmi web sayfas\u0131 www.mersin.bel.tr\u2019nin \u2018duyurular\u2019 k\u0131sm\u0131nda ayl\u0131k olarak payla\u015f\u0131l\u0131yor.<\/p>\n","protected":false},"excerpt":{"rendered":"<p>Mersin B\u00fcy\u00fck\u015fehir Belediyesi\u2019nin sosyal belediyecilik anlay\u0131\u015f\u0131yla hayata ge\u00e7irdi\u011fi \u2018Mahalle Mutfaklar\u0131\u2019n\u0131n hizmet a\u011f\u0131 g\u00fcn ge\u00e7tik\u00e7e geni\u015fliyor. Tarsus\u2019ta 3 noktada vatanda\u015flar\u0131n hizmetine sunulan Mahalle Mutfaklar\u0131 ile Tarsuslu yurtta\u015flar da 3 TL\u2019ye 3 &hellip; <a href=\"https:\/\/akdenizolaygazetesi.com\/?p=9664\" class=\"more-link\">Devam\u0131n\u0131 Oku&#8230;<\/a><\/p>\n","protected":false},"author":2,"featured_media":9667,"comment_status":"open","ping_status":"open","sticky":false,"template":"","format":"standard","meta":[],"categories":[34,1,2,3,5],"tags":[],"_links":{"self":[{"href":"https:\/\/akdenizolaygazetesi.com\/index.php?rest_route=\/wp\/v2\/posts\/9664"}],"collection":[{"href":"https:\/\/akdenizolaygazetesi.com\/index.php?rest_route=\/wp\/v2\/posts"}],"about":[{"href":"https:\/\/akdenizolaygazetesi.com\/index.php?rest_route=\/wp\/v2\/types\/post"}],"author":[{"embeddable":true,"href":"https:\/\/akdenizolaygazetesi.com\/index.php?rest_route=\/wp\/v2\/users\/2"}],"replies":[{"embeddable":true,"href":"https:\/\/akdenizolaygazetesi.com\/index.php?rest_route=%2Fwp%2Fv2%2Fcomments&post=9664"}],"version-history":[{"count":2,"href":"https:\/\/akdenizolaygazetesi.com\/index.php?rest_route=\/wp\/v2\/posts\/9664\/revisions"}],"predecessor-version":[{"id":9668,"href":"https:\/\/akdenizolaygazetesi.com\/index.php?rest_route=\/wp\/v2\/posts\/9664\/revisions\/9668"}],"wp:featuredmedia":[{"embeddable":true,"href":"https:\/\/akdenizolaygazetesi.com\/index.php?rest_route=\/wp\/v2\/media\/9667"}],"wp:attachment":[{"href":"https:\/\/akdenizolaygazetesi.com\/index.php?rest_route=%2Fwp%2Fv2%2Fmedia&parent=9664"}],"wp:term":[{"taxonomy":"category","embeddable":true,"href":"https:\/\/akdenizolaygazetesi.com\/index.php?rest_route=%2Fwp%2Fv2%2Fcategories&post=9664"},{"taxonomy":"post_tag","embeddable":true,"href":"https:\/\/akdenizolaygazetesi.com\/index.php?rest_route=%2Fwp%2Fv2%2Ftags&post=9664"}],"curies":[{"name":"wp","href":"https:\/\/api.w.org\/{rel}","templated":true}]}}