{"id":9679,"date":"2020-12-18T10:37:19","date_gmt":"2020-12-18T07:37:19","guid":{"rendered":"http:\/\/akdenizolaygazetesi.com\/?p=9679"},"modified":"2020-12-18T10:37:55","modified_gmt":"2020-12-18T07:37:55","slug":"ana-caddeler-uzerinde-degisim-basladi","status":"publish","type":"post","link":"https:\/\/akdenizolaygazetesi.com\/?p=9679","title":{"rendered":"Ana caddeler \u00fczerinde de\u011fi\u015fim ba\u015flad\u0131"},"content":{"rendered":"<p>Akdeniz Belediyesi, halk sa\u011fl\u0131\u011f\u0131n\u0131n korunmas\u0131 ile temiz ve sa\u011fl\u0131kl\u0131 bir kent i\u00e7in eskiyen \u00e7\u00f6p konteyn\u0131rlar\u0131n\u0131 yenisiyle de\u011fi\u015ftiriyor.<br \/>\nTemiz ve sa\u011fl\u0131kl\u0131 bir \u00e7evre ve kent i\u00e7in g\u00fc\u00e7lendirilmi\u015f ara\u00e7 ve ekipman ile 7\/24 hizmet veren Akdeniz Belediyesi \u00c7evre Koruma ve Kontrol M\u00fcd\u00fcrl\u00fc\u011f\u00fc, il\u00e7e genelinde bulunan ve zaman i\u00e7inde eskiyen, \u00f6mr\u00fcn\u00fc tamamlayan \u00e7\u00f6p konteyn\u0131rlar\u0131n\u0131 yenilemeye devam ediyor.<br \/>\nAna caddeler \u00fczerinde de\u011fi\u015fim ba\u015flad\u0131<br \/>\nAkdeniz il\u00e7e genelinde devam eden \u00e7\u00f6p konteyn\u0131rlar\u0131n\u0131n de\u011fi\u015fimi kapsam\u0131nda, \u00c7evre Koruma M\u00fcd\u00fcrl\u00fc\u011f\u00fc\u2019ne ba\u011fl\u0131 ekipler taraf\u0131ndan insan, ara\u00e7 ve i\u015fyeri yo\u011funlu\u011fun \u00e7ok oldu\u011fu Kuvvai Milliye (Hastane), Mehmet Akif Ersoy ile Fabrikalar Caddesi \u00fczerinde bulunan eski \u00e7\u00f6p konteyn\u0131rlar\u0131 yenileri ile de\u011fi\u015ftirildi.<br \/>\nAkdeniz sakinlerinden gelen taleplerin yan\u0131 s\u0131ra, g\u00f6revli ekiplerin sahadaki incelemelerinde, \u00f6mr\u00fcn\u00fc tamamlad\u0131\u011f\u0131 veya zarar g\u00f6rd\u00fc\u011f\u00fc tespit edilen \u00e7\u00f6p konteyn\u0131rlar\u0131 da yenileri ile de\u011fi\u015ftiriliyor.<br \/>\nYeniden kullan\u0131labilece\u011fi belirlenen konteyn\u0131rlar ise, belediyenin makine ikmal sahas\u0131nda tadilattan ge\u00e7irilip ihtiya\u00e7 duyan sokaklara konuyor. Bu sayede Akdeniz Belediyesi, \u00f6nemli bir maliyetten de kurtulmu\u015f oluyor.<br \/>\n\u00d6te yandan, Koronavir\u00fcs (Covi19) salg\u0131n\u0131na kar\u015f\u0131 al\u0131nan tedbirler kapsam\u0131nda ekipler, t\u00fcm il\u00e7e genelinde bulunan \u00e7\u00f6p konteyn\u0131rlar\u0131n\u0131 ila\u00e7l\u0131 su ile y\u0131kay\u0131p dezenfekte etmeye de aral\u0131ks\u0131z devam ediyor.<\/p>\n","protected":false},"excerpt":{"rendered":"<p>Akdeniz Belediyesi, halk sa\u011fl\u0131\u011f\u0131n\u0131n korunmas\u0131 ile temiz ve sa\u011fl\u0131kl\u0131 bir kent i\u00e7in eskiyen \u00e7\u00f6p konteyn\u0131rlar\u0131n\u0131 yenisiyle de\u011fi\u015ftiriyor. Temiz ve sa\u011fl\u0131kl\u0131 bir \u00e7evre ve kent i\u00e7in g\u00fc\u00e7lendirilmi\u015f ara\u00e7 ve ekipman ile &hellip; <a href=\"https:\/\/akdenizolaygazetesi.com\/?p=9679\" class=\"more-link\">Devam\u0131n\u0131 Oku&#8230;<\/a><\/p>\n","protected":false},"author":2,"featured_media":9681,"comment_status":"open","ping_status":"open","sticky":false,"template":"","format":"standard","meta":[],"categories":[1,2,5],"tags":[],"_links":{"self":[{"href":"https:\/\/akdenizolaygazetesi.com\/index.php?rest_route=\/wp\/v2\/posts\/9679"}],"collection":[{"href":"https:\/\/akdenizolaygazetesi.com\/index.php?rest_route=\/wp\/v2\/posts"}],"about":[{"href":"https:\/\/akdenizolaygazetesi.com\/index.php?rest_route=\/wp\/v2\/types\/post"}],"author":[{"embeddable":true,"href":"https:\/\/akdenizolaygazetesi.com\/index.php?rest_route=\/wp\/v2\/users\/2"}],"replies":[{"embeddable":true,"href":"https:\/\/akdenizolaygazetesi.com\/index.php?rest_route=%2Fwp%2Fv2%2Fcomments&post=9679"}],"version-history":[{"count":2,"href":"https:\/\/akdenizolaygazetesi.com\/index.php?rest_route=\/wp\/v2\/posts\/9679\/revisions"}],"predecessor-version":[{"id":9682,"href":"https:\/\/akdenizolaygazetesi.com\/index.php?rest_route=\/wp\/v2\/posts\/9679\/revisions\/9682"}],"wp:featuredmedia":[{"embeddable":true,"href":"https:\/\/akdenizolaygazetesi.com\/index.php?rest_route=\/wp\/v2\/media\/9681"}],"wp:attachment":[{"href":"https:\/\/akdenizolaygazetesi.com\/index.php?rest_route=%2Fwp%2Fv2%2Fmedia&parent=9679"}],"wp:term":[{"taxonomy":"category","embeddable":true,"href":"https:\/\/akdenizolaygazetesi.com\/index.php?rest_route=%2Fwp%2Fv2%2Fcategories&post=9679"},{"taxonomy":"post_tag","embeddable":true,"href":"https:\/\/akdenizolaygazetesi.com\/index.php?rest_route=%2Fwp%2Fv2%2Ftags&post=9679"}],"curies":[{"name":"wp","href":"https:\/\/api.w.org\/{rel}","templated":true}]}}